{"id":8330,"date":"2026-07-03T14:32:35","date_gmt":"2026-07-03T12:32:35","guid":{"rendered":"https:\/\/salumitalia.it\/?p=8330"},"modified":"2026-07-31T14:02:19","modified_gmt":"2026-07-31T12:02:19","slug":"respirare-il-futuro-trentanni-delle-tre-dop-piacentine","status":"publish","type":"post","link":"https:\/\/salumitalia.it\/fr\/news\/respirare-il-futuro-trentanni-delle-tre-dop-piacentine\/","title":{"rendered":"&#8220;RESPIRARE IL FUTURO&#8221;: TRENT\u2019ANNI DELLE TRE DOP PIACENTINE"},"content":{"rendered":"<p><strong><em>Coppa Piacentina, Salame Piacentino e Pancetta Piacentina festeggiano il trentennale dal riconoscimento UE. <\/em><\/strong><\/p>\n<p><strong><em>Un convegno-evento per trasformare il patrimonio storico in leva strategica per le PMI e i giovani.<\/em><\/strong><\/p>\n<p>Non un semplice momento celebrativo, ma un atto di responsabilit\u00e0 istituzionale ed economica per proiettare nel futuro un patrimonio unico al mondo. La splendida cornice di Palazzo Gotico ha ospitato, nei giorni scorsi, il convegno <strong>\u201cRespirare il Futuro\u201d<\/strong>, un evento di altissimo profilo nato per celebrare il trentennale dal riconoscimento della Denominazione di Origine Protetta (DOP) da parte della Commissione Europea per la <strong>Coppa piacentina, il Salame piacentino e la Pancetta piacentina<\/strong> (avvenuto il 2 luglio del 1996).<\/p>\n<p>Questo storico traguardo rende tutt&#8217;oggi Piacenza l\u2019unica provincia europea a vantare ben tre DOP nel settore della salumeria. A guidare le celebrazioni e a tracciare la rotta per i prossimi anni sono stati il <strong>Consorzio Salumi Tipici Piacentini<\/strong> (nato nel 1971) e il <strong>Consorzio di Tutela Salumi DOP Piacentini<\/strong> (attivo dal 2005), oggi uniti in una governance unitaria e in totale co-progettazione.<\/p>\n<p>Il cuore del convegno <strong>\u201cRespirare il Futuro\u201d<\/strong> \u00e8 stato introdotto dal Presidente del Consorzio, <strong>Antonio Grossetti<\/strong>, che ha voluto ricordare le radici di questo successo proiettandole in avanti:<\/p>\n<p><em>\u00abNon dobbiamo mai dimenticare da dove veniamo e gli enormi sacrifici compiuti dai nostri genitori per proporre prodotti di \u201ctalento\u201d, qualcosa di diverso. Dai primi passi del dopoguerra a oggi c&#8217;\u00e8 stata una costante evoluzione, sempre guidata dall&#8217;assioma della qualit\u00e0. Grazie anche al Distretto dei salumi, abbiamo la consapevolezza di consegnare questo patrimonio ai tantissimi giovani che stanno subentrando nelle aziende\u00bb.<\/em><\/p>\n<p>Il Direttore <strong>Roberto Belli<\/strong> ha poi declinato concretamente cosa significhi per il territorio <strong>&#8220;Respirare il futuro&#8221;<\/strong>:<\/p>\n<p><em>\u00abSiamo un Consorzio piccolo ma coeso, capace di adattarsi ai cambiamenti dei mercati. Chi ha iniziato questa avventura 30 anni fa non avrebbe mai immaginato un riconoscimento cos\u00ec importante a livello mondiale. Le sfide dei prossimi 30 anni sono infinite: l&#8217;obiettivo \u00e8 mantenere altissima la qualit\u00e0, perseguire una filiera 100% piacentina e sfruttare le nuove normative europee che permettono ai Consorzi di interagire strettamente con il sistema turistico e alberghiero del territorio\u00bb.<\/em><\/p>\n<p><a href=\"https:\/\/salumitalia.it\/news\/respirare-il-futuro-trentanni-delle-tre-dop-piacentine\/attachment\/1-13\/\" rel=\"attachment wp-att-8331\"><img loading=\"lazy\" decoding=\"async\" class=\"aligncenter wp-image-8331 \" src=\"https:\/\/salumitalia.it\/wp-content\/uploads\/2026\/07\/1-1-300x225.jpg\" alt=\"\" width=\"515\" height=\"386\" srcset=\"https:\/\/salumitalia.it\/wp-content\/uploads\/2026\/07\/1-1-300x225.jpg 300w, https:\/\/salumitalia.it\/wp-content\/uploads\/2026\/07\/1-1-1024x769.jpg 1024w, https:\/\/salumitalia.it\/wp-content\/uploads\/2026\/07\/1-1-768x577.jpg 768w, https:\/\/salumitalia.it\/wp-content\/uploads\/2026\/07\/1-1.jpg 1260w\" sizes=\"auto, (max-width: 515px) 100vw, 515px\" \/><\/a><\/p>\n<p>A dare il via ai lavori, sotto la sapiente moderazione del conduttore <strong>Patrizio Roversi<\/strong>, \u00e8 stata una coinvolgente introduzione teatrale firmata dagli attori Corrado Calda e Gianluigi Gandini, bravi nel far rivivere i dubbi e la lungimiranza della storica scelta strategica di entrare nel circuito delle Denominazioni Tutelate. Spazio poi ai saluti istituzionali: al videomessaggio del Ministro dell\u2019Agricoltura, della Sovranit\u00e0 Alimentare e delle Foreste, Francesco Lollobrigida, si \u00e8 unito l&#8217;omaggio del Sindaco Katia Tarasconi, che ha definito il Consorzio <em>\u00abil simbolo di identit\u00e0 di tutto un territorio\u00bb<\/em>.<\/p>\n<p>&nbsp;<\/p>\n<p>&nbsp;<\/p>\n<p><a href=\"https:\/\/salumitalia.it\/news\/respirare-il-futuro-trentanni-delle-tre-dop-piacentine\/attachment\/relatori-convegno\/\" rel=\"attachment wp-att-8368\"><img loading=\"lazy\" decoding=\"async\" class=\"aligncenter wp-image-8368 \" src=\"https:\/\/salumitalia.it\/wp-content\/uploads\/2026\/07\/Relatori-Convegno-300x225.jpeg\" alt=\"\" width=\"570\" height=\"428\" srcset=\"https:\/\/salumitalia.it\/wp-content\/uploads\/2026\/07\/Relatori-Convegno-300x225.jpeg 300w, https:\/\/salumitalia.it\/wp-content\/uploads\/2026\/07\/Relatori-Convegno-1024x768.jpeg 1024w, https:\/\/salumitalia.it\/wp-content\/uploads\/2026\/07\/Relatori-Convegno-768x576.jpeg 768w, https:\/\/salumitalia.it\/wp-content\/uploads\/2026\/07\/Relatori-Convegno-1536x1152.jpeg 1536w, https:\/\/salumitalia.it\/wp-content\/uploads\/2026\/07\/Relatori-Convegno.jpeg 1600w\" sizes=\"auto, (max-width: 570px) 100vw, 570px\" \/><\/a><\/p>\n<p>La sessione centrale dell&#8217;incontro, intitolata <strong>\u201cRespirare il Futuro, Coltivare la Tradizione: i 30 anni delle DOP Piacentine tra storia e visione\u201d<\/strong>, ha visto l&#8217;analisi scientifica e di mercato affidata a <strong>Nomisma<\/strong>, con gli interventi di Paolo De Castro (Presidente NOMISMA) e Chiara Volpato. <strong>De Castro<\/strong>, protagonista a Bruxelles del nuovo Regolamento UE sulle Indicazioni Geografiche (Reg. UE 1143\/2024), ha evidenziato come le IG valgano oggi 80 miliardi di euro per l&#8217;Europa, offrendo maggiore tutela online e semplificazione. <strong>Chiara Volpato<\/strong> ha confermato l&#8217;ottima percezione delle DOP tra i consumatori, sottolineando la necessit\u00e0 di investire ancora sulla comunicazione del valore del prodotto. L&#8217;aspetto scientifico \u00e8 stato invece curato dal Prof. <strong>Aldo Prandini<\/strong> (Universit\u00e0 Cattolica del Sacro Cuore) che, insieme ad <strong>Alex Revelli Sorini<\/strong> (Universit\u00e0 San Raffaele di Roma), ha dimostrato come la stagionatura piacentina sia un vero <em>\u00abcapolavoro della natura\u00bb<\/em>, fondamentale sia per le propriet\u00e0 organolettiche sia per la digeribilit\u00e0 del prodotto.<\/p>\n<p>&nbsp;<\/p>\n<p><a href=\"https:\/\/salumitalia.it\/news\/respirare-il-futuro-trentanni-delle-tre-dop-piacentine\/attachment\/immagine_1-2\/\" rel=\"attachment wp-att-8335\"><img loading=\"lazy\" decoding=\"async\" class=\"aligncenter wp-image-8335 \" src=\"https:\/\/salumitalia.it\/wp-content\/uploads\/2026\/07\/Immagine_1-300x198.jpg\" alt=\"\" width=\"541\" height=\"357\" srcset=\"https:\/\/salumitalia.it\/wp-content\/uploads\/2026\/07\/Immagine_1-300x198.jpg 300w, https:\/\/salumitalia.it\/wp-content\/uploads\/2026\/07\/Immagine_1-1024x676.jpg 1024w, https:\/\/salumitalia.it\/wp-content\/uploads\/2026\/07\/Immagine_1-768x507.jpg 768w, https:\/\/salumitalia.it\/wp-content\/uploads\/2026\/07\/Immagine_1-1536x1014.jpg 1536w, https:\/\/salumitalia.it\/wp-content\/uploads\/2026\/07\/Immagine_1.jpg 1600w\" sizes=\"auto, (max-width: 541px) 100vw, 541px\" \/><\/a><\/p>\n<p><strong><u>Il dibattito sul futuro della filiera<\/u><\/strong><\/p>\n<p>Il focus si \u00e8 poi spostato sulla tavola rotonda politica ed economica, che ha visto la partecipazione dell&#8217;Europarlamentare <strong>Stefano Bonaccini<\/strong>, dell&#8217;Assessore all&#8217;Agricoltura della Regione Emilia-Romagna <strong>Alessio Mammi<\/strong>, di <strong>Cesare Baldrighi<\/strong> (Presidente Origin Italia), <strong>Cristiano Costantino Loddo<\/strong> (Direttore Salumitalia), <strong>Filippo Cella<\/strong> (Vicepresidente Camera di Commercio dell\u2019Emilia) e <strong>Jonathan Papamarenghi<\/strong> (Amministrazione Provinciale di Piacenza).<\/p>\n<p>Nel corso del Convegno \u00e8 emersa una visione condivisa sul ruolo strategico delle produzioni DOP e IGP per il futuro dell&#8217;agroalimentare italiano. Gli interventi hanno evidenziato la necessit\u00e0 di tutelare le risorse destinate alla PAC e ai fondi per la promozione, considerati strumenti essenziali per sostenere competitivit\u00e0 ed export. \u00c8 stato inoltre ribadito il valore economico, culturale e sociale delle produzioni certificate, che rappresentano un patrimonio fondamentale per l&#8217;Emilia-Romagna e per il Paese. Accanto a questo, \u00e8 stato sottolineato come le sfide della digitalizzazione, dell&#8217;internazionalizzazione e di una comunicazione capace di valorizzare l&#8217;identit\u00e0 dei territori richiedano una filiera sempre pi\u00f9 unita. In quest&#8217;ottica, la coesione tra gli operatori e il mantenimento di un rigoroso sistema di controlli sono stati indicati come elementi imprescindibili per rafforzare la fiducia dei consumatori e sostenere lo sviluppo delle eccellenze DOP e IGP.<\/p>\n<p><strong><u>La festa, le premiazioni e l&#8217;AperiDOP d&#8217;autore<\/u><\/strong><\/p>\n<p>Dopo la consegna dei riconoscimenti alle aziende associate che hanno fatto la storia del Consorzio, le celebrazioni si sono spostate sul lato conviviale con un esclusivo <strong>&#8220;AperiDOP&#8221;<\/strong>.<\/p>\n<p>Il maestro dei panini <strong>Daniele Reponi<\/strong> ha estasiato i presenti con il panino <em>\u201cAll\u2019infinito\u201d<\/em>, creato appositamente per il trentennale, mentre lo Chef <strong>Matteo Castignoli <\/strong>ha deliziato i palati con il tradizionale <em>\u201cchissolino\u201d<\/em> proposto in abbinamento alle tre DOP in purezza. Il buffet scenografico \u00e8 stato curato dai Professori Antonio D\u2019Antonio (sala) e Carmine Brutto (cucina), con i vini piacentini della <strong>\u201cTenuta Mulino Segalini\u201d<\/strong> serviti dai sommelier AIS di Piacenza. A chiudere la serata, la torta celebrativa del maestro gelatiere <strong>Mil Sabores<\/strong> e le celebri arie verdiane eseguite dal Maestro <strong>Corrado Casati<\/strong> e dagli allievi del <strong>Conservatorio Nicolini<\/strong>.<\/p>\n<p><a href=\"https:\/\/salumitalia.it\/news\/respirare-il-futuro-trentanni-delle-tre-dop-piacentine\/attachment\/immagine_3\/\" rel=\"attachment wp-att-8343\"><img loading=\"lazy\" decoding=\"async\" class=\"aligncenter wp-image-8343 \" src=\"https:\/\/salumitalia.it\/wp-content\/uploads\/2026\/07\/Immagine_3-300x200.jpg\" alt=\"\" width=\"551\" height=\"367\" srcset=\"https:\/\/salumitalia.it\/wp-content\/uploads\/2026\/07\/Immagine_3-300x200.jpg 300w, https:\/\/salumitalia.it\/wp-content\/uploads\/2026\/07\/Immagine_3-1024x683.jpg 1024w, https:\/\/salumitalia.it\/wp-content\/uploads\/2026\/07\/Immagine_3-768x512.jpg 768w, https:\/\/salumitalia.it\/wp-content\/uploads\/2026\/07\/Immagine_3-1536x1024.jpg 1536w, https:\/\/salumitalia.it\/wp-content\/uploads\/2026\/07\/Immagine_3.jpg 1600w\" sizes=\"auto, (max-width: 551px) 100vw, 551px\" \/><\/a><a href=\"https:\/\/salumitalia.it\/news\/respirare-il-futuro-trentanni-delle-tre-dop-piacentine\/attachment\/immagine_2-2\/\" rel=\"attachment wp-att-8339\"><img loading=\"lazy\" decoding=\"async\" class=\"aligncenter wp-image-8339 \" src=\"https:\/\/salumitalia.it\/wp-content\/uploads\/2026\/07\/Immagine_2-300x200.jpg\" alt=\"\" width=\"539\" height=\"360\" srcset=\"https:\/\/salumitalia.it\/wp-content\/uploads\/2026\/07\/Immagine_2-300x200.jpg 300w, https:\/\/salumitalia.it\/wp-content\/uploads\/2026\/07\/Immagine_2-1024x683.jpg 1024w, https:\/\/salumitalia.it\/wp-content\/uploads\/2026\/07\/Immagine_2-768x512.jpg 768w, https:\/\/salumitalia.it\/wp-content\/uploads\/2026\/07\/Immagine_2-1536x1024.jpg 1536w, https:\/\/salumitalia.it\/wp-content\/uploads\/2026\/07\/Immagine_2.jpg 1600w\" sizes=\"auto, (max-width: 539px) 100vw, 539px\" \/><\/a><\/p>\n<p>&nbsp;<\/p>\n<p>&nbsp;<\/p>\n","protected":false},"excerpt":{"rendered":"<p>Coppa Piacentina, Salame Piacentino e Pancetta Piacentina festeggiano il trentennale dal riconoscimento UE. Un convegno-evento per trasformare il patrimonio storico in leva strategica per le PMI e i giovani. Non [&hellip;]<\/p>\n","protected":false},"author":8,"featured_media":8352,"comment_status":"closed","ping_status":"closed","sticky":false,"template":"","format":"standard","meta":{"_acf_changed":false,"footnotes":""},"categories":[1],"tags":[],"class_list":["post-8330","post","type-post","status-publish","format-standard","has-post-thumbnail","hentry","category-news"],"acf":[],"yoast_head":"<!-- This site is optimized with the Yoast SEO plugin v24.8.1 - https:\/\/yoast.com\/wordpress\/plugins\/seo\/ -->\n<title>Salumi Italia - &quot;RESPIRARE IL FUTURO&quot;: TRENT\u2019ANNI DELLE TRE DOP PIACENTINE<\/title>\n<meta name=\"robots\" content=\"index, follow, max-snippet:-1, max-image-preview:large, max-video-preview:-1\" \/>\n<link rel=\"canonical\" href=\"https:\/\/salumitalia.it\/news\/respirare-il-futuro-trentanni-delle-tre-dop-piacentine\/\" \/>\n<meta property=\"og:locale\" content=\"fr_FR\" \/>\n<meta property=\"og:type\" content=\"article\" \/>\n<meta property=\"og:title\" content=\"Salumi Italia - &quot;RESPIRARE IL FUTURO&quot;: TRENT\u2019ANNI DELLE TRE DOP PIACENTINE\" \/>\n<meta property=\"og:description\" content=\"Coppa Piacentina, Salame Piacentino e Pancetta Piacentina festeggiano il trentennale dal riconoscimento UE. Un convegno-evento per trasformare il patrimonio storico in leva strategica per le PMI e i giovani. Non [&hellip;]\" \/>\n<meta property=\"og:url\" content=\"https:\/\/salumitalia.it\/news\/respirare-il-futuro-trentanni-delle-tre-dop-piacentine\/\" \/>\n<meta property=\"og:site_name\" content=\"Salumi Italia\" \/>\n<meta property=\"article:published_time\" content=\"2026-07-03T12:32:35+00:00\" \/>\n<meta property=\"article:modified_time\" content=\"2026-07-31T12:02:19+00:00\" \/>\n<meta property=\"og:image\" content=\"https:\/\/salumitalia.it\/wp-content\/uploads\/2026\/07\/piacentini-copia.jpg\" \/>\n\t<meta property=\"og:image:width\" content=\"1181\" \/>\n\t<meta property=\"og:image:height\" content=\"1181\" \/>\n\t<meta property=\"og:image:type\" content=\"image\/jpeg\" \/>\n<meta name=\"author\" content=\"andreap\" \/>\n<meta name=\"twitter:card\" content=\"summary_large_image\" \/>\n<meta name=\"twitter:label1\" content=\"Written by\" \/>\n\t<meta name=\"twitter:data1\" content=\"andreap\" \/>\n\t<meta name=\"twitter:label2\" content=\"Est. reading time\" \/>\n\t<meta name=\"twitter:data2\" content=\"7 minutes\" \/>\n<script type=\"application\/ld+json\" class=\"yoast-schema-graph\">{\"@context\":\"https:\/\/schema.org\",\"@graph\":[{\"@type\":\"WebPage\",\"@id\":\"https:\/\/salumitalia.it\/news\/respirare-il-futuro-trentanni-delle-tre-dop-piacentine\/\",\"url\":\"https:\/\/salumitalia.it\/news\/respirare-il-futuro-trentanni-delle-tre-dop-piacentine\/\",\"name\":\"Salumi Italia - \\\"RESPIRARE IL FUTURO\\\": TRENT\u2019ANNI DELLE TRE DOP PIACENTINE\",\"isPartOf\":{\"@id\":\"https:\/\/salumitalia.it\/#website\"},\"primaryImageOfPage\":{\"@id\":\"https:\/\/salumitalia.it\/news\/respirare-il-futuro-trentanni-delle-tre-dop-piacentine\/#primaryimage\"},\"image\":{\"@id\":\"https:\/\/salumitalia.it\/news\/respirare-il-futuro-trentanni-delle-tre-dop-piacentine\/#primaryimage\"},\"thumbnailUrl\":\"https:\/\/salumitalia.it\/wp-content\/uploads\/2026\/07\/piacentini-copia.jpg\",\"datePublished\":\"2026-07-03T12:32:35+00:00\",\"dateModified\":\"2026-07-31T12:02:19+00:00\",\"author\":{\"@id\":\"https:\/\/salumitalia.it\/#\/schema\/person\/3874baf67ccdb44dd23f99127289b14e\"},\"breadcrumb\":{\"@id\":\"https:\/\/salumitalia.it\/news\/respirare-il-futuro-trentanni-delle-tre-dop-piacentine\/#breadcrumb\"},\"inLanguage\":\"fr-FR\",\"potentialAction\":[{\"@type\":\"ReadAction\",\"target\":[\"https:\/\/salumitalia.it\/news\/respirare-il-futuro-trentanni-delle-tre-dop-piacentine\/\"]}]},{\"@type\":\"ImageObject\",\"inLanguage\":\"fr-FR\",\"@id\":\"https:\/\/salumitalia.it\/news\/respirare-il-futuro-trentanni-delle-tre-dop-piacentine\/#primaryimage\",\"url\":\"https:\/\/salumitalia.it\/wp-content\/uploads\/2026\/07\/piacentini-copia.jpg\",\"contentUrl\":\"https:\/\/salumitalia.it\/wp-content\/uploads\/2026\/07\/piacentini-copia.jpg\",\"width\":1181,\"height\":1181},{\"@type\":\"BreadcrumbList\",\"@id\":\"https:\/\/salumitalia.it\/news\/respirare-il-futuro-trentanni-delle-tre-dop-piacentine\/#breadcrumb\",\"itemListElement\":[{\"@type\":\"ListItem\",\"position\":1,\"name\":\"Home\",\"item\":\"https:\/\/salumitalia.it\/fr\/\"},{\"@type\":\"ListItem\",\"position\":2,\"name\":\"&#8220;RESPIRARE IL FUTURO&#8221;: TRENT\u2019ANNI DELLE TRE DOP PIACENTINE\"}]},{\"@type\":\"WebSite\",\"@id\":\"https:\/\/salumitalia.it\/#website\",\"url\":\"https:\/\/salumitalia.it\/\",\"name\":\"Salumi Italia\",\"description\":\"\",\"potentialAction\":[{\"@type\":\"SearchAction\",\"target\":{\"@type\":\"EntryPoint\",\"urlTemplate\":\"https:\/\/salumitalia.it\/?s={search_term_string}\"},\"query-input\":{\"@type\":\"PropertyValueSpecification\",\"valueRequired\":true,\"valueName\":\"search_term_string\"}}],\"inLanguage\":\"fr-FR\"},{\"@type\":\"Person\",\"@id\":\"https:\/\/salumitalia.it\/#\/schema\/person\/3874baf67ccdb44dd23f99127289b14e\",\"name\":\"andreap\",\"image\":{\"@type\":\"ImageObject\",\"inLanguage\":\"fr-FR\",\"@id\":\"https:\/\/salumitalia.it\/#\/schema\/person\/image\/\",\"url\":\"https:\/\/secure.gravatar.com\/avatar\/c7b59fd01eeef1a3679e704c7cd6fef67862b516f782c06db84b6ef1a267527f?s=96&d=mm&r=g\",\"contentUrl\":\"https:\/\/secure.gravatar.com\/avatar\/c7b59fd01eeef1a3679e704c7cd6fef67862b516f782c06db84b6ef1a267527f?s=96&d=mm&r=g\",\"caption\":\"andreap\"},\"url\":\"https:\/\/salumitalia.it\/fr\/author\/andreap\/\"}]}<\/script>\n<!-- \/ Yoast SEO plugin. -->","yoast_head_json":{"title":"Salumi Italia - \"RESPIRARE IL FUTURO\": TRENT\u2019ANNI DELLE TRE DOP PIACENTINE","robots":{"index":"index","follow":"follow","max-snippet":"max-snippet:-1","max-image-preview":"max-image-preview:large","max-video-preview":"max-video-preview:-1"},"canonical":"https:\/\/salumitalia.it\/news\/respirare-il-futuro-trentanni-delle-tre-dop-piacentine\/","og_locale":"fr_FR","og_type":"article","og_title":"Salumi Italia - \"RESPIRARE IL FUTURO\": TRENT\u2019ANNI DELLE TRE DOP PIACENTINE","og_description":"Coppa Piacentina, Salame Piacentino e Pancetta Piacentina festeggiano il trentennale dal riconoscimento UE. Un convegno-evento per trasformare il patrimonio storico in leva strategica per le PMI e i giovani. Non [&hellip;]","og_url":"https:\/\/salumitalia.it\/news\/respirare-il-futuro-trentanni-delle-tre-dop-piacentine\/","og_site_name":"Salumi Italia","article_published_time":"2026-07-03T12:32:35+00:00","article_modified_time":"2026-07-31T12:02:19+00:00","og_image":[{"width":1181,"height":1181,"url":"https:\/\/salumitalia.it\/wp-content\/uploads\/2026\/07\/piacentini-copia.jpg","type":"image\/jpeg"}],"author":"andreap","twitter_card":"summary_large_image","twitter_misc":{"Written by":"andreap","Est. reading time":"7 minutes"},"schema":{"@context":"https:\/\/schema.org","@graph":[{"@type":"WebPage","@id":"https:\/\/salumitalia.it\/news\/respirare-il-futuro-trentanni-delle-tre-dop-piacentine\/","url":"https:\/\/salumitalia.it\/news\/respirare-il-futuro-trentanni-delle-tre-dop-piacentine\/","name":"Salumi Italia - \"RESPIRARE IL FUTURO\": TRENT\u2019ANNI DELLE TRE DOP PIACENTINE","isPartOf":{"@id":"https:\/\/salumitalia.it\/#website"},"primaryImageOfPage":{"@id":"https:\/\/salumitalia.it\/news\/respirare-il-futuro-trentanni-delle-tre-dop-piacentine\/#primaryimage"},"image":{"@id":"https:\/\/salumitalia.it\/news\/respirare-il-futuro-trentanni-delle-tre-dop-piacentine\/#primaryimage"},"thumbnailUrl":"https:\/\/salumitalia.it\/wp-content\/uploads\/2026\/07\/piacentini-copia.jpg","datePublished":"2026-07-03T12:32:35+00:00","dateModified":"2026-07-31T12:02:19+00:00","author":{"@id":"https:\/\/salumitalia.it\/#\/schema\/person\/3874baf67ccdb44dd23f99127289b14e"},"breadcrumb":{"@id":"https:\/\/salumitalia.it\/news\/respirare-il-futuro-trentanni-delle-tre-dop-piacentine\/#breadcrumb"},"inLanguage":"fr-FR","potentialAction":[{"@type":"ReadAction","target":["https:\/\/salumitalia.it\/news\/respirare-il-futuro-trentanni-delle-tre-dop-piacentine\/"]}]},{"@type":"ImageObject","inLanguage":"fr-FR","@id":"https:\/\/salumitalia.it\/news\/respirare-il-futuro-trentanni-delle-tre-dop-piacentine\/#primaryimage","url":"https:\/\/salumitalia.it\/wp-content\/uploads\/2026\/07\/piacentini-copia.jpg","contentUrl":"https:\/\/salumitalia.it\/wp-content\/uploads\/2026\/07\/piacentini-copia.jpg","width":1181,"height":1181},{"@type":"BreadcrumbList","@id":"https:\/\/salumitalia.it\/news\/respirare-il-futuro-trentanni-delle-tre-dop-piacentine\/#breadcrumb","itemListElement":[{"@type":"ListItem","position":1,"name":"Home","item":"https:\/\/salumitalia.it\/fr\/"},{"@type":"ListItem","position":2,"name":"&#8220;RESPIRARE IL FUTURO&#8221;: TRENT\u2019ANNI DELLE TRE DOP PIACENTINE"}]},{"@type":"WebSite","@id":"https:\/\/salumitalia.it\/#website","url":"https:\/\/salumitalia.it\/","name":"Salumi Italia","description":"","potentialAction":[{"@type":"SearchAction","target":{"@type":"EntryPoint","urlTemplate":"https:\/\/salumitalia.it\/?s={search_term_string}"},"query-input":{"@type":"PropertyValueSpecification","valueRequired":true,"valueName":"search_term_string"}}],"inLanguage":"fr-FR"},{"@type":"Person","@id":"https:\/\/salumitalia.it\/#\/schema\/person\/3874baf67ccdb44dd23f99127289b14e","name":"andreap","image":{"@type":"ImageObject","inLanguage":"fr-FR","@id":"https:\/\/salumitalia.it\/#\/schema\/person\/image\/","url":"https:\/\/secure.gravatar.com\/avatar\/c7b59fd01eeef1a3679e704c7cd6fef67862b516f782c06db84b6ef1a267527f?s=96&d=mm&r=g","contentUrl":"https:\/\/secure.gravatar.com\/avatar\/c7b59fd01eeef1a3679e704c7cd6fef67862b516f782c06db84b6ef1a267527f?s=96&d=mm&r=g","caption":"andreap"},"url":"https:\/\/salumitalia.it\/fr\/author\/andreap\/"}]}},"_links":{"self":[{"href":"https:\/\/salumitalia.it\/fr\/wp-json\/wp\/v2\/posts\/8330","targetHints":{"allow":["GET"]}}],"collection":[{"href":"https:\/\/salumitalia.it\/fr\/wp-json\/wp\/v2\/posts"}],"about":[{"href":"https:\/\/salumitalia.it\/fr\/wp-json\/wp\/v2\/types\/post"}],"author":[{"embeddable":true,"href":"https:\/\/salumitalia.it\/fr\/wp-json\/wp\/v2\/users\/8"}],"replies":[{"embeddable":true,"href":"https:\/\/salumitalia.it\/fr\/wp-json\/wp\/v2\/comments?post=8330"}],"version-history":[{"count":5,"href":"https:\/\/salumitalia.it\/fr\/wp-json\/wp\/v2\/posts\/8330\/revisions"}],"predecessor-version":[{"id":8410,"href":"https:\/\/salumitalia.it\/fr\/wp-json\/wp\/v2\/posts\/8330\/revisions\/8410"}],"wp:featuredmedia":[{"embeddable":true,"href":"https:\/\/salumitalia.it\/fr\/wp-json\/wp\/v2\/media\/8352"}],"wp:attachment":[{"href":"https:\/\/salumitalia.it\/fr\/wp-json\/wp\/v2\/media?parent=8330"}],"wp:term":[{"taxonomy":"category","embeddable":true,"href":"https:\/\/salumitalia.it\/fr\/wp-json\/wp\/v2\/categories?post=8330"},{"taxonomy":"post_tag","embeddable":true,"href":"https:\/\/salumitalia.it\/fr\/wp-json\/wp\/v2\/tags?post=8330"}],"curies":[{"name":"wp","href":"https:\/\/api.w.org\/{rel}","templated":true}]}}