{"id":7391,"date":"2026-02-27T13:58:03","date_gmt":"2026-02-27T12:58:03","guid":{"rendered":"https:\/\/salumitalia.it\/?p=7391"},"modified":"2026-03-02T09:39:54","modified_gmt":"2026-03-02T08:39:54","slug":"la-parola-a-14","status":"publish","type":"post","link":"https:\/\/salumitalia.it\/fr\/news\/la-parola-a-14\/","title":{"rendered":"LA PAROLA A.."},"content":{"rendered":"<h5><span style=\"color: #543702;\"><strong><span class=\"tinyMce-placeholder\">MARTIN KNOLL, DIRETTORE DEL CONSORZIO TUTELA SPECK ALTO ADIGE\u00a0<\/span><\/strong><\/span><\/h5>\n<ul>\n<li><strong>Direttore, il 2025 si chiude in un contesto economico complesso. Che bilancio dell\u2019anno ci pu\u00f2 riassumere per lo Speck Alto Adige IGP?<\/strong><\/li>\n<\/ul>\n<p>Il 2025 \u00e8 stato senza dubbio un anno impegnativo, ma allo stesso tempo di consolidamento strategico per il nostro Consorzio. <strong>Abbiamo certificato 2.551.323 baffe di Speck Alto Adige IGP<\/strong>, pari al 39,2% della produzione complessiva delle aziende associate. Un dato che, pur registrando una lieve flessione rispetto all\u2019anno precedente, conferma il ruolo centrale dell\u2019IGP nel posizionamento qualitativo del prodotto.<\/p>\n<p>Il mercato italiano si conferma il nostro principale punto di riferimento, assorbendo il 68% della produzione, con una forte concentrazione in Alto Adige e nel Nord Italia e una crescita progressiva nel Centro e Sud del Paese. <strong>L\u2019export rappresenta il 32% dei volumi<\/strong>:<strong> la Germania<\/strong> resta il <strong>primo mercato estero<\/strong> con il 24,8%, seguita da Stati Uniti, Francia, Svizzera e Austria. Sono numeri che dimostrano la solidit\u00e0 della nostra filiera produttiva, composta da 26 produttori, e la capacit\u00e0 di mantenere competitivit\u00e0 anche in uno scenario sfidante.<\/p>\n<ul>\n<li><strong>Qualit\u00e0 e tutela del marchio sono da sempre pilastri della vostra attivit\u00e0. Quali azioni concrete avete portato avanti nel 2025?<\/strong><\/li>\n<\/ul>\n<p>La qualit\u00e0 \u00e8 da sempre il fondamento della nostra denominazione. <strong>Nel 2025<\/strong> abbiamo effettuato <strong>370 visite ispettive lungo la filiera<\/strong>, controllando oltre 100.500 cosce fresche e 54.800 baffe stagionate, oltre a svolgere analisi microbiologiche e organolettiche sul prodotto finito.<\/p>\n<p>Abbiamo inoltre <strong>monitorato 1.336 punti vendita in Italia e 100 all\u2019estero<\/strong> per verificare la corretta etichettatura, raggiungendo un <strong>tasso di conformit\u00e0 del 93,8%.<\/strong> Un risultato molto positivo.<\/p>\n<p>La collaborazione con il Controllo Qualit\u00e0 Alto Adige (SQK) si \u00e8 ulteriormente rafforzata: <strong>nel 2025 sono stati effettuati sopralluoghi in 209 punti vendita tra il Nord Italia e la Germania meridionale, con 632 campioni controllati su 1.887 ispezioni complessive<\/strong>. Solo nel 2% dei casi sono emerse lievi non conformit\u00e0, esclusivamente di carattere estetico. Questo conferma l\u2019elevatissima coerenza qualitativa del nostro prodotto.<\/p>\n<p>A supporto di tutto ci\u00f2, \u00e8 entrato pienamente a regime il nuovo portale digitale di certificazione, uno strumento strategico per la tracciabilit\u00e0, la gestione dei dati produttivi e la rendicontazione in ambito sostenibilit\u00e0.<\/p>\n<ul>\n<li><strong>Il 2026 segner\u00e0 i 30 anni dal riconoscimento come IGP. Come vi state preparando e quali sono le prospettive future?<\/strong><\/li>\n<\/ul>\n<p><strong>Il traguardo dei 30 anni<\/strong> <strong>rappresenta<\/strong> per noi non solo una celebrazione, ma <strong>un momento di riflessione e rilancio<\/strong>. In questi tre decenni lo Speck Alto Adige IGP \u00e8 diventato simbolo del nostro territorio e della nostra competenza produttiva.<\/p>\n<p>Nel 2025 abbiamo investito molto in comunicazione e promozione, con la <strong>campagna televisiva nazionale \u201cUNESPECKTED<\/strong>: il secondo che non ti aspeckti\u201d, eventi di grande richiamo come la Festa dello Speck a Brunico e una prestigiosa partnership con i Giochi Olimpici e Paralimpici Invernali Milano Cortina 2026, che ci sta offrendo una vetrina internazionale straordinaria.<\/p>\n<p>Abbiamo inoltre proseguito i progetti europei e le attivit\u00e0 di internazionalizzazione, senza dimenticare <strong>l\u2019impegno formativo: oltre 12.000 alunni di 427 scuole primarie in Lombardia e Veneto<\/strong> sono stati coinvolti in iniziative didattiche dedicate.<\/p>\n<p>Guardando al 2026, continueremo a lavorare con visione e responsabilit\u00e0 per rafforzare ulteriormente qualit\u00e0, tutela del marchio e presenza sui mercati. I 30 anni dell\u2019IGP saranno l\u2019occasione per raccontare l\u2019evoluzione di un prodotto che, anno dopo anno, ha saputo coniugare tradizione e innovazione.<\/p>\n","protected":false},"excerpt":{"rendered":"<p>MARTIN KNOLL, DIRETTORE DEL CONSORZIO TUTELA SPECK ALTO ADIGE\u00a0 Direttore, il 2025 si chiude in un contesto economico complesso. Che bilancio dell\u2019anno ci pu\u00f2 riassumere per lo Speck Alto Adige [&hellip;]<\/p>\n","protected":false},"author":8,"featured_media":7392,"comment_status":"closed","ping_status":"closed","sticky":false,"template":"","format":"standard","meta":{"_acf_changed":false,"footnotes":""},"categories":[1],"tags":[],"class_list":["post-7391","post","type-post","status-publish","format-standard","has-post-thumbnail","hentry","category-news"],"acf":[],"yoast_head":"<!-- This site is optimized with the Yoast SEO plugin v24.8.1 - https:\/\/yoast.com\/wordpress\/plugins\/seo\/ -->\n<title>Salumi Italia - LA PAROLA A..<\/title>\n<meta name=\"robots\" content=\"index, follow, max-snippet:-1, max-image-preview:large, max-video-preview:-1\" \/>\n<link rel=\"canonical\" href=\"https:\/\/salumitalia.it\/news\/la-parola-a-14\/\" \/>\n<meta property=\"og:locale\" content=\"fr_FR\" \/>\n<meta property=\"og:type\" content=\"article\" \/>\n<meta property=\"og:title\" content=\"Salumi Italia - LA PAROLA A..\" \/>\n<meta property=\"og:description\" content=\"MARTIN KNOLL, DIRETTORE DEL CONSORZIO TUTELA SPECK ALTO ADIGE\u00a0 Direttore, il 2025 si chiude in un contesto economico complesso. Che bilancio dell\u2019anno ci pu\u00f2 riassumere per lo Speck Alto Adige [&hellip;]\" \/>\n<meta property=\"og:url\" content=\"https:\/\/salumitalia.it\/news\/la-parola-a-14\/\" \/>\n<meta property=\"og:site_name\" content=\"Salumi Italia\" \/>\n<meta property=\"article:published_time\" content=\"2026-02-27T12:58:03+00:00\" \/>\n<meta property=\"article:modified_time\" content=\"2026-03-02T08:39:54+00:00\" \/>\n<meta property=\"og:image\" content=\"https:\/\/salumitalia.it\/wp-content\/uploads\/2026\/02\/speck_FEBBRAIO-copia-1.jpg\" \/>\n\t<meta property=\"og:image:width\" content=\"1181\" \/>\n\t<meta property=\"og:image:height\" content=\"1181\" \/>\n\t<meta property=\"og:image:type\" content=\"image\/jpeg\" \/>\n<meta name=\"author\" content=\"andreap\" \/>\n<meta name=\"twitter:card\" content=\"summary_large_image\" \/>\n<meta name=\"twitter:label1\" content=\"Written by\" \/>\n\t<meta name=\"twitter:data1\" content=\"andreap\" \/>\n\t<meta name=\"twitter:label2\" content=\"Est. reading time\" \/>\n\t<meta name=\"twitter:data2\" content=\"4 minutes\" \/>\n<script type=\"application\/ld+json\" class=\"yoast-schema-graph\">{\"@context\":\"https:\/\/schema.org\",\"@graph\":[{\"@type\":\"WebPage\",\"@id\":\"https:\/\/salumitalia.it\/news\/la-parola-a-14\/\",\"url\":\"https:\/\/salumitalia.it\/news\/la-parola-a-14\/\",\"name\":\"Salumi Italia - LA PAROLA A..\",\"isPartOf\":{\"@id\":\"https:\/\/salumitalia.it\/#website\"},\"primaryImageOfPage\":{\"@id\":\"https:\/\/salumitalia.it\/news\/la-parola-a-14\/#primaryimage\"},\"image\":{\"@id\":\"https:\/\/salumitalia.it\/news\/la-parola-a-14\/#primaryimage\"},\"thumbnailUrl\":\"https:\/\/salumitalia.it\/wp-content\/uploads\/2026\/02\/speck_FEBBRAIO-copia-1.jpg\",\"datePublished\":\"2026-02-27T12:58:03+00:00\",\"dateModified\":\"2026-03-02T08:39:54+00:00\",\"author\":{\"@id\":\"https:\/\/salumitalia.it\/#\/schema\/person\/3874baf67ccdb44dd23f99127289b14e\"},\"breadcrumb\":{\"@id\":\"https:\/\/salumitalia.it\/news\/la-parola-a-14\/#breadcrumb\"},\"inLanguage\":\"fr-FR\",\"potentialAction\":[{\"@type\":\"ReadAction\",\"target\":[\"https:\/\/salumitalia.it\/news\/la-parola-a-14\/\"]}]},{\"@type\":\"ImageObject\",\"inLanguage\":\"fr-FR\",\"@id\":\"https:\/\/salumitalia.it\/news\/la-parola-a-14\/#primaryimage\",\"url\":\"https:\/\/salumitalia.it\/wp-content\/uploads\/2026\/02\/speck_FEBBRAIO-copia-1.jpg\",\"contentUrl\":\"https:\/\/salumitalia.it\/wp-content\/uploads\/2026\/02\/speck_FEBBRAIO-copia-1.jpg\",\"width\":1181,\"height\":1181},{\"@type\":\"BreadcrumbList\",\"@id\":\"https:\/\/salumitalia.it\/news\/la-parola-a-14\/#breadcrumb\",\"itemListElement\":[{\"@type\":\"ListItem\",\"position\":1,\"name\":\"Home\",\"item\":\"https:\/\/salumitalia.it\/fr\/\"},{\"@type\":\"ListItem\",\"position\":2,\"name\":\"LA PAROLA A..\"}]},{\"@type\":\"WebSite\",\"@id\":\"https:\/\/salumitalia.it\/#website\",\"url\":\"https:\/\/salumitalia.it\/\",\"name\":\"Salumi Italia\",\"description\":\"\",\"potentialAction\":[{\"@type\":\"SearchAction\",\"target\":{\"@type\":\"EntryPoint\",\"urlTemplate\":\"https:\/\/salumitalia.it\/?s={search_term_string}\"},\"query-input\":{\"@type\":\"PropertyValueSpecification\",\"valueRequired\":true,\"valueName\":\"search_term_string\"}}],\"inLanguage\":\"fr-FR\"},{\"@type\":\"Person\",\"@id\":\"https:\/\/salumitalia.it\/#\/schema\/person\/3874baf67ccdb44dd23f99127289b14e\",\"name\":\"andreap\",\"image\":{\"@type\":\"ImageObject\",\"inLanguage\":\"fr-FR\",\"@id\":\"https:\/\/salumitalia.it\/#\/schema\/person\/image\/\",\"url\":\"https:\/\/secure.gravatar.com\/avatar\/c7b59fd01eeef1a3679e704c7cd6fef67862b516f782c06db84b6ef1a267527f?s=96&d=mm&r=g\",\"contentUrl\":\"https:\/\/secure.gravatar.com\/avatar\/c7b59fd01eeef1a3679e704c7cd6fef67862b516f782c06db84b6ef1a267527f?s=96&d=mm&r=g\",\"caption\":\"andreap\"},\"url\":\"https:\/\/salumitalia.it\/fr\/author\/andreap\/\"}]}<\/script>\n<!-- \/ Yoast SEO plugin. -->","yoast_head_json":{"title":"Salumi Italia - LA PAROLA A..","robots":{"index":"index","follow":"follow","max-snippet":"max-snippet:-1","max-image-preview":"max-image-preview:large","max-video-preview":"max-video-preview:-1"},"canonical":"https:\/\/salumitalia.it\/news\/la-parola-a-14\/","og_locale":"fr_FR","og_type":"article","og_title":"Salumi Italia - LA PAROLA A..","og_description":"MARTIN KNOLL, DIRETTORE DEL CONSORZIO TUTELA SPECK ALTO ADIGE\u00a0 Direttore, il 2025 si chiude in un contesto economico complesso. Che bilancio dell\u2019anno ci pu\u00f2 riassumere per lo Speck Alto Adige [&hellip;]","og_url":"https:\/\/salumitalia.it\/news\/la-parola-a-14\/","og_site_name":"Salumi Italia","article_published_time":"2026-02-27T12:58:03+00:00","article_modified_time":"2026-03-02T08:39:54+00:00","og_image":[{"width":1181,"height":1181,"url":"https:\/\/salumitalia.it\/wp-content\/uploads\/2026\/02\/speck_FEBBRAIO-copia-1.jpg","type":"image\/jpeg"}],"author":"andreap","twitter_card":"summary_large_image","twitter_misc":{"Written by":"andreap","Est. reading time":"4 minutes"},"schema":{"@context":"https:\/\/schema.org","@graph":[{"@type":"WebPage","@id":"https:\/\/salumitalia.it\/news\/la-parola-a-14\/","url":"https:\/\/salumitalia.it\/news\/la-parola-a-14\/","name":"Salumi Italia - LA PAROLA A..","isPartOf":{"@id":"https:\/\/salumitalia.it\/#website"},"primaryImageOfPage":{"@id":"https:\/\/salumitalia.it\/news\/la-parola-a-14\/#primaryimage"},"image":{"@id":"https:\/\/salumitalia.it\/news\/la-parola-a-14\/#primaryimage"},"thumbnailUrl":"https:\/\/salumitalia.it\/wp-content\/uploads\/2026\/02\/speck_FEBBRAIO-copia-1.jpg","datePublished":"2026-02-27T12:58:03+00:00","dateModified":"2026-03-02T08:39:54+00:00","author":{"@id":"https:\/\/salumitalia.it\/#\/schema\/person\/3874baf67ccdb44dd23f99127289b14e"},"breadcrumb":{"@id":"https:\/\/salumitalia.it\/news\/la-parola-a-14\/#breadcrumb"},"inLanguage":"fr-FR","potentialAction":[{"@type":"ReadAction","target":["https:\/\/salumitalia.it\/news\/la-parola-a-14\/"]}]},{"@type":"ImageObject","inLanguage":"fr-FR","@id":"https:\/\/salumitalia.it\/news\/la-parola-a-14\/#primaryimage","url":"https:\/\/salumitalia.it\/wp-content\/uploads\/2026\/02\/speck_FEBBRAIO-copia-1.jpg","contentUrl":"https:\/\/salumitalia.it\/wp-content\/uploads\/2026\/02\/speck_FEBBRAIO-copia-1.jpg","width":1181,"height":1181},{"@type":"BreadcrumbList","@id":"https:\/\/salumitalia.it\/news\/la-parola-a-14\/#breadcrumb","itemListElement":[{"@type":"ListItem","position":1,"name":"Home","item":"https:\/\/salumitalia.it\/fr\/"},{"@type":"ListItem","position":2,"name":"LA PAROLA A.."}]},{"@type":"WebSite","@id":"https:\/\/salumitalia.it\/#website","url":"https:\/\/salumitalia.it\/","name":"Salumi Italia","description":"","potentialAction":[{"@type":"SearchAction","target":{"@type":"EntryPoint","urlTemplate":"https:\/\/salumitalia.it\/?s={search_term_string}"},"query-input":{"@type":"PropertyValueSpecification","valueRequired":true,"valueName":"search_term_string"}}],"inLanguage":"fr-FR"},{"@type":"Person","@id":"https:\/\/salumitalia.it\/#\/schema\/person\/3874baf67ccdb44dd23f99127289b14e","name":"andreap","image":{"@type":"ImageObject","inLanguage":"fr-FR","@id":"https:\/\/salumitalia.it\/#\/schema\/person\/image\/","url":"https:\/\/secure.gravatar.com\/avatar\/c7b59fd01eeef1a3679e704c7cd6fef67862b516f782c06db84b6ef1a267527f?s=96&d=mm&r=g","contentUrl":"https:\/\/secure.gravatar.com\/avatar\/c7b59fd01eeef1a3679e704c7cd6fef67862b516f782c06db84b6ef1a267527f?s=96&d=mm&r=g","caption":"andreap"},"url":"https:\/\/salumitalia.it\/fr\/author\/andreap\/"}]}},"_links":{"self":[{"href":"https:\/\/salumitalia.it\/fr\/wp-json\/wp\/v2\/posts\/7391","targetHints":{"allow":["GET"]}}],"collection":[{"href":"https:\/\/salumitalia.it\/fr\/wp-json\/wp\/v2\/posts"}],"about":[{"href":"https:\/\/salumitalia.it\/fr\/wp-json\/wp\/v2\/types\/post"}],"author":[{"embeddable":true,"href":"https:\/\/salumitalia.it\/fr\/wp-json\/wp\/v2\/users\/8"}],"replies":[{"embeddable":true,"href":"https:\/\/salumitalia.it\/fr\/wp-json\/wp\/v2\/comments?post=7391"}],"version-history":[{"count":3,"href":"https:\/\/salumitalia.it\/fr\/wp-json\/wp\/v2\/posts\/7391\/revisions"}],"predecessor-version":[{"id":7433,"href":"https:\/\/salumitalia.it\/fr\/wp-json\/wp\/v2\/posts\/7391\/revisions\/7433"}],"wp:featuredmedia":[{"embeddable":true,"href":"https:\/\/salumitalia.it\/fr\/wp-json\/wp\/v2\/media\/7392"}],"wp:attachment":[{"href":"https:\/\/salumitalia.it\/fr\/wp-json\/wp\/v2\/media?parent=7391"}],"wp:term":[{"taxonomy":"category","embeddable":true,"href":"https:\/\/salumitalia.it\/fr\/wp-json\/wp\/v2\/categories?post=7391"},{"taxonomy":"post_tag","embeddable":true,"href":"https:\/\/salumitalia.it\/fr\/wp-json\/wp\/v2\/tags?post=7391"}],"curies":[{"name":"wp","href":"https:\/\/api.w.org\/{rel}","templated":true}]}}