{"id":7019,"date":"2025-11-21T14:33:48","date_gmt":"2025-11-21T13:33:48","guid":{"rendered":"https:\/\/salumitalia.it\/?p=7019"},"modified":"2025-12-01T14:35:46","modified_gmt":"2025-12-01T13:35:46","slug":"webinar-gruppi-di-produttori-pratiche-e-relazioni-di-sostenibilita-nel-reg-ue-2024-1143-fondamenti-normativi-e-profili-operativi","status":"publish","type":"post","link":"https:\/\/salumitalia.it\/fr\/news\/webinar-gruppi-di-produttori-pratiche-e-relazioni-di-sostenibilita-nel-reg-ue-2024-1143-fondamenti-normativi-e-profili-operativi\/","title":{"rendered":"WEBINAR \u201cGRUPPI DI PRODUTTORI, PRATICHE E RELAZIONI DI SOSTENIBILIT\u00c0 NEL REG. (UE) 2024\/1143: FONDAMENTI NORMATIVI E PROFILI OPERATIVI\u201d"},"content":{"rendered":"<p>Si \u00e8 tenuto lo scorso 20 novembre il seminario di approfondimento \u201c<strong>Gruppi di produttori, pratiche e relazioni di sostenibilit\u00e0 nel regolamento (UE) 2024\/1143: fondamenti normativi e profili operativi\u201d. <\/strong><\/p>\n<p>L\u2019iniziativa aveva la finalit\u00e0 di condurre un\u2019analisi approfondita sui profili normativi e, in prospettiva, pratici riguardanti gli strumenti offerti ai Gruppi di produttori dall\u2019 <strong>articolo 7 (Sostenibilit\u00e0) e dall\u2019articolo 8 (Relazione di sostenibilit\u00e0) <\/strong>del regolamento (UE) 2024\/1143.<\/p>\n<p>Dopo l\u2019introduzione ai lavori, il seminario si \u00e8 sviluppato con i seguenti interventi:<br \/>\n&#8211; dott. <strong>Vincenzo Carrozzino <\/strong>della Direzione PQA del Ministero dell\u2019agricoltura, della sovranit\u00e0 alimentare e delle foreste, il quale ha approfondito lo sfondo storico-normativo in cui si \u00e8 incardinata la scelta del regolamento (UE) 2024\/1143 in materia di sostenibilit\u00e0 nelle produzioni a IG;<\/p>\n<p>&#8211; dott. <strong>Luca Cianfoni <\/strong>della DG Agri della Commissione europea, il quale ha presentato lo stato delle opzioni a cui i Consorzi di tutela possono far ricorso per valorizzare le proprie iniziative in materia di pratiche di sostenibilit\u00e0 e di relazione di sostenibilit\u00e0;<\/p>\n<p>&#8211; dott.ssa <strong>Camilla Gernone <\/strong>dell\u2019Universit\u00e0 degli Studi di Bari, autrice della recente monografia \u201c<em>Il ruolo dei soggetti collettivi nel sistema delle indicazioni geografiche. Profili di diritto europeo e nazionale<\/em>\u201d, la quale si \u00e8 concentrata sulle questioni relative alle modalit\u00e0 di integrazione delle pratiche sostenibili all\u2019interno dei disciplinari di produzione delle IG, alla possibilit\u00e0 di certificazione della sostenibilit\u00e0 di una produzione agroalimentare a IG e agli aspetti di comunicazione della sostenibilit\u00e0.<\/p>\n<p>Le conclusioni sono state affidate alla dott.ssa <strong>Monica Malavasi <\/strong>dell\u2019Istituto Valorizzazione Salumi Italiani, che ha evidenziato l\u2019opportunit\u00e0 di una metodologia di analisi che vada a indagare in concreto azioni e prassi delle aziende cos\u00ec da delineare un quadro che possa orientare le scelte dei Consorzi di tutela.<\/p>\n","protected":false},"excerpt":{"rendered":"<p>Si \u00e8 tenuto lo scorso 20 novembre il seminario di approfondimento \u201cGruppi di produttori, pratiche e relazioni di sostenibilit\u00e0 nel regolamento (UE) 2024\/1143: fondamenti normativi e profili operativi\u201d. L\u2019iniziativa aveva [&hellip;]<\/p>\n","protected":false},"author":8,"featured_media":7020,"comment_status":"closed","ping_status":"closed","sticky":false,"template":"","format":"standard","meta":{"_acf_changed":false,"footnotes":""},"categories":[1],"tags":[],"class_list":["post-7019","post","type-post","status-publish","format-standard","has-post-thumbnail","hentry","category-news"],"acf":[],"yoast_head":"<!-- This site is optimized with the Yoast SEO plugin v24.8.1 - https:\/\/yoast.com\/wordpress\/plugins\/seo\/ -->\n<title>Salumi Italia - WEBINAR \u201cGRUPPI DI PRODUTTORI, PRATICHE E RELAZIONI DI SOSTENIBILIT\u00c0 NEL REG. (UE) 2024\/1143: FONDAMENTI NORMATIVI E PROFILI OPERATIVI\u201d<\/title>\n<meta name=\"robots\" content=\"index, follow, max-snippet:-1, max-image-preview:large, max-video-preview:-1\" \/>\n<link rel=\"canonical\" href=\"https:\/\/salumitalia.it\/news\/webinar-gruppi-di-produttori-pratiche-e-relazioni-di-sostenibilita-nel-reg-ue-2024-1143-fondamenti-normativi-e-profili-operativi\/\" \/>\n<meta property=\"og:locale\" content=\"fr_FR\" \/>\n<meta property=\"og:type\" content=\"article\" \/>\n<meta property=\"og:title\" content=\"Salumi Italia - WEBINAR \u201cGRUPPI DI PRODUTTORI, PRATICHE E RELAZIONI DI SOSTENIBILIT\u00c0 NEL REG. (UE) 2024\/1143: FONDAMENTI NORMATIVI E PROFILI OPERATIVI\u201d\" \/>\n<meta property=\"og:description\" content=\"Si \u00e8 tenuto lo scorso 20 novembre il seminario di approfondimento \u201cGruppi di produttori, pratiche e relazioni di sostenibilit\u00e0 nel regolamento (UE) 2024\/1143: fondamenti normativi e profili operativi\u201d. L\u2019iniziativa aveva [&hellip;]\" \/>\n<meta property=\"og:url\" content=\"https:\/\/salumitalia.it\/news\/webinar-gruppi-di-produttori-pratiche-e-relazioni-di-sostenibilita-nel-reg-ue-2024-1143-fondamenti-normativi-e-profili-operativi\/\" \/>\n<meta property=\"og:site_name\" content=\"Salumi Italia\" \/>\n<meta property=\"article:published_time\" content=\"2025-11-21T13:33:48+00:00\" \/>\n<meta property=\"article:modified_time\" content=\"2025-12-01T13:35:46+00:00\" \/>\n<meta property=\"og:image\" content=\"https:\/\/salumitalia.it\/wp-content\/uploads\/2025\/12\/convegno-copia.jpg\" \/>\n\t<meta property=\"og:image:width\" content=\"1181\" \/>\n\t<meta property=\"og:image:height\" content=\"1181\" \/>\n\t<meta property=\"og:image:type\" content=\"image\/jpeg\" \/>\n<meta name=\"author\" content=\"andreap\" \/>\n<meta name=\"twitter:card\" content=\"summary_large_image\" \/>\n<meta name=\"twitter:label1\" content=\"Written by\" \/>\n\t<meta name=\"twitter:data1\" content=\"andreap\" \/>\n\t<meta name=\"twitter:label2\" content=\"Est. reading time\" \/>\n\t<meta name=\"twitter:data2\" content=\"2 minutes\" \/>\n<script type=\"application\/ld+json\" class=\"yoast-schema-graph\">{\"@context\":\"https:\/\/schema.org\",\"@graph\":[{\"@type\":\"WebPage\",\"@id\":\"https:\/\/salumitalia.it\/news\/webinar-gruppi-di-produttori-pratiche-e-relazioni-di-sostenibilita-nel-reg-ue-2024-1143-fondamenti-normativi-e-profili-operativi\/\",\"url\":\"https:\/\/salumitalia.it\/news\/webinar-gruppi-di-produttori-pratiche-e-relazioni-di-sostenibilita-nel-reg-ue-2024-1143-fondamenti-normativi-e-profili-operativi\/\",\"name\":\"Salumi Italia - WEBINAR \u201cGRUPPI DI PRODUTTORI, PRATICHE E RELAZIONI DI SOSTENIBILIT\u00c0 NEL REG. (UE) 2024\/1143: FONDAMENTI NORMATIVI E PROFILI OPERATIVI\u201d\",\"isPartOf\":{\"@id\":\"https:\/\/salumitalia.it\/#website\"},\"primaryImageOfPage\":{\"@id\":\"https:\/\/salumitalia.it\/news\/webinar-gruppi-di-produttori-pratiche-e-relazioni-di-sostenibilita-nel-reg-ue-2024-1143-fondamenti-normativi-e-profili-operativi\/#primaryimage\"},\"image\":{\"@id\":\"https:\/\/salumitalia.it\/news\/webinar-gruppi-di-produttori-pratiche-e-relazioni-di-sostenibilita-nel-reg-ue-2024-1143-fondamenti-normativi-e-profili-operativi\/#primaryimage\"},\"thumbnailUrl\":\"https:\/\/salumitalia.it\/wp-content\/uploads\/2025\/12\/convegno-copia.jpg\",\"datePublished\":\"2025-11-21T13:33:48+00:00\",\"dateModified\":\"2025-12-01T13:35:46+00:00\",\"author\":{\"@id\":\"https:\/\/salumitalia.it\/#\/schema\/person\/3874baf67ccdb44dd23f99127289b14e\"},\"breadcrumb\":{\"@id\":\"https:\/\/salumitalia.it\/news\/webinar-gruppi-di-produttori-pratiche-e-relazioni-di-sostenibilita-nel-reg-ue-2024-1143-fondamenti-normativi-e-profili-operativi\/#breadcrumb\"},\"inLanguage\":\"fr-FR\",\"potentialAction\":[{\"@type\":\"ReadAction\",\"target\":[\"https:\/\/salumitalia.it\/news\/webinar-gruppi-di-produttori-pratiche-e-relazioni-di-sostenibilita-nel-reg-ue-2024-1143-fondamenti-normativi-e-profili-operativi\/\"]}]},{\"@type\":\"ImageObject\",\"inLanguage\":\"fr-FR\",\"@id\":\"https:\/\/salumitalia.it\/news\/webinar-gruppi-di-produttori-pratiche-e-relazioni-di-sostenibilita-nel-reg-ue-2024-1143-fondamenti-normativi-e-profili-operativi\/#primaryimage\",\"url\":\"https:\/\/salumitalia.it\/wp-content\/uploads\/2025\/12\/convegno-copia.jpg\",\"contentUrl\":\"https:\/\/salumitalia.it\/wp-content\/uploads\/2025\/12\/convegno-copia.jpg\",\"width\":1181,\"height\":1181},{\"@type\":\"BreadcrumbList\",\"@id\":\"https:\/\/salumitalia.it\/news\/webinar-gruppi-di-produttori-pratiche-e-relazioni-di-sostenibilita-nel-reg-ue-2024-1143-fondamenti-normativi-e-profili-operativi\/#breadcrumb\",\"itemListElement\":[{\"@type\":\"ListItem\",\"position\":1,\"name\":\"Home\",\"item\":\"https:\/\/salumitalia.it\/fr\/\"},{\"@type\":\"ListItem\",\"position\":2,\"name\":\"WEBINAR \u201cGRUPPI DI PRODUTTORI, PRATICHE E RELAZIONI DI SOSTENIBILIT\u00c0 NEL REG. (UE) 2024\/1143: FONDAMENTI NORMATIVI E PROFILI OPERATIVI\u201d\"}]},{\"@type\":\"WebSite\",\"@id\":\"https:\/\/salumitalia.it\/#website\",\"url\":\"https:\/\/salumitalia.it\/\",\"name\":\"Salumi Italia\",\"description\":\"\",\"potentialAction\":[{\"@type\":\"SearchAction\",\"target\":{\"@type\":\"EntryPoint\",\"urlTemplate\":\"https:\/\/salumitalia.it\/?s={search_term_string}\"},\"query-input\":{\"@type\":\"PropertyValueSpecification\",\"valueRequired\":true,\"valueName\":\"search_term_string\"}}],\"inLanguage\":\"fr-FR\"},{\"@type\":\"Person\",\"@id\":\"https:\/\/salumitalia.it\/#\/schema\/person\/3874baf67ccdb44dd23f99127289b14e\",\"name\":\"andreap\",\"image\":{\"@type\":\"ImageObject\",\"inLanguage\":\"fr-FR\",\"@id\":\"https:\/\/salumitalia.it\/#\/schema\/person\/image\/\",\"url\":\"https:\/\/secure.gravatar.com\/avatar\/c7b59fd01eeef1a3679e704c7cd6fef67862b516f782c06db84b6ef1a267527f?s=96&d=mm&r=g\",\"contentUrl\":\"https:\/\/secure.gravatar.com\/avatar\/c7b59fd01eeef1a3679e704c7cd6fef67862b516f782c06db84b6ef1a267527f?s=96&d=mm&r=g\",\"caption\":\"andreap\"},\"url\":\"https:\/\/salumitalia.it\/fr\/author\/andreap\/\"}]}<\/script>\n<!-- \/ Yoast SEO plugin. -->","yoast_head_json":{"title":"Salumi Italia - WEBINAR \u201cGRUPPI DI PRODUTTORI, PRATICHE E RELAZIONI DI SOSTENIBILIT\u00c0 NEL REG. (UE) 2024\/1143: FONDAMENTI NORMATIVI E PROFILI OPERATIVI\u201d","robots":{"index":"index","follow":"follow","max-snippet":"max-snippet:-1","max-image-preview":"max-image-preview:large","max-video-preview":"max-video-preview:-1"},"canonical":"https:\/\/salumitalia.it\/news\/webinar-gruppi-di-produttori-pratiche-e-relazioni-di-sostenibilita-nel-reg-ue-2024-1143-fondamenti-normativi-e-profili-operativi\/","og_locale":"fr_FR","og_type":"article","og_title":"Salumi Italia - WEBINAR \u201cGRUPPI DI PRODUTTORI, PRATICHE E RELAZIONI DI SOSTENIBILIT\u00c0 NEL REG. (UE) 2024\/1143: FONDAMENTI NORMATIVI E PROFILI OPERATIVI\u201d","og_description":"Si \u00e8 tenuto lo scorso 20 novembre il seminario di approfondimento \u201cGruppi di produttori, pratiche e relazioni di sostenibilit\u00e0 nel regolamento (UE) 2024\/1143: fondamenti normativi e profili operativi\u201d. L\u2019iniziativa aveva [&hellip;]","og_url":"https:\/\/salumitalia.it\/news\/webinar-gruppi-di-produttori-pratiche-e-relazioni-di-sostenibilita-nel-reg-ue-2024-1143-fondamenti-normativi-e-profili-operativi\/","og_site_name":"Salumi Italia","article_published_time":"2025-11-21T13:33:48+00:00","article_modified_time":"2025-12-01T13:35:46+00:00","og_image":[{"width":1181,"height":1181,"url":"https:\/\/salumitalia.it\/wp-content\/uploads\/2025\/12\/convegno-copia.jpg","type":"image\/jpeg"}],"author":"andreap","twitter_card":"summary_large_image","twitter_misc":{"Written by":"andreap","Est. reading time":"2 minutes"},"schema":{"@context":"https:\/\/schema.org","@graph":[{"@type":"WebPage","@id":"https:\/\/salumitalia.it\/news\/webinar-gruppi-di-produttori-pratiche-e-relazioni-di-sostenibilita-nel-reg-ue-2024-1143-fondamenti-normativi-e-profili-operativi\/","url":"https:\/\/salumitalia.it\/news\/webinar-gruppi-di-produttori-pratiche-e-relazioni-di-sostenibilita-nel-reg-ue-2024-1143-fondamenti-normativi-e-profili-operativi\/","name":"Salumi Italia - WEBINAR \u201cGRUPPI DI PRODUTTORI, PRATICHE E RELAZIONI DI SOSTENIBILIT\u00c0 NEL REG. (UE) 2024\/1143: FONDAMENTI NORMATIVI E PROFILI OPERATIVI\u201d","isPartOf":{"@id":"https:\/\/salumitalia.it\/#website"},"primaryImageOfPage":{"@id":"https:\/\/salumitalia.it\/news\/webinar-gruppi-di-produttori-pratiche-e-relazioni-di-sostenibilita-nel-reg-ue-2024-1143-fondamenti-normativi-e-profili-operativi\/#primaryimage"},"image":{"@id":"https:\/\/salumitalia.it\/news\/webinar-gruppi-di-produttori-pratiche-e-relazioni-di-sostenibilita-nel-reg-ue-2024-1143-fondamenti-normativi-e-profili-operativi\/#primaryimage"},"thumbnailUrl":"https:\/\/salumitalia.it\/wp-content\/uploads\/2025\/12\/convegno-copia.jpg","datePublished":"2025-11-21T13:33:48+00:00","dateModified":"2025-12-01T13:35:46+00:00","author":{"@id":"https:\/\/salumitalia.it\/#\/schema\/person\/3874baf67ccdb44dd23f99127289b14e"},"breadcrumb":{"@id":"https:\/\/salumitalia.it\/news\/webinar-gruppi-di-produttori-pratiche-e-relazioni-di-sostenibilita-nel-reg-ue-2024-1143-fondamenti-normativi-e-profili-operativi\/#breadcrumb"},"inLanguage":"fr-FR","potentialAction":[{"@type":"ReadAction","target":["https:\/\/salumitalia.it\/news\/webinar-gruppi-di-produttori-pratiche-e-relazioni-di-sostenibilita-nel-reg-ue-2024-1143-fondamenti-normativi-e-profili-operativi\/"]}]},{"@type":"ImageObject","inLanguage":"fr-FR","@id":"https:\/\/salumitalia.it\/news\/webinar-gruppi-di-produttori-pratiche-e-relazioni-di-sostenibilita-nel-reg-ue-2024-1143-fondamenti-normativi-e-profili-operativi\/#primaryimage","url":"https:\/\/salumitalia.it\/wp-content\/uploads\/2025\/12\/convegno-copia.jpg","contentUrl":"https:\/\/salumitalia.it\/wp-content\/uploads\/2025\/12\/convegno-copia.jpg","width":1181,"height":1181},{"@type":"BreadcrumbList","@id":"https:\/\/salumitalia.it\/news\/webinar-gruppi-di-produttori-pratiche-e-relazioni-di-sostenibilita-nel-reg-ue-2024-1143-fondamenti-normativi-e-profili-operativi\/#breadcrumb","itemListElement":[{"@type":"ListItem","position":1,"name":"Home","item":"https:\/\/salumitalia.it\/fr\/"},{"@type":"ListItem","position":2,"name":"WEBINAR \u201cGRUPPI DI PRODUTTORI, PRATICHE E RELAZIONI DI SOSTENIBILIT\u00c0 NEL REG. (UE) 2024\/1143: FONDAMENTI NORMATIVI E PROFILI OPERATIVI\u201d"}]},{"@type":"WebSite","@id":"https:\/\/salumitalia.it\/#website","url":"https:\/\/salumitalia.it\/","name":"Salumi Italia","description":"","potentialAction":[{"@type":"SearchAction","target":{"@type":"EntryPoint","urlTemplate":"https:\/\/salumitalia.it\/?s={search_term_string}"},"query-input":{"@type":"PropertyValueSpecification","valueRequired":true,"valueName":"search_term_string"}}],"inLanguage":"fr-FR"},{"@type":"Person","@id":"https:\/\/salumitalia.it\/#\/schema\/person\/3874baf67ccdb44dd23f99127289b14e","name":"andreap","image":{"@type":"ImageObject","inLanguage":"fr-FR","@id":"https:\/\/salumitalia.it\/#\/schema\/person\/image\/","url":"https:\/\/secure.gravatar.com\/avatar\/c7b59fd01eeef1a3679e704c7cd6fef67862b516f782c06db84b6ef1a267527f?s=96&d=mm&r=g","contentUrl":"https:\/\/secure.gravatar.com\/avatar\/c7b59fd01eeef1a3679e704c7cd6fef67862b516f782c06db84b6ef1a267527f?s=96&d=mm&r=g","caption":"andreap"},"url":"https:\/\/salumitalia.it\/fr\/author\/andreap\/"}]}},"_links":{"self":[{"href":"https:\/\/salumitalia.it\/fr\/wp-json\/wp\/v2\/posts\/7019","targetHints":{"allow":["GET"]}}],"collection":[{"href":"https:\/\/salumitalia.it\/fr\/wp-json\/wp\/v2\/posts"}],"about":[{"href":"https:\/\/salumitalia.it\/fr\/wp-json\/wp\/v2\/types\/post"}],"author":[{"embeddable":true,"href":"https:\/\/salumitalia.it\/fr\/wp-json\/wp\/v2\/users\/8"}],"replies":[{"embeddable":true,"href":"https:\/\/salumitalia.it\/fr\/wp-json\/wp\/v2\/comments?post=7019"}],"version-history":[{"count":1,"href":"https:\/\/salumitalia.it\/fr\/wp-json\/wp\/v2\/posts\/7019\/revisions"}],"predecessor-version":[{"id":7024,"href":"https:\/\/salumitalia.it\/fr\/wp-json\/wp\/v2\/posts\/7019\/revisions\/7024"}],"wp:featuredmedia":[{"embeddable":true,"href":"https:\/\/salumitalia.it\/fr\/wp-json\/wp\/v2\/media\/7020"}],"wp:attachment":[{"href":"https:\/\/salumitalia.it\/fr\/wp-json\/wp\/v2\/media?parent=7019"}],"wp:term":[{"taxonomy":"category","embeddable":true,"href":"https:\/\/salumitalia.it\/fr\/wp-json\/wp\/v2\/categories?post=7019"},{"taxonomy":"post_tag","embeddable":true,"href":"https:\/\/salumitalia.it\/fr\/wp-json\/wp\/v2\/tags?post=7019"}],"curies":[{"name":"wp","href":"https:\/\/api.w.org\/{rel}","templated":true}]}}