{"id":6902,"date":"2025-11-28T09:39:15","date_gmt":"2025-11-28T08:39:15","guid":{"rendered":"https:\/\/salumitalia.it\/?p=6902"},"modified":"2025-12-01T15:09:54","modified_gmt":"2025-12-01T14:09:54","slug":"la-parola-a-12","status":"publish","type":"post","link":"https:\/\/salumitalia.it\/fr\/news\/la-parola-a-12\/","title":{"rendered":"LA PAROLA A.."},"content":{"rendered":"<h5><span style=\"color: #175402;\"><strong><span class=\"tinyMce-placeholder\">CAMILLA GERNONE, AUTRICE DELLA MONOGRAFIA \u201cIL RUOLO DEI SOGGETTI COLLETTIVI NEL SISTEMA DELLE INDICAZIONI GEOGRAFICHE. PROFILI DI DIRITTO EUROPEO E NAZIONALE\u201d<\/span><\/strong><\/span><\/h5>\n<ul>\n<li><strong><em>\u00c8 recente la pubblicazione della sua monografia \u201cIl ruolo dei soggetti collettivi nel sistema delle indicazioni geografiche. Profili di diritto europeo e nazionale\u201d dove &#8211; attraverso un\u2019analisi giuridica aggiornata alla PAC 2023-2027 e al Reg. (UE) 2024\/1143 &#8211; analizza il ruolo crescente dei soggetti collettivi nel sistema delle produzioni DOP e IGP. Quali elementi sono stati determinanti nel motivare questa iniziativa editoriale?<\/em><\/strong><\/li>\n<\/ul>\n<p>La volont\u00e0 di affrontare in modo sistematico il tema dei soggetti collettivi a tutela delle DOP e delle IGP nasce negli anni del dottorato, in cui mi sono concentrata sullo studio del sistema delle denominazioni d\u2019origine, peraltro in un periodo particolarmente vivace: quello dei lavori preparatori al nuovo regolamento (UE) 2024\/1143. Mi sono resa conto che l\u2019attenzione dottrinale si concentra spesso sugli aspetti pi\u00f9 \u201cclassici\u201d della disciplina, mentre il ruolo dei gruppi \u2013 che costituisce uno dei pilastri del sistema \u2013 rimane talvolta sullo sfondo. Eppure, i soggetti collettivi \u2013 specialmente i consorzi di tutela in Italia \u2013 non solo svolgono il ruolo di custodi delle caratteristiche dei prodotti e del know-how legato al territorio, ma rappresentano anche gli interessi degli operatori, i quali, attraverso il consorzio, dispongono di uno strumento di coordinamento e di rappresentanza capace di incidere realmente sulle dinamiche di filiera.<\/p>\n<ul>\n<li><strong><em>L\u2019evoluzione normativa e in particolare il nuovo Regolamento (UE) 2024\/1143 vede un rafforzamento del ruolo e l\u2019attribuzione di sempre maggiori poteri ai Consorzi di tutela, non solo in tema di tutela ma anche di valorizzazione del prodotto e regolazione di mercato. In che modo questo ampliamento di ambiti di azione influenzer\u00e0 l\u2019operativit\u00e0 futura dei Consorzi di tutela?<\/em><\/strong><\/li>\n<\/ul>\n<p>Soprattutto a partire dalla PAC 2014-2022, e alla luce del rafforzamento dell\u2019associazionismo agricolo avvenuto con il regolamento (UE) n. 1308\/2013, anche i gruppi di produttori a tutela di DOP e IGP hanno assunto vere e proprie funzioni di regolazione del mercato, ulteriormente potenziate nell\u2019ambito della PAC 2023-2027 e del regolamento (UE) 2024\/1143.<\/p>\n<p>Numerose sono le novit\u00e0 intervenute nel nuovo testo normativo. Innanzitutto, la soggettivit\u00e0 giuridica dei gruppi viene rafforzata attraverso l\u2019introduzione di un sistema di riconoscimento formale e di criteri di rappresentativit\u00e0, indispensabili per accedere agli strumenti di gestione del mercato rafforzati dal regolamento. Sotto questo profilo, meritano attenzione due aspetti:<\/p>\n<p>\u2013 l\u2019estensione a sei anni, rinnovabili, dei piani di regolazione dell\u2019offerta ex art. 166-bis del regolamento (UE) 1308\/2013, al posto dei tre anni precedenti;<\/p>\n<p>\u2013 la possibilit\u00e0 di adottare clausole standard di ripartizione del valore nei contratti di fornitura ai sensi dell\u2019art. 172-bis dello stesso regolamento.<\/p>\n<p>Si tratta, a mio avviso, di strumenti strategici, che consentono ai produttori di incidere sugli equilibri di filiera non solo regolando la quantit\u00e0 di prodotto immessa sul mercato ma anche contribuendo al corretto funzionamento delle relazioni contrattuali aventi ad oggetto la trasmissione dei prodotti lungo la filiera stessa.<\/p>\n<ul>\n<li><strong><em>La crescente consapevolezza delle sfide ambientali, economiche e sociali rappresenta oggi uno dei temi pi\u00f9 attuali e sentiti in ogni settore produttivo. In che modo il recente quadro normativo europeo ha integrato il paradigma della sostenibilit\u00e0 nel sistema delle Indicazioni Geografiche?<\/em><\/strong><\/li>\n<\/ul>\n<p>Con il regolamento (UE) 2024\/1143, in linea con gli obiettivi del Green Deal e della PAC 2023-2027, il paradigma della sostenibilit\u00e0, nella sua triplice dimensione \u2013 ambientale, economica e sociale \u2013 entra nel sistema delle Indicazioni Geografiche in maniera pi\u00f9 compiuta.<\/p>\n<p>Tuttavia, va tenuto in considerazione che la sostenibilit\u00e0 \u00e8 un concetto complesso, che acquista significato soltanto se calato nelle specificit\u00e0 ambientali, climatiche e socioeconomiche di ciascun territorio. Inoltre, il regolamento affida integralmente all\u2019autonomia privata il suo perseguimento: ecco perch\u00e9 i gruppi assumono una responsabilit\u00e0 decisiva.<\/p>\n<p>Al netto della previsione di inserire le pratiche sostenibili all\u2019interno del disciplinare di produzione (art. 7) e dell\u2019introduzione della relazione sulla sostenibilit\u00e0 (art. 8), il legislatore europeo non fornisce criteri dettagliati su come certificare tali pratiche n\u00e9 sul modo pi\u00f9 efficace per comunicarle al consumatore. Da questo punto di vista, la relazione sulla sostenibilit\u00e0 diventa uno strumento essenziale: deve descrivere le pratiche sostenibili esistenti, valutare l\u2019impatto del metodo di produzione e fornire gli elementi necessari a comprendere come tali scelte incidano sullo sviluppo e sul posizionamento dell\u2019indicazione geografica.<\/p>\n<p>Questo strumento dovrebbe funzionare parallelamente alle attivit\u00e0 indicate dall\u2019art. 32, par. 4, lett. e), che attribuisce ai gruppi il compito di migliorare le prestazioni dell\u2019indicazione geografica in termini di sostenibilit\u00e0, anche attraverso campagne informative, comunicazione mirata e iniziative di marketing consapevole. Una comunicazione efficiente, infatti, \u00e8 il mezzo pi\u00f9 efficace per rendere visibile ai consumatori \u2013 e agli operatori a monte e a valle \u2013 il valore aggiunto delle scelte compiute in termini di sostenibilit\u00e0.<\/p>\n<p>Considerato l\u2019impianto volontaristico che caratterizza la sostenibilit\u00e0 all\u2019interno del regolamento, \u00e8 evidente che il ruolo dei consorzi di tutela sar\u00e0 determinante. Le scelte compiute in questa direzione dovranno essere progressive, concrete e accompagnate dal necessario supporto istituzionale, affinch\u00e9 i gruppi siano messi nelle condizioni di adottare pratiche sostenibili realmente applicabili e misurabili. In questa prospettiva, la sostenibilit\u00e0 non \u00e8 solo un adempimento, ma costituisce l\u2019opportunit\u00e0 di consolidare la reputazione dei prodotti DOP e IGP e di rafforzarne la competitivit\u00e0, mantenendo, allo stesso tempo, il legame virtuoso con il territorio.<\/p>\n<p>&nbsp;<\/p>\n<p><strong>\u00a0<\/strong><\/p>\n<p>&nbsp;<\/p>\n","protected":false},"excerpt":{"rendered":"<p>CAMILLA GERNONE, AUTRICE DELLA MONOGRAFIA \u201cIL RUOLO DEI SOGGETTI COLLETTIVI NEL SISTEMA DELLE INDICAZIONI GEOGRAFICHE. PROFILI DI DIRITTO EUROPEO E NAZIONALE\u201d \u00c8 recente la pubblicazione della sua monografia \u201cIl ruolo [&hellip;]<\/p>\n","protected":false},"author":8,"featured_media":6903,"comment_status":"closed","ping_status":"closed","sticky":false,"template":"","format":"standard","meta":{"_acf_changed":false,"footnotes":""},"categories":[1],"tags":[],"class_list":["post-6902","post","type-post","status-publish","format-standard","has-post-thumbnail","hentry","category-news"],"acf":[],"yoast_head":"<!-- This site is optimized with the Yoast SEO plugin v24.8.1 - https:\/\/yoast.com\/wordpress\/plugins\/seo\/ -->\n<title>Salumi Italia - LA PAROLA A..<\/title>\n<meta name=\"robots\" content=\"index, follow, max-snippet:-1, max-image-preview:large, max-video-preview:-1\" \/>\n<link rel=\"canonical\" href=\"https:\/\/salumitalia.it\/news\/la-parola-a-12\/\" \/>\n<meta property=\"og:locale\" content=\"fr_FR\" \/>\n<meta property=\"og:type\" content=\"article\" \/>\n<meta property=\"og:title\" content=\"Salumi Italia - LA PAROLA A..\" \/>\n<meta property=\"og:description\" content=\"CAMILLA GERNONE, AUTRICE DELLA MONOGRAFIA \u201cIL RUOLO DEI SOGGETTI COLLETTIVI NEL SISTEMA DELLE INDICAZIONI GEOGRAFICHE. PROFILI DI DIRITTO EUROPEO E NAZIONALE\u201d \u00c8 recente la pubblicazione della sua monografia \u201cIl ruolo [&hellip;]\" \/>\n<meta property=\"og:url\" content=\"https:\/\/salumitalia.it\/news\/la-parola-a-12\/\" \/>\n<meta property=\"og:site_name\" content=\"Salumi Italia\" \/>\n<meta property=\"article:published_time\" content=\"2025-11-28T08:39:15+00:00\" \/>\n<meta property=\"article:modified_time\" content=\"2025-12-01T14:09:54+00:00\" \/>\n<meta property=\"og:image\" content=\"https:\/\/salumitalia.it\/wp-content\/uploads\/2025\/11\/gernone-copia.jpg\" \/>\n\t<meta property=\"og:image:width\" content=\"1181\" \/>\n\t<meta property=\"og:image:height\" content=\"1181\" \/>\n\t<meta property=\"og:image:type\" content=\"image\/jpeg\" \/>\n<meta name=\"author\" content=\"andreap\" \/>\n<meta name=\"twitter:card\" content=\"summary_large_image\" \/>\n<meta name=\"twitter:label1\" content=\"Written by\" \/>\n\t<meta name=\"twitter:data1\" content=\"andreap\" \/>\n\t<meta name=\"twitter:label2\" content=\"Est. reading time\" \/>\n\t<meta name=\"twitter:data2\" content=\"5 minutes\" \/>\n<script type=\"application\/ld+json\" class=\"yoast-schema-graph\">{\"@context\":\"https:\/\/schema.org\",\"@graph\":[{\"@type\":\"WebPage\",\"@id\":\"https:\/\/salumitalia.it\/news\/la-parola-a-12\/\",\"url\":\"https:\/\/salumitalia.it\/news\/la-parola-a-12\/\",\"name\":\"Salumi Italia - LA PAROLA A..\",\"isPartOf\":{\"@id\":\"https:\/\/salumitalia.it\/#website\"},\"primaryImageOfPage\":{\"@id\":\"https:\/\/salumitalia.it\/news\/la-parola-a-12\/#primaryimage\"},\"image\":{\"@id\":\"https:\/\/salumitalia.it\/news\/la-parola-a-12\/#primaryimage\"},\"thumbnailUrl\":\"https:\/\/salumitalia.it\/wp-content\/uploads\/2025\/11\/gernone-copia.jpg\",\"datePublished\":\"2025-11-28T08:39:15+00:00\",\"dateModified\":\"2025-12-01T14:09:54+00:00\",\"author\":{\"@id\":\"https:\/\/salumitalia.it\/#\/schema\/person\/3874baf67ccdb44dd23f99127289b14e\"},\"breadcrumb\":{\"@id\":\"https:\/\/salumitalia.it\/news\/la-parola-a-12\/#breadcrumb\"},\"inLanguage\":\"fr-FR\",\"potentialAction\":[{\"@type\":\"ReadAction\",\"target\":[\"https:\/\/salumitalia.it\/news\/la-parola-a-12\/\"]}]},{\"@type\":\"ImageObject\",\"inLanguage\":\"fr-FR\",\"@id\":\"https:\/\/salumitalia.it\/news\/la-parola-a-12\/#primaryimage\",\"url\":\"https:\/\/salumitalia.it\/wp-content\/uploads\/2025\/11\/gernone-copia.jpg\",\"contentUrl\":\"https:\/\/salumitalia.it\/wp-content\/uploads\/2025\/11\/gernone-copia.jpg\",\"width\":1181,\"height\":1181},{\"@type\":\"BreadcrumbList\",\"@id\":\"https:\/\/salumitalia.it\/news\/la-parola-a-12\/#breadcrumb\",\"itemListElement\":[{\"@type\":\"ListItem\",\"position\":1,\"name\":\"Home\",\"item\":\"https:\/\/salumitalia.it\/fr\/\"},{\"@type\":\"ListItem\",\"position\":2,\"name\":\"LA PAROLA A..\"}]},{\"@type\":\"WebSite\",\"@id\":\"https:\/\/salumitalia.it\/#website\",\"url\":\"https:\/\/salumitalia.it\/\",\"name\":\"Salumi Italia\",\"description\":\"\",\"potentialAction\":[{\"@type\":\"SearchAction\",\"target\":{\"@type\":\"EntryPoint\",\"urlTemplate\":\"https:\/\/salumitalia.it\/?s={search_term_string}\"},\"query-input\":{\"@type\":\"PropertyValueSpecification\",\"valueRequired\":true,\"valueName\":\"search_term_string\"}}],\"inLanguage\":\"fr-FR\"},{\"@type\":\"Person\",\"@id\":\"https:\/\/salumitalia.it\/#\/schema\/person\/3874baf67ccdb44dd23f99127289b14e\",\"name\":\"andreap\",\"image\":{\"@type\":\"ImageObject\",\"inLanguage\":\"fr-FR\",\"@id\":\"https:\/\/salumitalia.it\/#\/schema\/person\/image\/\",\"url\":\"https:\/\/secure.gravatar.com\/avatar\/c7b59fd01eeef1a3679e704c7cd6fef67862b516f782c06db84b6ef1a267527f?s=96&d=mm&r=g\",\"contentUrl\":\"https:\/\/secure.gravatar.com\/avatar\/c7b59fd01eeef1a3679e704c7cd6fef67862b516f782c06db84b6ef1a267527f?s=96&d=mm&r=g\",\"caption\":\"andreap\"},\"url\":\"https:\/\/salumitalia.it\/fr\/author\/andreap\/\"}]}<\/script>\n<!-- \/ Yoast SEO plugin. -->","yoast_head_json":{"title":"Salumi Italia - LA PAROLA A..","robots":{"index":"index","follow":"follow","max-snippet":"max-snippet:-1","max-image-preview":"max-image-preview:large","max-video-preview":"max-video-preview:-1"},"canonical":"https:\/\/salumitalia.it\/news\/la-parola-a-12\/","og_locale":"fr_FR","og_type":"article","og_title":"Salumi Italia - LA PAROLA A..","og_description":"CAMILLA GERNONE, AUTRICE DELLA MONOGRAFIA \u201cIL RUOLO DEI SOGGETTI COLLETTIVI NEL SISTEMA DELLE INDICAZIONI GEOGRAFICHE. PROFILI DI DIRITTO EUROPEO E NAZIONALE\u201d \u00c8 recente la pubblicazione della sua monografia \u201cIl ruolo [&hellip;]","og_url":"https:\/\/salumitalia.it\/news\/la-parola-a-12\/","og_site_name":"Salumi Italia","article_published_time":"2025-11-28T08:39:15+00:00","article_modified_time":"2025-12-01T14:09:54+00:00","og_image":[{"width":1181,"height":1181,"url":"https:\/\/salumitalia.it\/wp-content\/uploads\/2025\/11\/gernone-copia.jpg","type":"image\/jpeg"}],"author":"andreap","twitter_card":"summary_large_image","twitter_misc":{"Written by":"andreap","Est. reading time":"5 minutes"},"schema":{"@context":"https:\/\/schema.org","@graph":[{"@type":"WebPage","@id":"https:\/\/salumitalia.it\/news\/la-parola-a-12\/","url":"https:\/\/salumitalia.it\/news\/la-parola-a-12\/","name":"Salumi Italia - LA PAROLA A..","isPartOf":{"@id":"https:\/\/salumitalia.it\/#website"},"primaryImageOfPage":{"@id":"https:\/\/salumitalia.it\/news\/la-parola-a-12\/#primaryimage"},"image":{"@id":"https:\/\/salumitalia.it\/news\/la-parola-a-12\/#primaryimage"},"thumbnailUrl":"https:\/\/salumitalia.it\/wp-content\/uploads\/2025\/11\/gernone-copia.jpg","datePublished":"2025-11-28T08:39:15+00:00","dateModified":"2025-12-01T14:09:54+00:00","author":{"@id":"https:\/\/salumitalia.it\/#\/schema\/person\/3874baf67ccdb44dd23f99127289b14e"},"breadcrumb":{"@id":"https:\/\/salumitalia.it\/news\/la-parola-a-12\/#breadcrumb"},"inLanguage":"fr-FR","potentialAction":[{"@type":"ReadAction","target":["https:\/\/salumitalia.it\/news\/la-parola-a-12\/"]}]},{"@type":"ImageObject","inLanguage":"fr-FR","@id":"https:\/\/salumitalia.it\/news\/la-parola-a-12\/#primaryimage","url":"https:\/\/salumitalia.it\/wp-content\/uploads\/2025\/11\/gernone-copia.jpg","contentUrl":"https:\/\/salumitalia.it\/wp-content\/uploads\/2025\/11\/gernone-copia.jpg","width":1181,"height":1181},{"@type":"BreadcrumbList","@id":"https:\/\/salumitalia.it\/news\/la-parola-a-12\/#breadcrumb","itemListElement":[{"@type":"ListItem","position":1,"name":"Home","item":"https:\/\/salumitalia.it\/fr\/"},{"@type":"ListItem","position":2,"name":"LA PAROLA A.."}]},{"@type":"WebSite","@id":"https:\/\/salumitalia.it\/#website","url":"https:\/\/salumitalia.it\/","name":"Salumi Italia","description":"","potentialAction":[{"@type":"SearchAction","target":{"@type":"EntryPoint","urlTemplate":"https:\/\/salumitalia.it\/?s={search_term_string}"},"query-input":{"@type":"PropertyValueSpecification","valueRequired":true,"valueName":"search_term_string"}}],"inLanguage":"fr-FR"},{"@type":"Person","@id":"https:\/\/salumitalia.it\/#\/schema\/person\/3874baf67ccdb44dd23f99127289b14e","name":"andreap","image":{"@type":"ImageObject","inLanguage":"fr-FR","@id":"https:\/\/salumitalia.it\/#\/schema\/person\/image\/","url":"https:\/\/secure.gravatar.com\/avatar\/c7b59fd01eeef1a3679e704c7cd6fef67862b516f782c06db84b6ef1a267527f?s=96&d=mm&r=g","contentUrl":"https:\/\/secure.gravatar.com\/avatar\/c7b59fd01eeef1a3679e704c7cd6fef67862b516f782c06db84b6ef1a267527f?s=96&d=mm&r=g","caption":"andreap"},"url":"https:\/\/salumitalia.it\/fr\/author\/andreap\/"}]}},"_links":{"self":[{"href":"https:\/\/salumitalia.it\/fr\/wp-json\/wp\/v2\/posts\/6902","targetHints":{"allow":["GET"]}}],"collection":[{"href":"https:\/\/salumitalia.it\/fr\/wp-json\/wp\/v2\/posts"}],"about":[{"href":"https:\/\/salumitalia.it\/fr\/wp-json\/wp\/v2\/types\/post"}],"author":[{"embeddable":true,"href":"https:\/\/salumitalia.it\/fr\/wp-json\/wp\/v2\/users\/8"}],"replies":[{"embeddable":true,"href":"https:\/\/salumitalia.it\/fr\/wp-json\/wp\/v2\/comments?post=6902"}],"version-history":[{"count":2,"href":"https:\/\/salumitalia.it\/fr\/wp-json\/wp\/v2\/posts\/6902\/revisions"}],"predecessor-version":[{"id":7035,"href":"https:\/\/salumitalia.it\/fr\/wp-json\/wp\/v2\/posts\/6902\/revisions\/7035"}],"wp:featuredmedia":[{"embeddable":true,"href":"https:\/\/salumitalia.it\/fr\/wp-json\/wp\/v2\/media\/6903"}],"wp:attachment":[{"href":"https:\/\/salumitalia.it\/fr\/wp-json\/wp\/v2\/media?parent=6902"}],"wp:term":[{"taxonomy":"category","embeddable":true,"href":"https:\/\/salumitalia.it\/fr\/wp-json\/wp\/v2\/categories?post=6902"},{"taxonomy":"post_tag","embeddable":true,"href":"https:\/\/salumitalia.it\/fr\/wp-json\/wp\/v2\/tags?post=6902"}],"curies":[{"name":"wp","href":"https:\/\/api.w.org\/{rel}","templated":true}]}}