{"id":6737,"date":"2025-10-30T15:09:43","date_gmt":"2025-10-30T14:09:43","guid":{"rendered":"https:\/\/salumitalia.it\/?p=6737"},"modified":"2025-10-30T15:16:42","modified_gmt":"2025-10-30T14:16:42","slug":"assemblea-biennale-origin-international-2025","status":"publish","type":"post","link":"https:\/\/salumitalia.it\/fr\/news\/assemblea-biennale-origin-international-2025\/","title":{"rendered":"ASSEMBLEA BIENNALE ORIGIN INTERNATIONAL 2025"},"content":{"rendered":"<p>Si \u00e8 svolta a Morelia (Messico) lo scorso 8 e 9 ottobre l&#8217;<strong>Assemblea biennale di OriGin international<\/strong> &#8211; a cui Salumitalia aderisce da molti anni.<\/p>\n<p>Tre giorni di incontri e tavoli di lavoro che\u00a0 hanno visto la presenza di oltre 600 rappresentanti di gruppi GI, autorit\u00e0 pubbliche, organizzazioni internazionali, diplomatici, studi legali, aziende private e mondo accademico provenienti da 35 Paesi. Un&#8217;occasione attesa per fare il punto sul settore, sulle opportunit\u00e0 e sulle sfide da affrontare sulla scena globale.<\/p>\n<p>Anche in questa occasione, Salumitalia \u00e8 stata parte attiva del programma di appuntamenti in agenda, partecipando come relatore a &#8220;Coffee with GIs: conversation on global trends&#8221;, tavola rotonda colta a condividere le tematiche pi\u00f9 strategiche per il settore nel prossimo futuro.<\/p>\n<p>L\u2019Assemblea \u00e8 stata inoltre l&#8217;occasione per la firma dell\u2019accordo per la creazione della nuova antenna regionale associativa, <strong>Origin America Latina (oriGin LatAm)<\/strong>, che mira a aggregare Consorzi, Associazioni e Istituzioni in tema IG del Sud e Centro America e si aggiunge a Origin Europa, che raggruppa invece le principali \u00a0IG europee<\/p>\n<p>Nel quadro della riunione biennale, l&#8217;Assemblea Generale Statutaria ha<strong> rieletto Riccardo Deserti, Direttore Generale del Consorzio del Parmigiano Reggiano, come Presidente di oriGIn<\/strong>. Nominato anche il <strong>nuovo Comitato Esecutivo<\/strong> , che vede<strong> Gianluigi Ligasacchi di Salumitalia riconfermato per il quarto mandato quale membro del Board.<\/strong><\/p>\n<p>Il nuovo <strong>Comitato Esecutivo<\/strong> di oriGIn \u00e8 composto da (in ordine alfabetico):<\/p>\n<ul class=\"wp-block-list\">\n<li>S\u00c9BASTIEN BRETON, Conseil National des Appellations d\u2019Origine Laiti\u00e8res (CNAOL),<\/li>\n<li>FERNANDO CANO TREVI\u00d1O, Consejo Regulador del Tequila (CRT),<\/li>\n<li>AMANDINE DUTHILLEUL, Bureau National Interprofessionnel du Cognac (BNIC),<\/li>\n<li>VALERY ELISEEFF, Comit\u00e9 interprofessionel du Comt\u00e9 (CIGC),<\/li>\n<li>ALAIN FARINE, Association Suisse des AOP et IGP,<\/li>\n<li>CHARLES GOEMAERE, Comit\u00e9 Champagne,<\/li>\n<li>GIANLUIGI LIGASACCHI, Salumitalia,<\/li>\n<li>CESARE MAZZETTI, Associazione Nazionale Industriali Distillatori di Alcoli e di Acquaviti (AssoDistil),<\/li>\n<li>FEDERICO MONCUNILL GALLO, Asociaci\u00f3n espa\u00f1ola de denominaciones de origen\u00a0(Origen Espa\u00f1a),<\/li>\n<li>ALAN PARK, Scotch Whisky Association (SWA),<\/li>\n<li>ANDREA ROSSI, FEDERDOC, Consorzio del Vino Nobile di Montepulciano,<\/li>\n<li>MARIA JOS\u00c9 SANCHEZ, Federaci\u00f3n Nacional Cafeteros de Colombia (FNC),<\/li>\n<li>VINCENT STAUFFER, Federation of the Swiss Watch Industry (FH).<\/li>\n<\/ul>\n<p>Allo stesso modo, il Presidente Deserti e il board di oriGIn potranno contare su un <strong>team di vicepresidenti<\/strong>, che contribuiranno ad ampliare ulteriormente la rete globale nelle rispettive regioni. I nuovi vicepresidenti oriGIn sono (per regione mondiale \/ ordine alfabetico):<\/p>\n<p>AMERICAS:<\/p>\n<ul class=\"wp-block-list\">\n<li>CASTOR ESTRADA ROBLES, Casa de Artesan\u00edas de Michoac\u00e1n de Ocampo (CASART)<\/li>\n<li>MARCO ANTONIO HUAJA ESTRADA, Consejo Regulador de la DO Caf\u00e9 Villa Rica.<\/li>\n<\/ul>\n<p>ASIA:<\/p>\n<ul class=\"wp-block-list\">\n<li>LI ZHIPING, China National Institute of Standardization (CNIS).<\/li>\n<\/ul>\n<p>EUROPE:<\/p>\n<ul class=\"wp-block-list\">\n<li>SOPIO SANIKIDZE, oriGIn Georgia,<\/li>\n<li>Klaus HOFFMAN, Bavaria Brewers Association,<\/li>\n<li>DAMIANO ANNUNZIATO, Associazione \u201cLe Mani di Napoli\u201d,<\/li>\n<li>TERESA PAIS COELHO, QUALIFICA\/oriGIn Portugal,<\/li>\n<li>ANGEL PACHECO CONEJERO, Asociaci\u00f3n espa\u00f1ola de denominaciones de origen (ORIGEN Espa\u00f1a).<\/li>\n<\/ul>\n<p>&nbsp;<\/p>\n","protected":false},"excerpt":{"rendered":"<p>Si \u00e8 svolta a Morelia (Messico) lo scorso 8 e 9 ottobre l&#8217;Assemblea biennale di OriGin international &#8211; a cui Salumitalia aderisce da molti anni. Tre giorni di incontri e [&hellip;]<\/p>\n","protected":false},"author":8,"featured_media":6742,"comment_status":"closed","ping_status":"closed","sticky":false,"template":"","format":"standard","meta":{"_acf_changed":false,"footnotes":""},"categories":[1],"tags":[],"class_list":["post-6737","post","type-post","status-publish","format-standard","has-post-thumbnail","hentry","category-news"],"acf":[],"yoast_head":"<!-- This site is optimized with the Yoast SEO plugin v24.8.1 - https:\/\/yoast.com\/wordpress\/plugins\/seo\/ -->\n<title>Salumi Italia - ASSEMBLEA BIENNALE ORIGIN INTERNATIONAL 2025<\/title>\n<meta name=\"robots\" content=\"index, follow, max-snippet:-1, max-image-preview:large, max-video-preview:-1\" \/>\n<link rel=\"canonical\" href=\"https:\/\/salumitalia.it\/news\/assemblea-biennale-origin-international-2025\/\" \/>\n<meta property=\"og:locale\" content=\"fr_FR\" \/>\n<meta property=\"og:type\" content=\"article\" \/>\n<meta property=\"og:title\" content=\"Salumi Italia - ASSEMBLEA BIENNALE ORIGIN INTERNATIONAL 2025\" \/>\n<meta property=\"og:description\" content=\"Si \u00e8 svolta a Morelia (Messico) lo scorso 8 e 9 ottobre l&#8217;Assemblea biennale di OriGin international &#8211; a cui Salumitalia aderisce da molti anni. Tre giorni di incontri e [&hellip;]\" \/>\n<meta property=\"og:url\" content=\"https:\/\/salumitalia.it\/news\/assemblea-biennale-origin-international-2025\/\" \/>\n<meta property=\"og:site_name\" content=\"Salumi Italia\" \/>\n<meta property=\"article:published_time\" content=\"2025-10-30T14:09:43+00:00\" \/>\n<meta property=\"article:modified_time\" content=\"2025-10-30T14:16:42+00:00\" \/>\n<meta property=\"og:image\" content=\"https:\/\/salumitalia.it\/wp-content\/uploads\/2025\/10\/origin-copia.jpg\" \/>\n\t<meta property=\"og:image:width\" content=\"1181\" \/>\n\t<meta property=\"og:image:height\" content=\"1181\" \/>\n\t<meta property=\"og:image:type\" content=\"image\/jpeg\" \/>\n<meta name=\"author\" content=\"andreap\" \/>\n<meta name=\"twitter:card\" content=\"summary_large_image\" \/>\n<meta name=\"twitter:label1\" content=\"Written by\" \/>\n\t<meta name=\"twitter:data1\" content=\"andreap\" \/>\n\t<meta name=\"twitter:label2\" content=\"Est. reading time\" \/>\n\t<meta name=\"twitter:data2\" content=\"3 minutes\" \/>\n<script type=\"application\/ld+json\" class=\"yoast-schema-graph\">{\"@context\":\"https:\/\/schema.org\",\"@graph\":[{\"@type\":\"WebPage\",\"@id\":\"https:\/\/salumitalia.it\/news\/assemblea-biennale-origin-international-2025\/\",\"url\":\"https:\/\/salumitalia.it\/news\/assemblea-biennale-origin-international-2025\/\",\"name\":\"Salumi Italia - ASSEMBLEA BIENNALE ORIGIN INTERNATIONAL 2025\",\"isPartOf\":{\"@id\":\"https:\/\/salumitalia.it\/#website\"},\"primaryImageOfPage\":{\"@id\":\"https:\/\/salumitalia.it\/news\/assemblea-biennale-origin-international-2025\/#primaryimage\"},\"image\":{\"@id\":\"https:\/\/salumitalia.it\/news\/assemblea-biennale-origin-international-2025\/#primaryimage\"},\"thumbnailUrl\":\"https:\/\/salumitalia.it\/wp-content\/uploads\/2025\/10\/origin-copia.jpg\",\"datePublished\":\"2025-10-30T14:09:43+00:00\",\"dateModified\":\"2025-10-30T14:16:42+00:00\",\"author\":{\"@id\":\"https:\/\/salumitalia.it\/#\/schema\/person\/3874baf67ccdb44dd23f99127289b14e\"},\"breadcrumb\":{\"@id\":\"https:\/\/salumitalia.it\/news\/assemblea-biennale-origin-international-2025\/#breadcrumb\"},\"inLanguage\":\"fr-FR\",\"potentialAction\":[{\"@type\":\"ReadAction\",\"target\":[\"https:\/\/salumitalia.it\/news\/assemblea-biennale-origin-international-2025\/\"]}]},{\"@type\":\"ImageObject\",\"inLanguage\":\"fr-FR\",\"@id\":\"https:\/\/salumitalia.it\/news\/assemblea-biennale-origin-international-2025\/#primaryimage\",\"url\":\"https:\/\/salumitalia.it\/wp-content\/uploads\/2025\/10\/origin-copia.jpg\",\"contentUrl\":\"https:\/\/salumitalia.it\/wp-content\/uploads\/2025\/10\/origin-copia.jpg\",\"width\":1181,\"height\":1181},{\"@type\":\"BreadcrumbList\",\"@id\":\"https:\/\/salumitalia.it\/news\/assemblea-biennale-origin-international-2025\/#breadcrumb\",\"itemListElement\":[{\"@type\":\"ListItem\",\"position\":1,\"name\":\"Home\",\"item\":\"https:\/\/salumitalia.it\/fr\/\"},{\"@type\":\"ListItem\",\"position\":2,\"name\":\"ASSEMBLEA BIENNALE ORIGIN INTERNATIONAL 2025\"}]},{\"@type\":\"WebSite\",\"@id\":\"https:\/\/salumitalia.it\/#website\",\"url\":\"https:\/\/salumitalia.it\/\",\"name\":\"Salumi Italia\",\"description\":\"\",\"potentialAction\":[{\"@type\":\"SearchAction\",\"target\":{\"@type\":\"EntryPoint\",\"urlTemplate\":\"https:\/\/salumitalia.it\/?s={search_term_string}\"},\"query-input\":{\"@type\":\"PropertyValueSpecification\",\"valueRequired\":true,\"valueName\":\"search_term_string\"}}],\"inLanguage\":\"fr-FR\"},{\"@type\":\"Person\",\"@id\":\"https:\/\/salumitalia.it\/#\/schema\/person\/3874baf67ccdb44dd23f99127289b14e\",\"name\":\"andreap\",\"image\":{\"@type\":\"ImageObject\",\"inLanguage\":\"fr-FR\",\"@id\":\"https:\/\/salumitalia.it\/#\/schema\/person\/image\/\",\"url\":\"https:\/\/secure.gravatar.com\/avatar\/c7b59fd01eeef1a3679e704c7cd6fef67862b516f782c06db84b6ef1a267527f?s=96&d=mm&r=g\",\"contentUrl\":\"https:\/\/secure.gravatar.com\/avatar\/c7b59fd01eeef1a3679e704c7cd6fef67862b516f782c06db84b6ef1a267527f?s=96&d=mm&r=g\",\"caption\":\"andreap\"},\"url\":\"https:\/\/salumitalia.it\/fr\/author\/andreap\/\"}]}<\/script>\n<!-- \/ Yoast SEO plugin. -->","yoast_head_json":{"title":"Salumi Italia - ASSEMBLEA BIENNALE ORIGIN INTERNATIONAL 2025","robots":{"index":"index","follow":"follow","max-snippet":"max-snippet:-1","max-image-preview":"max-image-preview:large","max-video-preview":"max-video-preview:-1"},"canonical":"https:\/\/salumitalia.it\/news\/assemblea-biennale-origin-international-2025\/","og_locale":"fr_FR","og_type":"article","og_title":"Salumi Italia - ASSEMBLEA BIENNALE ORIGIN INTERNATIONAL 2025","og_description":"Si \u00e8 svolta a Morelia (Messico) lo scorso 8 e 9 ottobre l&#8217;Assemblea biennale di OriGin international &#8211; a cui Salumitalia aderisce da molti anni. Tre giorni di incontri e [&hellip;]","og_url":"https:\/\/salumitalia.it\/news\/assemblea-biennale-origin-international-2025\/","og_site_name":"Salumi Italia","article_published_time":"2025-10-30T14:09:43+00:00","article_modified_time":"2025-10-30T14:16:42+00:00","og_image":[{"width":1181,"height":1181,"url":"https:\/\/salumitalia.it\/wp-content\/uploads\/2025\/10\/origin-copia.jpg","type":"image\/jpeg"}],"author":"andreap","twitter_card":"summary_large_image","twitter_misc":{"Written by":"andreap","Est. reading time":"3 minutes"},"schema":{"@context":"https:\/\/schema.org","@graph":[{"@type":"WebPage","@id":"https:\/\/salumitalia.it\/news\/assemblea-biennale-origin-international-2025\/","url":"https:\/\/salumitalia.it\/news\/assemblea-biennale-origin-international-2025\/","name":"Salumi Italia - ASSEMBLEA BIENNALE ORIGIN INTERNATIONAL 2025","isPartOf":{"@id":"https:\/\/salumitalia.it\/#website"},"primaryImageOfPage":{"@id":"https:\/\/salumitalia.it\/news\/assemblea-biennale-origin-international-2025\/#primaryimage"},"image":{"@id":"https:\/\/salumitalia.it\/news\/assemblea-biennale-origin-international-2025\/#primaryimage"},"thumbnailUrl":"https:\/\/salumitalia.it\/wp-content\/uploads\/2025\/10\/origin-copia.jpg","datePublished":"2025-10-30T14:09:43+00:00","dateModified":"2025-10-30T14:16:42+00:00","author":{"@id":"https:\/\/salumitalia.it\/#\/schema\/person\/3874baf67ccdb44dd23f99127289b14e"},"breadcrumb":{"@id":"https:\/\/salumitalia.it\/news\/assemblea-biennale-origin-international-2025\/#breadcrumb"},"inLanguage":"fr-FR","potentialAction":[{"@type":"ReadAction","target":["https:\/\/salumitalia.it\/news\/assemblea-biennale-origin-international-2025\/"]}]},{"@type":"ImageObject","inLanguage":"fr-FR","@id":"https:\/\/salumitalia.it\/news\/assemblea-biennale-origin-international-2025\/#primaryimage","url":"https:\/\/salumitalia.it\/wp-content\/uploads\/2025\/10\/origin-copia.jpg","contentUrl":"https:\/\/salumitalia.it\/wp-content\/uploads\/2025\/10\/origin-copia.jpg","width":1181,"height":1181},{"@type":"BreadcrumbList","@id":"https:\/\/salumitalia.it\/news\/assemblea-biennale-origin-international-2025\/#breadcrumb","itemListElement":[{"@type":"ListItem","position":1,"name":"Home","item":"https:\/\/salumitalia.it\/fr\/"},{"@type":"ListItem","position":2,"name":"ASSEMBLEA BIENNALE ORIGIN INTERNATIONAL 2025"}]},{"@type":"WebSite","@id":"https:\/\/salumitalia.it\/#website","url":"https:\/\/salumitalia.it\/","name":"Salumi Italia","description":"","potentialAction":[{"@type":"SearchAction","target":{"@type":"EntryPoint","urlTemplate":"https:\/\/salumitalia.it\/?s={search_term_string}"},"query-input":{"@type":"PropertyValueSpecification","valueRequired":true,"valueName":"search_term_string"}}],"inLanguage":"fr-FR"},{"@type":"Person","@id":"https:\/\/salumitalia.it\/#\/schema\/person\/3874baf67ccdb44dd23f99127289b14e","name":"andreap","image":{"@type":"ImageObject","inLanguage":"fr-FR","@id":"https:\/\/salumitalia.it\/#\/schema\/person\/image\/","url":"https:\/\/secure.gravatar.com\/avatar\/c7b59fd01eeef1a3679e704c7cd6fef67862b516f782c06db84b6ef1a267527f?s=96&d=mm&r=g","contentUrl":"https:\/\/secure.gravatar.com\/avatar\/c7b59fd01eeef1a3679e704c7cd6fef67862b516f782c06db84b6ef1a267527f?s=96&d=mm&r=g","caption":"andreap"},"url":"https:\/\/salumitalia.it\/fr\/author\/andreap\/"}]}},"_links":{"self":[{"href":"https:\/\/salumitalia.it\/fr\/wp-json\/wp\/v2\/posts\/6737","targetHints":{"allow":["GET"]}}],"collection":[{"href":"https:\/\/salumitalia.it\/fr\/wp-json\/wp\/v2\/posts"}],"about":[{"href":"https:\/\/salumitalia.it\/fr\/wp-json\/wp\/v2\/types\/post"}],"author":[{"embeddable":true,"href":"https:\/\/salumitalia.it\/fr\/wp-json\/wp\/v2\/users\/8"}],"replies":[{"embeddable":true,"href":"https:\/\/salumitalia.it\/fr\/wp-json\/wp\/v2\/comments?post=6737"}],"version-history":[{"count":4,"href":"https:\/\/salumitalia.it\/fr\/wp-json\/wp\/v2\/posts\/6737\/revisions"}],"predecessor-version":[{"id":6739,"href":"https:\/\/salumitalia.it\/fr\/wp-json\/wp\/v2\/posts\/6737\/revisions\/6739"}],"wp:featuredmedia":[{"embeddable":true,"href":"https:\/\/salumitalia.it\/fr\/wp-json\/wp\/v2\/media\/6742"}],"wp:attachment":[{"href":"https:\/\/salumitalia.it\/fr\/wp-json\/wp\/v2\/media?parent=6737"}],"wp:term":[{"taxonomy":"category","embeddable":true,"href":"https:\/\/salumitalia.it\/fr\/wp-json\/wp\/v2\/categories?post=6737"},{"taxonomy":"post_tag","embeddable":true,"href":"https:\/\/salumitalia.it\/fr\/wp-json\/wp\/v2\/tags?post=6737"}],"curies":[{"name":"wp","href":"https:\/\/api.w.org\/{rel}","templated":true}]}}