{"id":4983,"date":"2024-07-15T16:24:56","date_gmt":"2024-07-15T14:24:56","guid":{"rendered":"https:\/\/www.isitsalumi.it\/?p=4983"},"modified":"2024-07-25T17:47:53","modified_gmt":"2024-07-25T15:47:53","slug":"fondi-per-la-promozione-ue-preoccupa-il-taglio-proposto-dalla-commissione","status":"publish","type":"post","link":"https:\/\/salumitalia.it\/fr\/news\/fondi-per-la-promozione-ue-preoccupa-il-taglio-proposto-dalla-commissione\/","title":{"rendered":"FONDI PER LA PROMOZIONE UE: PREOCCUPA IL TAGLIO PROPOSTO DALLA COMMISSIONE"},"content":{"rendered":"<p>Preoccupa il taglio del budget europeo per la promozione dei prodotti agricoli.<\/p>\n<p>La <strong>Commissione europea ha proposto di dimezzare i finanziamenti<\/strong> per la <strong>promozione dell&#8217;agroalimentare<\/strong> per il <strong>2025<\/strong> che passeranno <strong>dai 185,9 milioni del 2024 a 92 milioni di euro<\/strong>. Un taglio drastico che riguarda i programmi multipli che vedono l\u2019azzeramento dei fondi a fronte di un 2024 in cui tali programmi hanno potuto contare su un budget di 84,5 milioni.<\/p>\n<p>Una manovra che avr\u00e0 ripercussioni sulla bilancia commerciale UE, a vantaggio dei concorrenti commerciali extra-UE.<\/p>\n<p>Una decurtazione che avr\u00e0 effetti diretti anche sulle nostre eccellenze ad Indicazione Geografica che da sempre vedono in questi programmi lo <strong>strumento per rafforzare la consapevolezza del valore e l\u2019immagine dei regimi di qualit\u00e0 dell\u2019Unione<\/strong>, per <strong>migliorare la competitivit\u00e0<\/strong> e il consumo e, conseguentemente, aumentarne le <strong>quote di mercato<\/strong>.<\/p>\n<p>Le produzioni DOP e IGP rappresentano oggi un pilastro importante per il settore agroalimentare italiano, sempre pi\u00f9 centrali e strategiche per la qualit\u00e0, l\u2019economia e lo sviluppo del territorio.<\/p>\n<p>In particolare, in Italia la salumeria \u00e8 una tradizione radicata e i salumi DOP e IGP ne sono una virtuosa espressione: con un valore al consumo di quasi 5 miliardi di euro, coinvolgono oggi migliaia di aziende lungo tutta la filiera &#8211; allevamento, macellazione e trasformazione \u2013 fornendo un supporto concreto alla sostenibilit\u00e0 dei territori e delle economie locali.<\/p>\n<p><strong>La politica UE di promozione, deve poter continuare a rappresentare un essenziale strumento per promuovere la distintivit\u00e0 e la tradizione e per supportare l\u2019educazione ad un consumo responsabile<\/strong>, di tutti i prodotti,\u00a0 a sostegno del patrimonio agroalimentare europeo che mai come in questo periodo deve essere difeso e aiutato a superare le inattese e gravose dinamiche internazionali, a cui si aggiungono \u2013 riferendoci al nostro settore in particolare \u2013 anche preoccupanti scenari interni, primo fra tutti la diffusione sul territorio della peste suina africana.<\/p>\n<p>Le attivit\u00e0 promozionali sostenute dai fondi Ue sono e rimangono, pertanto, fondamentali per la sussistenza di molti prodotti che hanno necessit\u00e0 di farsi conoscere, specialmente in nuovi mercati, fornendo fattivamente a chi investe nelle produzioni di qualit\u00e0 gli strumenti necessari per sostenere la loro competitivit\u00e0, favorendo al contempo la transizione verso una maggiore sostenibilit\u00e0 del comparto.<\/p>\n<p><em>\u201cCome gi\u00e0 richiesto a gran voce in passato<\/em> \u2013 <strong>afferma il Presidente Ludovici<\/strong> &#8211; <em>chiediamo alla politica e alle Istituzioni europee e nazionali di continuare a sostenere tutti i settori delle nostre eccellenze IG attraverso congrue dotazioni di fondi dedicati alla politica di promozione dell&#8217;UE. Promuovendo un approccio volto a evitare discriminazioni preconcette tra prodotti e che possa essere, invece, propositivo e di sostegno per tutte le produzioni che dimostrino un impegno verso la sostenibilit\u00e0, facendo prevalere il buon senso affinch\u00e9 non avvengano n\u00e9 ora n\u00e9 in futuro discriminazioni ingiustificate tra alimenti, tutti indispensabili all\u2019interno di una corretta alimentazione\u201d.<\/em><\/p>\n","protected":false},"excerpt":{"rendered":"<p>Preoccupa il taglio del budget europeo per la promozione dei prodotti agricoli. La Commissione europea ha proposto di dimezzare i finanziamenti per la promozione dell&#8217;agroalimentare per il 2025 che passeranno [&hellip;]<\/p>\n","protected":false},"author":5,"featured_media":4984,"comment_status":"closed","ping_status":"closed","sticky":false,"template":"","format":"standard","meta":{"_acf_changed":false,"footnotes":""},"categories":[1],"tags":[],"class_list":["post-4983","post","type-post","status-publish","format-standard","has-post-thumbnail","hentry","category-news"],"acf":[],"yoast_head":"<!-- This site is optimized with the Yoast SEO plugin v24.8.1 - https:\/\/yoast.com\/wordpress\/plugins\/seo\/ -->\n<title>Salumi Italia - FONDI PER LA PROMOZIONE UE: PREOCCUPA IL TAGLIO PROPOSTO DALLA COMMISSIONE<\/title>\n<meta name=\"robots\" content=\"index, follow, max-snippet:-1, max-image-preview:large, max-video-preview:-1\" \/>\n<link rel=\"canonical\" href=\"https:\/\/salumitalia.it\/news\/fondi-per-la-promozione-ue-preoccupa-il-taglio-proposto-dalla-commissione\/\" \/>\n<meta property=\"og:locale\" content=\"fr_FR\" \/>\n<meta property=\"og:type\" content=\"article\" \/>\n<meta property=\"og:title\" content=\"Salumi Italia - FONDI PER LA PROMOZIONE UE: PREOCCUPA IL TAGLIO PROPOSTO DALLA COMMISSIONE\" \/>\n<meta property=\"og:description\" content=\"Preoccupa il taglio del budget europeo per la promozione dei prodotti agricoli. La Commissione europea ha proposto di dimezzare i finanziamenti per la promozione dell&#8217;agroalimentare per il 2025 che passeranno [&hellip;]\" \/>\n<meta property=\"og:url\" content=\"https:\/\/salumitalia.it\/news\/fondi-per-la-promozione-ue-preoccupa-il-taglio-proposto-dalla-commissione\/\" \/>\n<meta property=\"og:site_name\" content=\"Salumi Italia\" \/>\n<meta property=\"article:published_time\" content=\"2024-07-15T14:24:56+00:00\" \/>\n<meta property=\"article:modified_time\" content=\"2024-07-25T15:47:53+00:00\" \/>\n<meta property=\"og:image\" content=\"https:\/\/salumitalia.it\/wp-content\/uploads\/2024\/07\/FONDI-UE_luglio-copia.jpg\" \/>\n\t<meta property=\"og:image:width\" content=\"1181\" \/>\n\t<meta property=\"og:image:height\" content=\"1181\" \/>\n\t<meta property=\"og:image:type\" content=\"image\/jpeg\" \/>\n<meta name=\"author\" content=\"Stefano Parisi\" \/>\n<meta name=\"twitter:card\" content=\"summary_large_image\" \/>\n<meta name=\"twitter:label1\" content=\"Written by\" \/>\n\t<meta name=\"twitter:data1\" content=\"Stefano Parisi\" \/>\n\t<meta name=\"twitter:label2\" content=\"Est. reading time\" \/>\n\t<meta name=\"twitter:data2\" content=\"3 minutes\" \/>\n<script type=\"application\/ld+json\" class=\"yoast-schema-graph\">{\"@context\":\"https:\/\/schema.org\",\"@graph\":[{\"@type\":\"WebPage\",\"@id\":\"https:\/\/salumitalia.it\/news\/fondi-per-la-promozione-ue-preoccupa-il-taglio-proposto-dalla-commissione\/\",\"url\":\"https:\/\/salumitalia.it\/news\/fondi-per-la-promozione-ue-preoccupa-il-taglio-proposto-dalla-commissione\/\",\"name\":\"Salumi Italia - FONDI PER LA PROMOZIONE UE: PREOCCUPA IL TAGLIO PROPOSTO DALLA COMMISSIONE\",\"isPartOf\":{\"@id\":\"https:\/\/salumitalia.it\/#website\"},\"primaryImageOfPage\":{\"@id\":\"https:\/\/salumitalia.it\/news\/fondi-per-la-promozione-ue-preoccupa-il-taglio-proposto-dalla-commissione\/#primaryimage\"},\"image\":{\"@id\":\"https:\/\/salumitalia.it\/news\/fondi-per-la-promozione-ue-preoccupa-il-taglio-proposto-dalla-commissione\/#primaryimage\"},\"thumbnailUrl\":\"https:\/\/salumitalia.it\/wp-content\/uploads\/2024\/07\/FONDI-UE_luglio-copia.jpg\",\"datePublished\":\"2024-07-15T14:24:56+00:00\",\"dateModified\":\"2024-07-25T15:47:53+00:00\",\"author\":{\"@id\":\"https:\/\/salumitalia.it\/#\/schema\/person\/97fc7518eb94af827f7984af0598ae06\"},\"breadcrumb\":{\"@id\":\"https:\/\/salumitalia.it\/news\/fondi-per-la-promozione-ue-preoccupa-il-taglio-proposto-dalla-commissione\/#breadcrumb\"},\"inLanguage\":\"fr-FR\",\"potentialAction\":[{\"@type\":\"ReadAction\",\"target\":[\"https:\/\/salumitalia.it\/news\/fondi-per-la-promozione-ue-preoccupa-il-taglio-proposto-dalla-commissione\/\"]}]},{\"@type\":\"ImageObject\",\"inLanguage\":\"fr-FR\",\"@id\":\"https:\/\/salumitalia.it\/news\/fondi-per-la-promozione-ue-preoccupa-il-taglio-proposto-dalla-commissione\/#primaryimage\",\"url\":\"https:\/\/salumitalia.it\/wp-content\/uploads\/2024\/07\/FONDI-UE_luglio-copia.jpg\",\"contentUrl\":\"https:\/\/salumitalia.it\/wp-content\/uploads\/2024\/07\/FONDI-UE_luglio-copia.jpg\",\"width\":1181,\"height\":1181},{\"@type\":\"BreadcrumbList\",\"@id\":\"https:\/\/salumitalia.it\/news\/fondi-per-la-promozione-ue-preoccupa-il-taglio-proposto-dalla-commissione\/#breadcrumb\",\"itemListElement\":[{\"@type\":\"ListItem\",\"position\":1,\"name\":\"Home\",\"item\":\"https:\/\/salumitalia.it\/fr\/\"},{\"@type\":\"ListItem\",\"position\":2,\"name\":\"FONDI PER LA PROMOZIONE UE: PREOCCUPA IL TAGLIO PROPOSTO DALLA COMMISSIONE\"}]},{\"@type\":\"WebSite\",\"@id\":\"https:\/\/salumitalia.it\/#website\",\"url\":\"https:\/\/salumitalia.it\/\",\"name\":\"Salumi Italia\",\"description\":\"\",\"potentialAction\":[{\"@type\":\"SearchAction\",\"target\":{\"@type\":\"EntryPoint\",\"urlTemplate\":\"https:\/\/salumitalia.it\/?s={search_term_string}\"},\"query-input\":{\"@type\":\"PropertyValueSpecification\",\"valueRequired\":true,\"valueName\":\"search_term_string\"}}],\"inLanguage\":\"fr-FR\"},{\"@type\":\"Person\",\"@id\":\"https:\/\/salumitalia.it\/#\/schema\/person\/97fc7518eb94af827f7984af0598ae06\",\"name\":\"Stefano Parisi\",\"image\":{\"@type\":\"ImageObject\",\"inLanguage\":\"fr-FR\",\"@id\":\"https:\/\/salumitalia.it\/#\/schema\/person\/image\/\",\"url\":\"https:\/\/secure.gravatar.com\/avatar\/8d04f5816680fb9894ef6d8bd1dda235bb15aaa30080ccd649226c646a556a0a?s=96&d=mm&r=g\",\"contentUrl\":\"https:\/\/secure.gravatar.com\/avatar\/8d04f5816680fb9894ef6d8bd1dda235bb15aaa30080ccd649226c646a556a0a?s=96&d=mm&r=g\",\"caption\":\"Stefano Parisi\"},\"url\":\"https:\/\/salumitalia.it\/fr\/author\/parisiassica-it\/\"}]}<\/script>\n<!-- \/ Yoast SEO plugin. -->","yoast_head_json":{"title":"Salumi Italia - FONDI PER LA PROMOZIONE UE: PREOCCUPA IL TAGLIO PROPOSTO DALLA COMMISSIONE","robots":{"index":"index","follow":"follow","max-snippet":"max-snippet:-1","max-image-preview":"max-image-preview:large","max-video-preview":"max-video-preview:-1"},"canonical":"https:\/\/salumitalia.it\/news\/fondi-per-la-promozione-ue-preoccupa-il-taglio-proposto-dalla-commissione\/","og_locale":"fr_FR","og_type":"article","og_title":"Salumi Italia - FONDI PER LA PROMOZIONE UE: PREOCCUPA IL TAGLIO PROPOSTO DALLA COMMISSIONE","og_description":"Preoccupa il taglio del budget europeo per la promozione dei prodotti agricoli. La Commissione europea ha proposto di dimezzare i finanziamenti per la promozione dell&#8217;agroalimentare per il 2025 che passeranno [&hellip;]","og_url":"https:\/\/salumitalia.it\/news\/fondi-per-la-promozione-ue-preoccupa-il-taglio-proposto-dalla-commissione\/","og_site_name":"Salumi Italia","article_published_time":"2024-07-15T14:24:56+00:00","article_modified_time":"2024-07-25T15:47:53+00:00","og_image":[{"width":1181,"height":1181,"url":"https:\/\/salumitalia.it\/wp-content\/uploads\/2024\/07\/FONDI-UE_luglio-copia.jpg","type":"image\/jpeg"}],"author":"Stefano Parisi","twitter_card":"summary_large_image","twitter_misc":{"Written by":"Stefano Parisi","Est. reading time":"3 minutes"},"schema":{"@context":"https:\/\/schema.org","@graph":[{"@type":"WebPage","@id":"https:\/\/salumitalia.it\/news\/fondi-per-la-promozione-ue-preoccupa-il-taglio-proposto-dalla-commissione\/","url":"https:\/\/salumitalia.it\/news\/fondi-per-la-promozione-ue-preoccupa-il-taglio-proposto-dalla-commissione\/","name":"Salumi Italia - FONDI PER LA PROMOZIONE UE: PREOCCUPA IL TAGLIO PROPOSTO DALLA COMMISSIONE","isPartOf":{"@id":"https:\/\/salumitalia.it\/#website"},"primaryImageOfPage":{"@id":"https:\/\/salumitalia.it\/news\/fondi-per-la-promozione-ue-preoccupa-il-taglio-proposto-dalla-commissione\/#primaryimage"},"image":{"@id":"https:\/\/salumitalia.it\/news\/fondi-per-la-promozione-ue-preoccupa-il-taglio-proposto-dalla-commissione\/#primaryimage"},"thumbnailUrl":"https:\/\/salumitalia.it\/wp-content\/uploads\/2024\/07\/FONDI-UE_luglio-copia.jpg","datePublished":"2024-07-15T14:24:56+00:00","dateModified":"2024-07-25T15:47:53+00:00","author":{"@id":"https:\/\/salumitalia.it\/#\/schema\/person\/97fc7518eb94af827f7984af0598ae06"},"breadcrumb":{"@id":"https:\/\/salumitalia.it\/news\/fondi-per-la-promozione-ue-preoccupa-il-taglio-proposto-dalla-commissione\/#breadcrumb"},"inLanguage":"fr-FR","potentialAction":[{"@type":"ReadAction","target":["https:\/\/salumitalia.it\/news\/fondi-per-la-promozione-ue-preoccupa-il-taglio-proposto-dalla-commissione\/"]}]},{"@type":"ImageObject","inLanguage":"fr-FR","@id":"https:\/\/salumitalia.it\/news\/fondi-per-la-promozione-ue-preoccupa-il-taglio-proposto-dalla-commissione\/#primaryimage","url":"https:\/\/salumitalia.it\/wp-content\/uploads\/2024\/07\/FONDI-UE_luglio-copia.jpg","contentUrl":"https:\/\/salumitalia.it\/wp-content\/uploads\/2024\/07\/FONDI-UE_luglio-copia.jpg","width":1181,"height":1181},{"@type":"BreadcrumbList","@id":"https:\/\/salumitalia.it\/news\/fondi-per-la-promozione-ue-preoccupa-il-taglio-proposto-dalla-commissione\/#breadcrumb","itemListElement":[{"@type":"ListItem","position":1,"name":"Home","item":"https:\/\/salumitalia.it\/fr\/"},{"@type":"ListItem","position":2,"name":"FONDI PER LA PROMOZIONE UE: PREOCCUPA IL TAGLIO PROPOSTO DALLA COMMISSIONE"}]},{"@type":"WebSite","@id":"https:\/\/salumitalia.it\/#website","url":"https:\/\/salumitalia.it\/","name":"Salumi Italia","description":"","potentialAction":[{"@type":"SearchAction","target":{"@type":"EntryPoint","urlTemplate":"https:\/\/salumitalia.it\/?s={search_term_string}"},"query-input":{"@type":"PropertyValueSpecification","valueRequired":true,"valueName":"search_term_string"}}],"inLanguage":"fr-FR"},{"@type":"Person","@id":"https:\/\/salumitalia.it\/#\/schema\/person\/97fc7518eb94af827f7984af0598ae06","name":"Stefano Parisi","image":{"@type":"ImageObject","inLanguage":"fr-FR","@id":"https:\/\/salumitalia.it\/#\/schema\/person\/image\/","url":"https:\/\/secure.gravatar.com\/avatar\/8d04f5816680fb9894ef6d8bd1dda235bb15aaa30080ccd649226c646a556a0a?s=96&d=mm&r=g","contentUrl":"https:\/\/secure.gravatar.com\/avatar\/8d04f5816680fb9894ef6d8bd1dda235bb15aaa30080ccd649226c646a556a0a?s=96&d=mm&r=g","caption":"Stefano Parisi"},"url":"https:\/\/salumitalia.it\/fr\/author\/parisiassica-it\/"}]}},"_links":{"self":[{"href":"https:\/\/salumitalia.it\/fr\/wp-json\/wp\/v2\/posts\/4983","targetHints":{"allow":["GET"]}}],"collection":[{"href":"https:\/\/salumitalia.it\/fr\/wp-json\/wp\/v2\/posts"}],"about":[{"href":"https:\/\/salumitalia.it\/fr\/wp-json\/wp\/v2\/types\/post"}],"author":[{"embeddable":true,"href":"https:\/\/salumitalia.it\/fr\/wp-json\/wp\/v2\/users\/5"}],"replies":[{"embeddable":true,"href":"https:\/\/salumitalia.it\/fr\/wp-json\/wp\/v2\/comments?post=4983"}],"version-history":[{"count":3,"href":"https:\/\/salumitalia.it\/fr\/wp-json\/wp\/v2\/posts\/4983\/revisions"}],"predecessor-version":[{"id":5055,"href":"https:\/\/salumitalia.it\/fr\/wp-json\/wp\/v2\/posts\/4983\/revisions\/5055"}],"wp:featuredmedia":[{"embeddable":true,"href":"https:\/\/salumitalia.it\/fr\/wp-json\/wp\/v2\/media\/4984"}],"wp:attachment":[{"href":"https:\/\/salumitalia.it\/fr\/wp-json\/wp\/v2\/media?parent=4983"}],"wp:term":[{"taxonomy":"category","embeddable":true,"href":"https:\/\/salumitalia.it\/fr\/wp-json\/wp\/v2\/categories?post=4983"},{"taxonomy":"post_tag","embeddable":true,"href":"https:\/\/salumitalia.it\/fr\/wp-json\/wp\/v2\/tags?post=4983"}],"curies":[{"name":"wp","href":"https:\/\/api.w.org\/{rel}","templated":true}]}}