{"id":4319,"date":"2023-12-01T16:59:46","date_gmt":"2023-12-01T15:59:46","guid":{"rendered":"https:\/\/www.isitsalumi.it\/?p=4319"},"modified":"2023-12-01T16:59:46","modified_gmt":"2023-12-01T15:59:46","slug":"masaf-atteso-il-provvedimento-attuativo-per-la-misura-da-25-milioni-per-la-valorizzazione-delle-dop-igp","status":"publish","type":"post","link":"https:\/\/salumitalia.it\/fr\/news\/masaf-atteso-il-provvedimento-attuativo-per-la-misura-da-25-milioni-per-la-valorizzazione-delle-dop-igp\/","title":{"rendered":"MASAF: ATTESO IL PROVVEDIMENTO ATTUATIVO PER LA MISURA DA 25 MILIONI PER LA VALORIZZAZIONE DELLE DOP-IGP"},"content":{"rendered":"<p>Nella Gazzetta Ufficiale 8 novembre 2023, Serie generale n. 261, \u00e8 stato pubblicato il Decreto 5 settembre 2023 (<em>Interventi per la filiera agroalimentare<\/em>) dopo essere stato registrato alla Corte dei Conti lo scorso 20 ottobre 2023.<\/p>\n<p>Le\u00a0<strong>modalit\u00e0 applicative e di dettaglio<\/strong>\u00a0del decreto saranno oggetto di apposito provvedimento ministeriale da emanarsi entro\u00a0<strong>sessanta giorni<\/strong>\u00a0dalla data di entrata in vigore del decreto (9 novembre 2023).<\/p>\n<p>Il decreto definisce i criteri e le modalit\u00e0 di utilizzazione di una quota parte delle risorse finanziarie del \u00abFondo per lo sviluppo e il sostegno delle filiere agricole, della pesca e dell\u2019acquacoltura\u00bb, per il perseguimento di interventi, sul territorio nazionale ed in campo internazionale, volti a:<\/p>\n<ol>\n<li>sostenere ed incrementare la\u00a0<strong>commercializzazione dei prodotti agroalimentari designati da una DOP o da una IGP<\/strong>;<\/li>\n<li>sviluppare\u00a0<strong>azioni di informazione e divulgazione<\/strong>\u00a0per migliorare la comunicazione sull\u2019origine, le propriet\u00e0, le caratteristiche e le qualit\u00e0 dei prodotti agroalimentari designati da una DOP o da una IGP;<\/li>\n<li>sostenere azioni per lo\u00a0<strong>sviluppo dei prodotti agroalimentari designati da una DOP o da una IGP<\/strong>;<\/li>\n<li><strong>incrementare la rappresentativit\u00e0 dei consorzi di tutela<\/strong>, all\u2019interno delle pertinenti filiere produttive, cosi\u0300 come individuate dall\u2019art. 2 del decreto del Ministro delle politiche agricole e forestali del 12 aprile 2000, pubblicato nella\u00a0<em>Gazzetta Ufficiale\u00a0<\/em>della Repubblica italiana n. 97 del 27 aprile 2000, avente ad oggetto l\u2019individuazione dei criteri di rappresentanza negli organi sociali dei consorzi di tutela delle denominazioni di origine protette (DOP) e delle indicazioni geografi- che protette (IGP).<\/li>\n<\/ol>\n<p>Ammessi a presentare domanda di contributo (possibile una sola domanda) sono i\u00a0<strong>Consorzi di tutela e le Associazioni temporanee fra i Consorzi di tutela<\/strong>.<\/p>\n<p>A essere finanziate:<\/p>\n<ol>\n<li><strong>campagne di informazione<\/strong>, in particolare sui sistemi delle denominazioni di origine e delle indicazioni geografiche;<\/li>\n<li><strong>azioni in materia di relazioni pubbliche, promozione e pubblicit\u00e0<\/strong>\u00a0veicolate attraverso i principali mezzi di comunicazione tradizionale (ad esempio, stampa, tv, radio, affissioni e merchandising) e i canali digitali (ad esempio, azioni web e new media tramite social network), che mettano in rilievo gli elevati standard dei prodotti agroalimentari, in particolare in termini di qualit\u00e0, sicurezza alimentare o sostenibilit\u00e0;<\/li>\n<li><strong>partecipazioni a fiere ed esposizioni<\/strong>\u00a0di rilevanza nazionale ed internazionale;<\/li>\n<li>attivit\u00e0 di divulgazione, informazione e formazione rivolta ad operatori del settore della\u00a0<strong>distribuzione e del canale HO.RE.CA<\/strong>.;<\/li>\n<li><strong>costi di sviluppo<\/strong>, quale applicazione dei risultati della ricerca di base o di altre conoscenze, volti alla\u00a0<strong>modifica dei disciplinari di produzione<\/strong>\u00a0dei prodotti designati da DOP o IGP, che determinino, nel rispetto della tradizione, miglioramenti sotto il profilo della\u00a0<strong>sostenibilit\u00e0<\/strong>.<\/li>\n<\/ol>\n<p>Si considerano \u00abcosti di impianto e ampliamento\u00bb per lo svolgimento delle attivit\u00e0 di cui sopra individuate dalle lettere da a) a d) quei costi:<\/p>\n<ul>\n<li>finalizzati a valorizzare DOP o IGP per le quali esistano Consorzi di tutela riconosciuti da non oltre 5 anni (decorrenti da data di emanazione del decreto ministeriale di riconoscimento)<\/li>\n<li>volti ad accrescere la capacit\u00e0 operativa dei soggetti beneficiari per l\u2019apertura di nuovi mercati nazionali e\/o internazionali dei prodotti agroalimentari DOP\/IGP per i quali esistano Consorzi di tutela riconosciuti da oltre 5 anni.<\/li>\n<\/ul>\n<p>Le attivit\u00e0 finanziate devono essere svolte entro quindici mesi dalla data di concessione del contributo. Pu\u00f2 essere concesso un contributo, in conto capitale, non superiore a 300.000,00 euro per le domande presentate dai Consorzi di tutela oppure non superiore a 500.000,00 euro per le domande presentate dalle associazioni temporanee fra Consorzi. Il contributo richiesto non pu\u00f2 essere inferiore a 60.000,00 euro.<\/p>\n<p>Al seguente link il testo del decreto pubblicato in Gazzetta Ufficiale:<\/p>\n<p><a href=\"https:\/\/www.gazzettaufficiale.it\/eli\/id\/2023\/11\/08\/23A06072\/sg\">https:\/\/www.gazzettaufficiale.it\/eli\/id\/2023\/11\/08\/23A06072\/sg<\/a><\/p>\n<p>&nbsp;<\/p>\n<p>ISIT, ora, in coordinamento con le principali Associazioni di settore, sensibilizza l\u2019amministrazione per l\u2019adozione di un decreto direttoriale che consenta un fattivo sostegno ai Consorzi di tutela, soggetti beneficiari del decreto. Sar\u00e0 fondamentale ad esempio \u00a0la definizione di percentuali di cofinanziamento congrue alla difficile situazione di mercato e una interpretazione il pi\u00f9 inclusiva possibile delle azioni finanziabili, in modo da consentite a quanti pi\u00f9 Consorzi di beneficiare di questa importante opportunit\u00e0<\/p>\n","protected":false},"excerpt":{"rendered":"<p>Nella Gazzetta Ufficiale 8 novembre 2023, Serie generale n. 261, \u00e8 stato pubblicato il Decreto 5 settembre 2023 (Interventi per la filiera agroalimentare) dopo essere stato registrato alla Corte dei [&hellip;]<\/p>\n","protected":false},"author":5,"featured_media":4298,"comment_status":"closed","ping_status":"closed","sticky":false,"template":"","format":"standard","meta":{"_acf_changed":false,"footnotes":""},"categories":[1],"tags":[],"class_list":["post-4319","post","type-post","status-publish","format-standard","has-post-thumbnail","hentry","category-news"],"acf":[],"yoast_head":"<!-- This site is optimized with the Yoast SEO plugin v24.8.1 - https:\/\/yoast.com\/wordpress\/plugins\/seo\/ -->\n<title>Salumi Italia - MASAF: ATTESO IL PROVVEDIMENTO ATTUATIVO PER LA MISURA DA 25 MILIONI PER LA VALORIZZAZIONE DELLE DOP-IGP<\/title>\n<meta name=\"robots\" content=\"index, follow, max-snippet:-1, max-image-preview:large, max-video-preview:-1\" \/>\n<link rel=\"canonical\" href=\"https:\/\/salumitalia.it\/news\/masaf-atteso-il-provvedimento-attuativo-per-la-misura-da-25-milioni-per-la-valorizzazione-delle-dop-igp\/\" \/>\n<meta property=\"og:locale\" content=\"fr_FR\" \/>\n<meta property=\"og:type\" content=\"article\" \/>\n<meta property=\"og:title\" content=\"Salumi Italia - MASAF: ATTESO IL PROVVEDIMENTO ATTUATIVO PER LA MISURA DA 25 MILIONI PER LA VALORIZZAZIONE DELLE DOP-IGP\" \/>\n<meta property=\"og:description\" content=\"Nella Gazzetta Ufficiale 8 novembre 2023, Serie generale n. 261, \u00e8 stato pubblicato il Decreto 5 settembre 2023 (Interventi per la filiera agroalimentare) dopo essere stato registrato alla Corte dei [&hellip;]\" \/>\n<meta property=\"og:url\" content=\"https:\/\/salumitalia.it\/news\/masaf-atteso-il-provvedimento-attuativo-per-la-misura-da-25-milioni-per-la-valorizzazione-delle-dop-igp\/\" \/>\n<meta property=\"og:site_name\" content=\"Salumi Italia\" \/>\n<meta property=\"article:published_time\" content=\"2023-12-01T15:59:46+00:00\" \/>\n<meta property=\"og:image\" content=\"https:\/\/salumitalia.it\/wp-content\/uploads\/2023\/11\/25mio.jpg\" \/>\n\t<meta property=\"og:image:width\" content=\"1181\" \/>\n\t<meta property=\"og:image:height\" content=\"1181\" \/>\n\t<meta property=\"og:image:type\" content=\"image\/jpeg\" \/>\n<meta name=\"author\" content=\"Stefano Parisi\" \/>\n<meta name=\"twitter:card\" content=\"summary_large_image\" \/>\n<meta name=\"twitter:label1\" content=\"Written by\" \/>\n\t<meta name=\"twitter:data1\" content=\"Stefano Parisi\" \/>\n\t<meta name=\"twitter:label2\" content=\"Est. reading time\" \/>\n\t<meta name=\"twitter:data2\" content=\"4 minutes\" \/>\n<script type=\"application\/ld+json\" class=\"yoast-schema-graph\">{\"@context\":\"https:\/\/schema.org\",\"@graph\":[{\"@type\":\"WebPage\",\"@id\":\"https:\/\/salumitalia.it\/news\/masaf-atteso-il-provvedimento-attuativo-per-la-misura-da-25-milioni-per-la-valorizzazione-delle-dop-igp\/\",\"url\":\"https:\/\/salumitalia.it\/news\/masaf-atteso-il-provvedimento-attuativo-per-la-misura-da-25-milioni-per-la-valorizzazione-delle-dop-igp\/\",\"name\":\"Salumi Italia - MASAF: ATTESO IL PROVVEDIMENTO ATTUATIVO PER LA MISURA DA 25 MILIONI PER LA VALORIZZAZIONE DELLE DOP-IGP\",\"isPartOf\":{\"@id\":\"https:\/\/salumitalia.it\/#website\"},\"primaryImageOfPage\":{\"@id\":\"https:\/\/salumitalia.it\/news\/masaf-atteso-il-provvedimento-attuativo-per-la-misura-da-25-milioni-per-la-valorizzazione-delle-dop-igp\/#primaryimage\"},\"image\":{\"@id\":\"https:\/\/salumitalia.it\/news\/masaf-atteso-il-provvedimento-attuativo-per-la-misura-da-25-milioni-per-la-valorizzazione-delle-dop-igp\/#primaryimage\"},\"thumbnailUrl\":\"https:\/\/salumitalia.it\/wp-content\/uploads\/2023\/11\/25mio.jpg\",\"datePublished\":\"2023-12-01T15:59:46+00:00\",\"author\":{\"@id\":\"https:\/\/salumitalia.it\/#\/schema\/person\/97fc7518eb94af827f7984af0598ae06\"},\"breadcrumb\":{\"@id\":\"https:\/\/salumitalia.it\/news\/masaf-atteso-il-provvedimento-attuativo-per-la-misura-da-25-milioni-per-la-valorizzazione-delle-dop-igp\/#breadcrumb\"},\"inLanguage\":\"fr-FR\",\"potentialAction\":[{\"@type\":\"ReadAction\",\"target\":[\"https:\/\/salumitalia.it\/news\/masaf-atteso-il-provvedimento-attuativo-per-la-misura-da-25-milioni-per-la-valorizzazione-delle-dop-igp\/\"]}]},{\"@type\":\"ImageObject\",\"inLanguage\":\"fr-FR\",\"@id\":\"https:\/\/salumitalia.it\/news\/masaf-atteso-il-provvedimento-attuativo-per-la-misura-da-25-milioni-per-la-valorizzazione-delle-dop-igp\/#primaryimage\",\"url\":\"https:\/\/salumitalia.it\/wp-content\/uploads\/2023\/11\/25mio.jpg\",\"contentUrl\":\"https:\/\/salumitalia.it\/wp-content\/uploads\/2023\/11\/25mio.jpg\",\"width\":1181,\"height\":1181},{\"@type\":\"BreadcrumbList\",\"@id\":\"https:\/\/salumitalia.it\/news\/masaf-atteso-il-provvedimento-attuativo-per-la-misura-da-25-milioni-per-la-valorizzazione-delle-dop-igp\/#breadcrumb\",\"itemListElement\":[{\"@type\":\"ListItem\",\"position\":1,\"name\":\"Home\",\"item\":\"https:\/\/salumitalia.it\/fr\/\"},{\"@type\":\"ListItem\",\"position\":2,\"name\":\"MASAF: ATTESO IL PROVVEDIMENTO ATTUATIVO PER LA MISURA DA 25 MILIONI PER LA VALORIZZAZIONE DELLE DOP-IGP\"}]},{\"@type\":\"WebSite\",\"@id\":\"https:\/\/salumitalia.it\/#website\",\"url\":\"https:\/\/salumitalia.it\/\",\"name\":\"Salumi Italia\",\"description\":\"\",\"potentialAction\":[{\"@type\":\"SearchAction\",\"target\":{\"@type\":\"EntryPoint\",\"urlTemplate\":\"https:\/\/salumitalia.it\/?s={search_term_string}\"},\"query-input\":{\"@type\":\"PropertyValueSpecification\",\"valueRequired\":true,\"valueName\":\"search_term_string\"}}],\"inLanguage\":\"fr-FR\"},{\"@type\":\"Person\",\"@id\":\"https:\/\/salumitalia.it\/#\/schema\/person\/97fc7518eb94af827f7984af0598ae06\",\"name\":\"Stefano Parisi\",\"image\":{\"@type\":\"ImageObject\",\"inLanguage\":\"fr-FR\",\"@id\":\"https:\/\/salumitalia.it\/#\/schema\/person\/image\/\",\"url\":\"https:\/\/secure.gravatar.com\/avatar\/8d04f5816680fb9894ef6d8bd1dda235bb15aaa30080ccd649226c646a556a0a?s=96&d=mm&r=g\",\"contentUrl\":\"https:\/\/secure.gravatar.com\/avatar\/8d04f5816680fb9894ef6d8bd1dda235bb15aaa30080ccd649226c646a556a0a?s=96&d=mm&r=g\",\"caption\":\"Stefano Parisi\"},\"url\":\"https:\/\/salumitalia.it\/fr\/author\/parisiassica-it\/\"}]}<\/script>\n<!-- \/ Yoast SEO plugin. -->","yoast_head_json":{"title":"Salumi Italia - MASAF: ATTESO IL PROVVEDIMENTO ATTUATIVO PER LA MISURA DA 25 MILIONI PER LA VALORIZZAZIONE DELLE DOP-IGP","robots":{"index":"index","follow":"follow","max-snippet":"max-snippet:-1","max-image-preview":"max-image-preview:large","max-video-preview":"max-video-preview:-1"},"canonical":"https:\/\/salumitalia.it\/news\/masaf-atteso-il-provvedimento-attuativo-per-la-misura-da-25-milioni-per-la-valorizzazione-delle-dop-igp\/","og_locale":"fr_FR","og_type":"article","og_title":"Salumi Italia - MASAF: ATTESO IL PROVVEDIMENTO ATTUATIVO PER LA MISURA DA 25 MILIONI PER LA VALORIZZAZIONE DELLE DOP-IGP","og_description":"Nella Gazzetta Ufficiale 8 novembre 2023, Serie generale n. 261, \u00e8 stato pubblicato il Decreto 5 settembre 2023 (Interventi per la filiera agroalimentare) dopo essere stato registrato alla Corte dei [&hellip;]","og_url":"https:\/\/salumitalia.it\/news\/masaf-atteso-il-provvedimento-attuativo-per-la-misura-da-25-milioni-per-la-valorizzazione-delle-dop-igp\/","og_site_name":"Salumi Italia","article_published_time":"2023-12-01T15:59:46+00:00","og_image":[{"width":1181,"height":1181,"url":"https:\/\/salumitalia.it\/wp-content\/uploads\/2023\/11\/25mio.jpg","type":"image\/jpeg"}],"author":"Stefano Parisi","twitter_card":"summary_large_image","twitter_misc":{"Written by":"Stefano Parisi","Est. reading time":"4 minutes"},"schema":{"@context":"https:\/\/schema.org","@graph":[{"@type":"WebPage","@id":"https:\/\/salumitalia.it\/news\/masaf-atteso-il-provvedimento-attuativo-per-la-misura-da-25-milioni-per-la-valorizzazione-delle-dop-igp\/","url":"https:\/\/salumitalia.it\/news\/masaf-atteso-il-provvedimento-attuativo-per-la-misura-da-25-milioni-per-la-valorizzazione-delle-dop-igp\/","name":"Salumi Italia - MASAF: ATTESO IL PROVVEDIMENTO ATTUATIVO PER LA MISURA DA 25 MILIONI PER LA VALORIZZAZIONE DELLE DOP-IGP","isPartOf":{"@id":"https:\/\/salumitalia.it\/#website"},"primaryImageOfPage":{"@id":"https:\/\/salumitalia.it\/news\/masaf-atteso-il-provvedimento-attuativo-per-la-misura-da-25-milioni-per-la-valorizzazione-delle-dop-igp\/#primaryimage"},"image":{"@id":"https:\/\/salumitalia.it\/news\/masaf-atteso-il-provvedimento-attuativo-per-la-misura-da-25-milioni-per-la-valorizzazione-delle-dop-igp\/#primaryimage"},"thumbnailUrl":"https:\/\/salumitalia.it\/wp-content\/uploads\/2023\/11\/25mio.jpg","datePublished":"2023-12-01T15:59:46+00:00","author":{"@id":"https:\/\/salumitalia.it\/#\/schema\/person\/97fc7518eb94af827f7984af0598ae06"},"breadcrumb":{"@id":"https:\/\/salumitalia.it\/news\/masaf-atteso-il-provvedimento-attuativo-per-la-misura-da-25-milioni-per-la-valorizzazione-delle-dop-igp\/#breadcrumb"},"inLanguage":"fr-FR","potentialAction":[{"@type":"ReadAction","target":["https:\/\/salumitalia.it\/news\/masaf-atteso-il-provvedimento-attuativo-per-la-misura-da-25-milioni-per-la-valorizzazione-delle-dop-igp\/"]}]},{"@type":"ImageObject","inLanguage":"fr-FR","@id":"https:\/\/salumitalia.it\/news\/masaf-atteso-il-provvedimento-attuativo-per-la-misura-da-25-milioni-per-la-valorizzazione-delle-dop-igp\/#primaryimage","url":"https:\/\/salumitalia.it\/wp-content\/uploads\/2023\/11\/25mio.jpg","contentUrl":"https:\/\/salumitalia.it\/wp-content\/uploads\/2023\/11\/25mio.jpg","width":1181,"height":1181},{"@type":"BreadcrumbList","@id":"https:\/\/salumitalia.it\/news\/masaf-atteso-il-provvedimento-attuativo-per-la-misura-da-25-milioni-per-la-valorizzazione-delle-dop-igp\/#breadcrumb","itemListElement":[{"@type":"ListItem","position":1,"name":"Home","item":"https:\/\/salumitalia.it\/fr\/"},{"@type":"ListItem","position":2,"name":"MASAF: ATTESO IL PROVVEDIMENTO ATTUATIVO PER LA MISURA DA 25 MILIONI PER LA VALORIZZAZIONE DELLE DOP-IGP"}]},{"@type":"WebSite","@id":"https:\/\/salumitalia.it\/#website","url":"https:\/\/salumitalia.it\/","name":"Salumi Italia","description":"","potentialAction":[{"@type":"SearchAction","target":{"@type":"EntryPoint","urlTemplate":"https:\/\/salumitalia.it\/?s={search_term_string}"},"query-input":{"@type":"PropertyValueSpecification","valueRequired":true,"valueName":"search_term_string"}}],"inLanguage":"fr-FR"},{"@type":"Person","@id":"https:\/\/salumitalia.it\/#\/schema\/person\/97fc7518eb94af827f7984af0598ae06","name":"Stefano Parisi","image":{"@type":"ImageObject","inLanguage":"fr-FR","@id":"https:\/\/salumitalia.it\/#\/schema\/person\/image\/","url":"https:\/\/secure.gravatar.com\/avatar\/8d04f5816680fb9894ef6d8bd1dda235bb15aaa30080ccd649226c646a556a0a?s=96&d=mm&r=g","contentUrl":"https:\/\/secure.gravatar.com\/avatar\/8d04f5816680fb9894ef6d8bd1dda235bb15aaa30080ccd649226c646a556a0a?s=96&d=mm&r=g","caption":"Stefano Parisi"},"url":"https:\/\/salumitalia.it\/fr\/author\/parisiassica-it\/"}]}},"_links":{"self":[{"href":"https:\/\/salumitalia.it\/fr\/wp-json\/wp\/v2\/posts\/4319","targetHints":{"allow":["GET"]}}],"collection":[{"href":"https:\/\/salumitalia.it\/fr\/wp-json\/wp\/v2\/posts"}],"about":[{"href":"https:\/\/salumitalia.it\/fr\/wp-json\/wp\/v2\/types\/post"}],"author":[{"embeddable":true,"href":"https:\/\/salumitalia.it\/fr\/wp-json\/wp\/v2\/users\/5"}],"replies":[{"embeddable":true,"href":"https:\/\/salumitalia.it\/fr\/wp-json\/wp\/v2\/comments?post=4319"}],"version-history":[{"count":1,"href":"https:\/\/salumitalia.it\/fr\/wp-json\/wp\/v2\/posts\/4319\/revisions"}],"predecessor-version":[{"id":4320,"href":"https:\/\/salumitalia.it\/fr\/wp-json\/wp\/v2\/posts\/4319\/revisions\/4320"}],"wp:featuredmedia":[{"embeddable":true,"href":"https:\/\/salumitalia.it\/fr\/wp-json\/wp\/v2\/media\/4298"}],"wp:attachment":[{"href":"https:\/\/salumitalia.it\/fr\/wp-json\/wp\/v2\/media?parent=4319"}],"wp:term":[{"taxonomy":"category","embeddable":true,"href":"https:\/\/salumitalia.it\/fr\/wp-json\/wp\/v2\/categories?post=4319"},{"taxonomy":"post_tag","embeddable":true,"href":"https:\/\/salumitalia.it\/fr\/wp-json\/wp\/v2\/tags?post=4319"}],"curies":[{"name":"wp","href":"https:\/\/api.w.org\/{rel}","templated":true}]}}