{"id":4114,"date":"2023-08-30T15:12:14","date_gmt":"2023-08-30T13:12:14","guid":{"rendered":"https:\/\/www.isitsalumi.it\/?p=4114"},"modified":"2023-09-06T15:25:02","modified_gmt":"2023-09-06T13:25:02","slug":"traguardo-storico-per-i-salumi-di-toscana-e-umbria-che-ottengono-latteso-riconoscimento-per-export-usa","status":"publish","type":"post","link":"https:\/\/salumitalia.it\/fr\/news\/traguardo-storico-per-i-salumi-di-toscana-e-umbria-che-ottengono-latteso-riconoscimento-per-export-usa\/","title":{"rendered":"EXPORT USA: TRAGUARDO STORICO PER I SALUMI DI TOSCANA E UMBRIA. PUBBLICATA LA NOTICE PER L&#8217;AMPIAMENTO DELLA &#8220;MACROREGIONE&#8221;\u00a0"},"content":{"rendered":"<p>Dopo circa sette anni dalla prima missione in Italia degli ispettori APHIS, volta ad esaminare i sistemi di controllo adottati nei confronti della Malattia vescicolare del suino (MVS) dalle Regioni Umbria e Toscana, il dossier per includere le due Regioni nella \u201cmacroregione del Nord\u201d ha registrato un positivo passo in avanti.<\/p>\n<p>\u00c8 stato difatti pubblicato sul Federal Register una Notice of availability con la quale APHIS (Animal and Plant Health Inspection Service) mette a disposizione del pubblico per eventuali commenti la proposta di riconoscimento delle Regioni Umbria e Toscana come indenni da Malattia vescicolare.<\/p>\n<p>Si attende ora il completamento delle procedure amministrative che consentiranno anche a queste regioni italiane di poter esportare negli Stati Uniti prodotti a base di carne con stagionatura inferiore ai 400 giorni. L\u2019estensione a Toscana ed Umbria dello status di indennit\u00e0, risulterebbe estremamente strategico per tutto il settore.<\/p>\n<p>Il risultato premia il grande lavoro dell\u2019intero sistema, Istituzioni, Consorzi e Associazioni di categoria. In particolare, decisivo l\u2019impegno di ASSICA che ha seguito da subito e con costanza tutti le fasi preparatorie e istruttorie che hanno condotto a questo importante risultato.<\/p>\n<p>Di seguito il comunicato stampa congiunto del Consorzio del Prosciutto Toscano DOP e del Consorzio della Finocchiona IGP.<\/p>\n<p><strong>\u00a0<\/strong><strong><em>24 agosto 2023<\/em><\/strong> &#8211; Con estrema soddisfazione i Consorzi di Tutela della Finocchiona IGP, per la Toscana, e del Prosciutto di Norcia IGP, per l\u2019Umbria, dopo un intenso impegno e lavoro coordinato svolto a supporto delle aziende di salumeria delle rispettive regioni, annunciano il favorevole esito dell\u2019esame svolto dalla autorit\u00e0 statunitensi in merito al riconoscimento di Toscana e Umbria come territori indenni dalla Malattia Vescicolare Suina. Questo si tradurr\u00e0, al termine del periodo di 60 giorni dalla pubblicazione sul Federal Register, nella possibilit\u00e0 per i salumifici toscani, relativamente ai prodotti con meno di 400 giorni di stagionatura, e per tutta la salumeria umbra in future importanti opportunit\u00e0 commerciali e di lavoro.<\/p>\n<p>Un risultato di estrema importanza che giunge a coronamento dell\u2019intensa attivit\u00e0 svolta in modo sinergico dai due Consorzi. Un lavoro di squadra che ha potuto contare sull\u2019indispensabile supporto delle istituzioni che si sono spese per il raggiungimento di un traguardo che segna in modo positivo il futuro di molte realt\u00e0 produttive dei due territori. Fondamentale, in tal senso, il lavoro svolto in prima persona dal Ministro degli Affari Esteri e Vicepresidente del Consiglio On. Antonio Tajani che, nel corso dei suoi incontri sostenuti con la autorit\u00e0 americane, prime fra tutte la Vicepresidente Kamala Harris ed il Segretario di Stato Antony Blinken, ha perorato le produzioni di qualit\u00e0 toscane ed umbre, vera espressione dei territori; un\u2019importante attivit\u00e0 di tessitura in cui ha rivestito un ruolo da protagonista l\u2019On. Raffaele Nevi, rappresentante del territorio umbro.<\/p>\n<p>Il Ministero della Salute \u00e8 stato il principale attore dal punto di vista tecnico, grazie all\u2019importante opera svolta dal Ministro Orazio Schillaci e del Sottosegretario Gemmato e dagli uffici preposti che hanno lavorato alacremente, coordinati dai dirigenti Dr. Lecchini e dal Dr. Della Marta, per rispondere alle richieste delle autorit\u00e0 americane. Un ringraziamento va all\u2019attenzione e al supporto offerti dal Ministro Francesco Lollobrigida e dal Sottosegretario La Pietra del Ministero dell\u2019Agricoltura e della Sovranit\u00e0 Alimentare. L\u2019interesse e coinvolgimento dell\u2019Ambasciata italiana sono stati centrali grazie al prezioso supporto dell\u2019Ambasciatrice S.E. Zappia, del Dr. Moruzzi e della Dr.ssa Ciorba.<\/p>\n<p>Rilevante anche l\u2019apporto fornito dalle regioni di Toscana e Umbria, con i rispettivi assessorati coinvolti, che hanno supportato il riconoscimento fin dal primo momento collaborando negli anni, grazie all\u2019ottimo lavoro degli uffici competenti, al conseguimento di questo storico riconoscimento.<\/p>\n<p>E, aldil\u00e0 dell\u2019Oceano, un plauso all\u2019attento e preciso lavoro di verifica svolto dagli uffici americani che ha portato a compimento la richiesta avanzata dalle due regioni in grado, a loro volta, di rispettare gli elevati standard di qualit\u00e0 indispensabili per ottenere il pass per le esportazioni negli States.<\/p>\n<p>\u201cErano anni che attendevamo questo momento: la pubblicazione avvenuta in questi giorni \u00e8 la summa di un intenso lavoro di molte persone ad iniziare dai Consorzi, dalle regioni per arrivare alle istituzioni\u201d afferma Alessandro Iacomoni, Presidente del Consorzio di Tutela della Finocchiona IGP.<\/p>\n<p>\u201cSiamo lieti di questa notizia che aspettavamo da tempo, per l\u2019importanza strategica che riveste per le nostre imprese e per i nostri territori: un primo passo verso importanti opportunit\u00e0\u201d prosegue Pietro Bellini, Presidente del Consorzio di Tutela Prosciutto di Norcia IGP.<\/p>\n<p>L\u2019esito finale si avr\u00e0 al termine del periodo di osservazioni e commenti, che si concluder\u00e0 il 23 ottobre; ma la pubblicazione da parte delle autorit\u00e0 statunitensi rappresenta un primo importante step nella direzione di ampliare i mercati di riferimento dei prodotti elaborati in Italia portandoli sul territorio statunitense.<\/p>\n","protected":false},"excerpt":{"rendered":"<p>Dopo circa sette anni dalla prima missione in Italia degli ispettori APHIS, volta ad esaminare i sistemi di controllo adottati nei confronti della Malattia vescicolare del suino (MVS) dalle Regioni [&hellip;]<\/p>\n","protected":false},"author":5,"featured_media":4115,"comment_status":"closed","ping_status":"closed","sticky":false,"template":"","format":"standard","meta":{"_acf_changed":false,"footnotes":""},"categories":[1],"tags":[],"class_list":["post-4114","post","type-post","status-publish","format-standard","has-post-thumbnail","hentry","category-news"],"acf":[],"yoast_head":"<!-- This site is optimized with the Yoast SEO plugin v24.8.1 - https:\/\/yoast.com\/wordpress\/plugins\/seo\/ -->\n<title>Salumi Italia - EXPORT USA: TRAGUARDO STORICO PER I SALUMI DI TOSCANA E UMBRIA. PUBBLICATA LA NOTICE PER L&#039;AMPIAMENTO DELLA &quot;MACROREGIONE&quot;\u00a0<\/title>\n<meta name=\"robots\" content=\"index, follow, max-snippet:-1, max-image-preview:large, max-video-preview:-1\" \/>\n<link rel=\"canonical\" href=\"https:\/\/salumitalia.it\/news\/traguardo-storico-per-i-salumi-di-toscana-e-umbria-che-ottengono-latteso-riconoscimento-per-export-usa\/\" \/>\n<meta property=\"og:locale\" content=\"fr_FR\" \/>\n<meta property=\"og:type\" content=\"article\" \/>\n<meta property=\"og:title\" content=\"Salumi Italia - EXPORT USA: TRAGUARDO STORICO PER I SALUMI DI TOSCANA E UMBRIA. PUBBLICATA LA NOTICE PER L&#039;AMPIAMENTO DELLA &quot;MACROREGIONE&quot;\u00a0\" \/>\n<meta property=\"og:description\" content=\"Dopo circa sette anni dalla prima missione in Italia degli ispettori APHIS, volta ad esaminare i sistemi di controllo adottati nei confronti della Malattia vescicolare del suino (MVS) dalle Regioni [&hellip;]\" \/>\n<meta property=\"og:url\" content=\"https:\/\/salumitalia.it\/news\/traguardo-storico-per-i-salumi-di-toscana-e-umbria-che-ottengono-latteso-riconoscimento-per-export-usa\/\" \/>\n<meta property=\"og:site_name\" content=\"Salumi Italia\" \/>\n<meta property=\"article:published_time\" content=\"2023-08-30T13:12:14+00:00\" \/>\n<meta property=\"article:modified_time\" content=\"2023-09-06T13:25:02+00:00\" \/>\n<meta property=\"og:image\" content=\"https:\/\/salumitalia.it\/wp-content\/uploads\/2023\/08\/export-usa.jpg\" \/>\n\t<meta property=\"og:image:width\" content=\"1181\" \/>\n\t<meta property=\"og:image:height\" content=\"1181\" \/>\n\t<meta property=\"og:image:type\" content=\"image\/jpeg\" \/>\n<meta name=\"author\" content=\"Stefano Parisi\" \/>\n<meta name=\"twitter:card\" content=\"summary_large_image\" \/>\n<meta name=\"twitter:label1\" content=\"Written by\" \/>\n\t<meta name=\"twitter:data1\" content=\"Stefano Parisi\" \/>\n\t<meta name=\"twitter:label2\" content=\"Est. reading time\" \/>\n\t<meta name=\"twitter:data2\" content=\"5 minutes\" \/>\n<script type=\"application\/ld+json\" class=\"yoast-schema-graph\">{\"@context\":\"https:\/\/schema.org\",\"@graph\":[{\"@type\":\"WebPage\",\"@id\":\"https:\/\/salumitalia.it\/news\/traguardo-storico-per-i-salumi-di-toscana-e-umbria-che-ottengono-latteso-riconoscimento-per-export-usa\/\",\"url\":\"https:\/\/salumitalia.it\/news\/traguardo-storico-per-i-salumi-di-toscana-e-umbria-che-ottengono-latteso-riconoscimento-per-export-usa\/\",\"name\":\"Salumi Italia - EXPORT USA: TRAGUARDO STORICO PER I SALUMI DI TOSCANA E UMBRIA. PUBBLICATA LA NOTICE PER L'AMPIAMENTO DELLA \\\"MACROREGIONE\\\"\u00a0\",\"isPartOf\":{\"@id\":\"https:\/\/salumitalia.it\/#website\"},\"primaryImageOfPage\":{\"@id\":\"https:\/\/salumitalia.it\/news\/traguardo-storico-per-i-salumi-di-toscana-e-umbria-che-ottengono-latteso-riconoscimento-per-export-usa\/#primaryimage\"},\"image\":{\"@id\":\"https:\/\/salumitalia.it\/news\/traguardo-storico-per-i-salumi-di-toscana-e-umbria-che-ottengono-latteso-riconoscimento-per-export-usa\/#primaryimage\"},\"thumbnailUrl\":\"https:\/\/salumitalia.it\/wp-content\/uploads\/2023\/08\/export-usa.jpg\",\"datePublished\":\"2023-08-30T13:12:14+00:00\",\"dateModified\":\"2023-09-06T13:25:02+00:00\",\"author\":{\"@id\":\"https:\/\/salumitalia.it\/#\/schema\/person\/97fc7518eb94af827f7984af0598ae06\"},\"breadcrumb\":{\"@id\":\"https:\/\/salumitalia.it\/news\/traguardo-storico-per-i-salumi-di-toscana-e-umbria-che-ottengono-latteso-riconoscimento-per-export-usa\/#breadcrumb\"},\"inLanguage\":\"fr-FR\",\"potentialAction\":[{\"@type\":\"ReadAction\",\"target\":[\"https:\/\/salumitalia.it\/news\/traguardo-storico-per-i-salumi-di-toscana-e-umbria-che-ottengono-latteso-riconoscimento-per-export-usa\/\"]}]},{\"@type\":\"ImageObject\",\"inLanguage\":\"fr-FR\",\"@id\":\"https:\/\/salumitalia.it\/news\/traguardo-storico-per-i-salumi-di-toscana-e-umbria-che-ottengono-latteso-riconoscimento-per-export-usa\/#primaryimage\",\"url\":\"https:\/\/salumitalia.it\/wp-content\/uploads\/2023\/08\/export-usa.jpg\",\"contentUrl\":\"https:\/\/salumitalia.it\/wp-content\/uploads\/2023\/08\/export-usa.jpg\",\"width\":1181,\"height\":1181},{\"@type\":\"BreadcrumbList\",\"@id\":\"https:\/\/salumitalia.it\/news\/traguardo-storico-per-i-salumi-di-toscana-e-umbria-che-ottengono-latteso-riconoscimento-per-export-usa\/#breadcrumb\",\"itemListElement\":[{\"@type\":\"ListItem\",\"position\":1,\"name\":\"Home\",\"item\":\"https:\/\/salumitalia.it\/fr\/\"},{\"@type\":\"ListItem\",\"position\":2,\"name\":\"EXPORT USA: TRAGUARDO STORICO PER I SALUMI DI TOSCANA E UMBRIA. PUBBLICATA LA NOTICE PER L&#8217;AMPIAMENTO DELLA &#8220;MACROREGIONE&#8221;\u00a0\"}]},{\"@type\":\"WebSite\",\"@id\":\"https:\/\/salumitalia.it\/#website\",\"url\":\"https:\/\/salumitalia.it\/\",\"name\":\"Salumi Italia\",\"description\":\"\",\"potentialAction\":[{\"@type\":\"SearchAction\",\"target\":{\"@type\":\"EntryPoint\",\"urlTemplate\":\"https:\/\/salumitalia.it\/?s={search_term_string}\"},\"query-input\":{\"@type\":\"PropertyValueSpecification\",\"valueRequired\":true,\"valueName\":\"search_term_string\"}}],\"inLanguage\":\"fr-FR\"},{\"@type\":\"Person\",\"@id\":\"https:\/\/salumitalia.it\/#\/schema\/person\/97fc7518eb94af827f7984af0598ae06\",\"name\":\"Stefano Parisi\",\"image\":{\"@type\":\"ImageObject\",\"inLanguage\":\"fr-FR\",\"@id\":\"https:\/\/salumitalia.it\/#\/schema\/person\/image\/\",\"url\":\"https:\/\/secure.gravatar.com\/avatar\/8d04f5816680fb9894ef6d8bd1dda235bb15aaa30080ccd649226c646a556a0a?s=96&d=mm&r=g\",\"contentUrl\":\"https:\/\/secure.gravatar.com\/avatar\/8d04f5816680fb9894ef6d8bd1dda235bb15aaa30080ccd649226c646a556a0a?s=96&d=mm&r=g\",\"caption\":\"Stefano Parisi\"},\"url\":\"https:\/\/salumitalia.it\/fr\/author\/parisiassica-it\/\"}]}<\/script>\n<!-- \/ Yoast SEO plugin. -->","yoast_head_json":{"title":"Salumi Italia - EXPORT USA: TRAGUARDO STORICO PER I SALUMI DI TOSCANA E UMBRIA. PUBBLICATA LA NOTICE PER L'AMPIAMENTO DELLA \"MACROREGIONE\"\u00a0","robots":{"index":"index","follow":"follow","max-snippet":"max-snippet:-1","max-image-preview":"max-image-preview:large","max-video-preview":"max-video-preview:-1"},"canonical":"https:\/\/salumitalia.it\/news\/traguardo-storico-per-i-salumi-di-toscana-e-umbria-che-ottengono-latteso-riconoscimento-per-export-usa\/","og_locale":"fr_FR","og_type":"article","og_title":"Salumi Italia - EXPORT USA: TRAGUARDO STORICO PER I SALUMI DI TOSCANA E UMBRIA. PUBBLICATA LA NOTICE PER L'AMPIAMENTO DELLA \"MACROREGIONE\"\u00a0","og_description":"Dopo circa sette anni dalla prima missione in Italia degli ispettori APHIS, volta ad esaminare i sistemi di controllo adottati nei confronti della Malattia vescicolare del suino (MVS) dalle Regioni [&hellip;]","og_url":"https:\/\/salumitalia.it\/news\/traguardo-storico-per-i-salumi-di-toscana-e-umbria-che-ottengono-latteso-riconoscimento-per-export-usa\/","og_site_name":"Salumi Italia","article_published_time":"2023-08-30T13:12:14+00:00","article_modified_time":"2023-09-06T13:25:02+00:00","og_image":[{"width":1181,"height":1181,"url":"https:\/\/salumitalia.it\/wp-content\/uploads\/2023\/08\/export-usa.jpg","type":"image\/jpeg"}],"author":"Stefano Parisi","twitter_card":"summary_large_image","twitter_misc":{"Written by":"Stefano Parisi","Est. reading time":"5 minutes"},"schema":{"@context":"https:\/\/schema.org","@graph":[{"@type":"WebPage","@id":"https:\/\/salumitalia.it\/news\/traguardo-storico-per-i-salumi-di-toscana-e-umbria-che-ottengono-latteso-riconoscimento-per-export-usa\/","url":"https:\/\/salumitalia.it\/news\/traguardo-storico-per-i-salumi-di-toscana-e-umbria-che-ottengono-latteso-riconoscimento-per-export-usa\/","name":"Salumi Italia - EXPORT USA: TRAGUARDO STORICO PER I SALUMI DI TOSCANA E UMBRIA. PUBBLICATA LA NOTICE PER L'AMPIAMENTO DELLA \"MACROREGIONE\"\u00a0","isPartOf":{"@id":"https:\/\/salumitalia.it\/#website"},"primaryImageOfPage":{"@id":"https:\/\/salumitalia.it\/news\/traguardo-storico-per-i-salumi-di-toscana-e-umbria-che-ottengono-latteso-riconoscimento-per-export-usa\/#primaryimage"},"image":{"@id":"https:\/\/salumitalia.it\/news\/traguardo-storico-per-i-salumi-di-toscana-e-umbria-che-ottengono-latteso-riconoscimento-per-export-usa\/#primaryimage"},"thumbnailUrl":"https:\/\/salumitalia.it\/wp-content\/uploads\/2023\/08\/export-usa.jpg","datePublished":"2023-08-30T13:12:14+00:00","dateModified":"2023-09-06T13:25:02+00:00","author":{"@id":"https:\/\/salumitalia.it\/#\/schema\/person\/97fc7518eb94af827f7984af0598ae06"},"breadcrumb":{"@id":"https:\/\/salumitalia.it\/news\/traguardo-storico-per-i-salumi-di-toscana-e-umbria-che-ottengono-latteso-riconoscimento-per-export-usa\/#breadcrumb"},"inLanguage":"fr-FR","potentialAction":[{"@type":"ReadAction","target":["https:\/\/salumitalia.it\/news\/traguardo-storico-per-i-salumi-di-toscana-e-umbria-che-ottengono-latteso-riconoscimento-per-export-usa\/"]}]},{"@type":"ImageObject","inLanguage":"fr-FR","@id":"https:\/\/salumitalia.it\/news\/traguardo-storico-per-i-salumi-di-toscana-e-umbria-che-ottengono-latteso-riconoscimento-per-export-usa\/#primaryimage","url":"https:\/\/salumitalia.it\/wp-content\/uploads\/2023\/08\/export-usa.jpg","contentUrl":"https:\/\/salumitalia.it\/wp-content\/uploads\/2023\/08\/export-usa.jpg","width":1181,"height":1181},{"@type":"BreadcrumbList","@id":"https:\/\/salumitalia.it\/news\/traguardo-storico-per-i-salumi-di-toscana-e-umbria-che-ottengono-latteso-riconoscimento-per-export-usa\/#breadcrumb","itemListElement":[{"@type":"ListItem","position":1,"name":"Home","item":"https:\/\/salumitalia.it\/fr\/"},{"@type":"ListItem","position":2,"name":"EXPORT USA: TRAGUARDO STORICO PER I SALUMI DI TOSCANA E UMBRIA. PUBBLICATA LA NOTICE PER L&#8217;AMPIAMENTO DELLA &#8220;MACROREGIONE&#8221;\u00a0"}]},{"@type":"WebSite","@id":"https:\/\/salumitalia.it\/#website","url":"https:\/\/salumitalia.it\/","name":"Salumi Italia","description":"","potentialAction":[{"@type":"SearchAction","target":{"@type":"EntryPoint","urlTemplate":"https:\/\/salumitalia.it\/?s={search_term_string}"},"query-input":{"@type":"PropertyValueSpecification","valueRequired":true,"valueName":"search_term_string"}}],"inLanguage":"fr-FR"},{"@type":"Person","@id":"https:\/\/salumitalia.it\/#\/schema\/person\/97fc7518eb94af827f7984af0598ae06","name":"Stefano Parisi","image":{"@type":"ImageObject","inLanguage":"fr-FR","@id":"https:\/\/salumitalia.it\/#\/schema\/person\/image\/","url":"https:\/\/secure.gravatar.com\/avatar\/8d04f5816680fb9894ef6d8bd1dda235bb15aaa30080ccd649226c646a556a0a?s=96&d=mm&r=g","contentUrl":"https:\/\/secure.gravatar.com\/avatar\/8d04f5816680fb9894ef6d8bd1dda235bb15aaa30080ccd649226c646a556a0a?s=96&d=mm&r=g","caption":"Stefano Parisi"},"url":"https:\/\/salumitalia.it\/fr\/author\/parisiassica-it\/"}]}},"_links":{"self":[{"href":"https:\/\/salumitalia.it\/fr\/wp-json\/wp\/v2\/posts\/4114","targetHints":{"allow":["GET"]}}],"collection":[{"href":"https:\/\/salumitalia.it\/fr\/wp-json\/wp\/v2\/posts"}],"about":[{"href":"https:\/\/salumitalia.it\/fr\/wp-json\/wp\/v2\/types\/post"}],"author":[{"embeddable":true,"href":"https:\/\/salumitalia.it\/fr\/wp-json\/wp\/v2\/users\/5"}],"replies":[{"embeddable":true,"href":"https:\/\/salumitalia.it\/fr\/wp-json\/wp\/v2\/comments?post=4114"}],"version-history":[{"count":3,"href":"https:\/\/salumitalia.it\/fr\/wp-json\/wp\/v2\/posts\/4114\/revisions"}],"predecessor-version":[{"id":4133,"href":"https:\/\/salumitalia.it\/fr\/wp-json\/wp\/v2\/posts\/4114\/revisions\/4133"}],"wp:featuredmedia":[{"embeddable":true,"href":"https:\/\/salumitalia.it\/fr\/wp-json\/wp\/v2\/media\/4115"}],"wp:attachment":[{"href":"https:\/\/salumitalia.it\/fr\/wp-json\/wp\/v2\/media?parent=4114"}],"wp:term":[{"taxonomy":"category","embeddable":true,"href":"https:\/\/salumitalia.it\/fr\/wp-json\/wp\/v2\/categories?post=4114"},{"taxonomy":"post_tag","embeddable":true,"href":"https:\/\/salumitalia.it\/fr\/wp-json\/wp\/v2\/tags?post=4114"}],"curies":[{"name":"wp","href":"https:\/\/api.w.org\/{rel}","templated":true}]}}