{"id":8398,"date":"2026-07-27T08:56:13","date_gmt":"2026-07-27T06:56:13","guid":{"rendered":"https:\/\/salumitalia.it\/?p=8398"},"modified":"2026-07-31T14:00:55","modified_gmt":"2026-07-31T12:00:55","slug":"il-consorzio-del-prosciutto-di-norcia-igp-conferma-pietro-bellini-alla-presidenza","status":"publish","type":"post","link":"https:\/\/salumitalia.it\/en\/news\/il-consorzio-del-prosciutto-di-norcia-igp-conferma-pietro-bellini-alla-presidenza\/","title":{"rendered":"IL CONSORZIO DEL PROSCIUTTO DI NORCIA IGP CONFERMA PIETRO BELLINI ALLA PRESIDENZA"},"content":{"rendered":"<p><strong>Rinnovato il Consiglio di Amministrazione: continuit\u00e0, crescita e nuovi obiettivi sui mercati internazionali.<\/strong><\/p>\n<p>Il <strong>Consorzio del Prosciutto di Norcia IGP<\/strong>\u00a0ha rinnovato le proprie <strong>cariche sociali<\/strong>, confermando la volont\u00e0 di proseguire nel <strong>percorso di crescita e valorizzazione<\/strong> che negli ultimi anni ha consentito di consolidare il prestigio di una delle eccellenze dell&#8217;agroalimentare italiano.<\/p>\n<p>Nel corso dell&#8217;Assemblea, riunitasi il 21 luglio, <strong>il Consiglio di Amministrazione ha riconfermato Pietro Bellini alla Presidenza del Consorzio<\/strong>. Una scelta che premia oltre dieci anni di impegno alla guida dell&#8217;organismo di tutela e promozione del Prosciutto di Norcia IGP, durante i quali sono stati <strong>raggiunti importanti risultati<\/strong> sotto il profilo produttivo, commerciale e dell&#8217;immagine del marchio.<\/p>\n<p>Sono stati inoltre eletti <strong>Vicepresidenti <\/strong>il<strong> Dott. Paolo Simoni<\/strong> e il <strong>Dott. Alessandro Perticoni<\/strong>, che affiancheranno il Presidente nel nuovo mandato.<br \/>\nLa <strong>riconferma dell&#8217;attuale governance<\/strong> testimonia la volont\u00e0 del Consorzio di dare continuit\u00e0 a un progetto che ha portato a un <strong>costante incremento della produzione<\/strong>, al mantenimento di <strong>elevati standard qualitativi<\/strong> e a un&#8217;intensa<strong> attivit\u00e0 di promozione<\/strong> del Prosciutto di Norcia IGP sull&#8217;intero territorio nazionale.<\/p>\n<p>L&#8217;obiettivo per i prossimi anni \u00e8 ancora pi\u00f9 ambizioso: <strong>rafforzare la presenza del prodotto sui mercati internazionali<\/strong>. In particolare, il Consorzio guarda con interesse all&#8217;espansione nei Paesi europei e al mercato degli Stati Uniti d&#8217;America, dove la numerosa comunit\u00e0 italo-americana rappresenta un&#8217;importante opportunit\u00e0 per diffondere la cultura e la qualit\u00e0 del Prosciutto di Norcia IGP, autentica espressione della tradizione norcina e del Made in Italy.<\/p>\n<p><em>&#8220;La fiducia che il Consiglio di Amministrazione ha voluto rinnovarmi rappresenta un motivo di grande orgoglio e una responsabilit\u00e0 che assumo con entusiasmo. I risultati ottenuti negli ultimi anni sono il frutto del lavoro di squadra di tutte le aziende consorziate e del Consiglio di Amministrazione. Continueremo a investire nella qualit\u00e0, nella tutela della nostra Indicazione Geografica Protetta e nella promozione del Prosciutto di Norcia IGP, con l&#8217;obiettivo di consolidare la nostra presenza in\u00a0 Italia e di aprire nuove opportunit\u00e0 sui mercati internazionali, a partire dall&#8217;Europa e dagli Stati Uniti&#8221;<\/em> commenta <strong>Pietro Bellini \u2013 Presidente del Consorzio del Prosciutto di Norcia IGP.<\/strong><\/p>\n<p>Al termine dell&#8217;Assemblea, il Presidente Bellini ha rivolto un sentito ringraziamento ai componenti del Consiglio di Amministrazione per la fiducia accordata e ha formulato un augurio di buon lavoro ai Vicepresidenti e a tutti i consiglieri, nella convinzione che la collaborazione e la condivisione degli obiettivi consentiranno al Consorzio di affrontare con successo le nuove sfide del mercato e di rafforzare ulteriormente il valore del Prosciutto di Norcia IGP in Italia e nel mondo.<\/p>\n","protected":false},"excerpt":{"rendered":"<p>Rinnovato il Consiglio di Amministrazione: continuit\u00e0, crescita e nuovi obiettivi sui mercati internazionali. Il Consorzio del Prosciutto di Norcia IGP\u00a0ha rinnovato le proprie cariche sociali, confermando la volont\u00e0 di proseguire [&hellip;]<\/p>\n","protected":false},"author":8,"featured_media":8399,"comment_status":"closed","ping_status":"closed","sticky":false,"template":"","format":"standard","meta":{"_acf_changed":false,"footnotes":""},"categories":[1],"tags":[],"class_list":["post-8398","post","type-post","status-publish","format-standard","has-post-thumbnail","hentry","category-news"],"acf":[],"yoast_head":"<!-- This site is optimized with the Yoast SEO plugin v24.8.1 - https:\/\/yoast.com\/wordpress\/plugins\/seo\/ -->\n<title>Salumi Italia - IL CONSORZIO DEL PROSCIUTTO DI NORCIA IGP CONFERMA PIETRO BELLINI ALLA PRESIDENZA<\/title>\n<meta name=\"robots\" content=\"index, follow, max-snippet:-1, max-image-preview:large, max-video-preview:-1\" \/>\n<link rel=\"canonical\" href=\"https:\/\/salumitalia.it\/news\/il-consorzio-del-prosciutto-di-norcia-igp-conferma-pietro-bellini-alla-presidenza\/\" \/>\n<meta property=\"og:locale\" content=\"en_US\" \/>\n<meta property=\"og:type\" content=\"article\" \/>\n<meta property=\"og:title\" content=\"Salumi Italia - IL CONSORZIO DEL PROSCIUTTO DI NORCIA IGP CONFERMA PIETRO BELLINI ALLA PRESIDENZA\" \/>\n<meta property=\"og:description\" content=\"Rinnovato il Consiglio di Amministrazione: continuit\u00e0, crescita e nuovi obiettivi sui mercati internazionali. Il Consorzio del Prosciutto di Norcia IGP\u00a0ha rinnovato le proprie cariche sociali, confermando la volont\u00e0 di proseguire [&hellip;]\" \/>\n<meta property=\"og:url\" content=\"https:\/\/salumitalia.it\/news\/il-consorzio-del-prosciutto-di-norcia-igp-conferma-pietro-bellini-alla-presidenza\/\" \/>\n<meta property=\"og:site_name\" content=\"Salumi Italia\" \/>\n<meta property=\"article:published_time\" content=\"2026-07-27T06:56:13+00:00\" \/>\n<meta property=\"article:modified_time\" content=\"2026-07-31T12:00:55+00:00\" \/>\n<meta property=\"og:image\" content=\"https:\/\/salumitalia.it\/wp-content\/uploads\/2026\/07\/norcia-presidente-copia.jpg\" \/>\n\t<meta property=\"og:image:width\" content=\"1181\" \/>\n\t<meta property=\"og:image:height\" content=\"1181\" \/>\n\t<meta property=\"og:image:type\" content=\"image\/jpeg\" \/>\n<meta name=\"author\" content=\"andreap\" \/>\n<meta name=\"twitter:card\" content=\"summary_large_image\" \/>\n<meta name=\"twitter:label1\" content=\"Written by\" \/>\n\t<meta name=\"twitter:data1\" content=\"andreap\" \/>\n\t<meta name=\"twitter:label2\" content=\"Est. reading time\" \/>\n\t<meta name=\"twitter:data2\" content=\"3 minutes\" \/>\n<script type=\"application\/ld+json\" class=\"yoast-schema-graph\">{\"@context\":\"https:\/\/schema.org\",\"@graph\":[{\"@type\":\"WebPage\",\"@id\":\"https:\/\/salumitalia.it\/news\/il-consorzio-del-prosciutto-di-norcia-igp-conferma-pietro-bellini-alla-presidenza\/\",\"url\":\"https:\/\/salumitalia.it\/news\/il-consorzio-del-prosciutto-di-norcia-igp-conferma-pietro-bellini-alla-presidenza\/\",\"name\":\"Salumi Italia - IL CONSORZIO DEL PROSCIUTTO DI NORCIA IGP CONFERMA PIETRO BELLINI ALLA PRESIDENZA\",\"isPartOf\":{\"@id\":\"https:\/\/salumitalia.it\/#website\"},\"primaryImageOfPage\":{\"@id\":\"https:\/\/salumitalia.it\/news\/il-consorzio-del-prosciutto-di-norcia-igp-conferma-pietro-bellini-alla-presidenza\/#primaryimage\"},\"image\":{\"@id\":\"https:\/\/salumitalia.it\/news\/il-consorzio-del-prosciutto-di-norcia-igp-conferma-pietro-bellini-alla-presidenza\/#primaryimage\"},\"thumbnailUrl\":\"https:\/\/salumitalia.it\/wp-content\/uploads\/2026\/07\/norcia-presidente-copia.jpg\",\"datePublished\":\"2026-07-27T06:56:13+00:00\",\"dateModified\":\"2026-07-31T12:00:55+00:00\",\"author\":{\"@id\":\"https:\/\/salumitalia.it\/#\/schema\/person\/3874baf67ccdb44dd23f99127289b14e\"},\"breadcrumb\":{\"@id\":\"https:\/\/salumitalia.it\/news\/il-consorzio-del-prosciutto-di-norcia-igp-conferma-pietro-bellini-alla-presidenza\/#breadcrumb\"},\"inLanguage\":\"en-US\",\"potentialAction\":[{\"@type\":\"ReadAction\",\"target\":[\"https:\/\/salumitalia.it\/news\/il-consorzio-del-prosciutto-di-norcia-igp-conferma-pietro-bellini-alla-presidenza\/\"]}]},{\"@type\":\"ImageObject\",\"inLanguage\":\"en-US\",\"@id\":\"https:\/\/salumitalia.it\/news\/il-consorzio-del-prosciutto-di-norcia-igp-conferma-pietro-bellini-alla-presidenza\/#primaryimage\",\"url\":\"https:\/\/salumitalia.it\/wp-content\/uploads\/2026\/07\/norcia-presidente-copia.jpg\",\"contentUrl\":\"https:\/\/salumitalia.it\/wp-content\/uploads\/2026\/07\/norcia-presidente-copia.jpg\",\"width\":1181,\"height\":1181},{\"@type\":\"BreadcrumbList\",\"@id\":\"https:\/\/salumitalia.it\/news\/il-consorzio-del-prosciutto-di-norcia-igp-conferma-pietro-bellini-alla-presidenza\/#breadcrumb\",\"itemListElement\":[{\"@type\":\"ListItem\",\"position\":1,\"name\":\"Home\",\"item\":\"https:\/\/salumitalia.it\/en\/\"},{\"@type\":\"ListItem\",\"position\":2,\"name\":\"IL CONSORZIO DEL PROSCIUTTO DI NORCIA IGP CONFERMA PIETRO BELLINI ALLA PRESIDENZA\"}]},{\"@type\":\"WebSite\",\"@id\":\"https:\/\/salumitalia.it\/#website\",\"url\":\"https:\/\/salumitalia.it\/\",\"name\":\"Salumi Italia\",\"description\":\"\",\"potentialAction\":[{\"@type\":\"SearchAction\",\"target\":{\"@type\":\"EntryPoint\",\"urlTemplate\":\"https:\/\/salumitalia.it\/?s={search_term_string}\"},\"query-input\":{\"@type\":\"PropertyValueSpecification\",\"valueRequired\":true,\"valueName\":\"search_term_string\"}}],\"inLanguage\":\"en-US\"},{\"@type\":\"Person\",\"@id\":\"https:\/\/salumitalia.it\/#\/schema\/person\/3874baf67ccdb44dd23f99127289b14e\",\"name\":\"andreap\",\"image\":{\"@type\":\"ImageObject\",\"inLanguage\":\"en-US\",\"@id\":\"https:\/\/salumitalia.it\/#\/schema\/person\/image\/\",\"url\":\"https:\/\/secure.gravatar.com\/avatar\/c7b59fd01eeef1a3679e704c7cd6fef67862b516f782c06db84b6ef1a267527f?s=96&d=mm&r=g\",\"contentUrl\":\"https:\/\/secure.gravatar.com\/avatar\/c7b59fd01eeef1a3679e704c7cd6fef67862b516f782c06db84b6ef1a267527f?s=96&d=mm&r=g\",\"caption\":\"andreap\"},\"url\":\"https:\/\/salumitalia.it\/en\/author\/andreap\/\"}]}<\/script>\n<!-- \/ Yoast SEO plugin. -->","yoast_head_json":{"title":"Salumi Italia - IL CONSORZIO DEL PROSCIUTTO DI NORCIA IGP CONFERMA PIETRO BELLINI ALLA PRESIDENZA","robots":{"index":"index","follow":"follow","max-snippet":"max-snippet:-1","max-image-preview":"max-image-preview:large","max-video-preview":"max-video-preview:-1"},"canonical":"https:\/\/salumitalia.it\/news\/il-consorzio-del-prosciutto-di-norcia-igp-conferma-pietro-bellini-alla-presidenza\/","og_locale":"en_US","og_type":"article","og_title":"Salumi Italia - IL CONSORZIO DEL PROSCIUTTO DI NORCIA IGP CONFERMA PIETRO BELLINI ALLA PRESIDENZA","og_description":"Rinnovato il Consiglio di Amministrazione: continuit\u00e0, crescita e nuovi obiettivi sui mercati internazionali. Il Consorzio del Prosciutto di Norcia IGP\u00a0ha rinnovato le proprie cariche sociali, confermando la volont\u00e0 di proseguire [&hellip;]","og_url":"https:\/\/salumitalia.it\/news\/il-consorzio-del-prosciutto-di-norcia-igp-conferma-pietro-bellini-alla-presidenza\/","og_site_name":"Salumi Italia","article_published_time":"2026-07-27T06:56:13+00:00","article_modified_time":"2026-07-31T12:00:55+00:00","og_image":[{"width":1181,"height":1181,"url":"https:\/\/salumitalia.it\/wp-content\/uploads\/2026\/07\/norcia-presidente-copia.jpg","type":"image\/jpeg"}],"author":"andreap","twitter_card":"summary_large_image","twitter_misc":{"Written by":"andreap","Est. reading time":"3 minutes"},"schema":{"@context":"https:\/\/schema.org","@graph":[{"@type":"WebPage","@id":"https:\/\/salumitalia.it\/news\/il-consorzio-del-prosciutto-di-norcia-igp-conferma-pietro-bellini-alla-presidenza\/","url":"https:\/\/salumitalia.it\/news\/il-consorzio-del-prosciutto-di-norcia-igp-conferma-pietro-bellini-alla-presidenza\/","name":"Salumi Italia - IL CONSORZIO DEL PROSCIUTTO DI NORCIA IGP CONFERMA PIETRO BELLINI ALLA PRESIDENZA","isPartOf":{"@id":"https:\/\/salumitalia.it\/#website"},"primaryImageOfPage":{"@id":"https:\/\/salumitalia.it\/news\/il-consorzio-del-prosciutto-di-norcia-igp-conferma-pietro-bellini-alla-presidenza\/#primaryimage"},"image":{"@id":"https:\/\/salumitalia.it\/news\/il-consorzio-del-prosciutto-di-norcia-igp-conferma-pietro-bellini-alla-presidenza\/#primaryimage"},"thumbnailUrl":"https:\/\/salumitalia.it\/wp-content\/uploads\/2026\/07\/norcia-presidente-copia.jpg","datePublished":"2026-07-27T06:56:13+00:00","dateModified":"2026-07-31T12:00:55+00:00","author":{"@id":"https:\/\/salumitalia.it\/#\/schema\/person\/3874baf67ccdb44dd23f99127289b14e"},"breadcrumb":{"@id":"https:\/\/salumitalia.it\/news\/il-consorzio-del-prosciutto-di-norcia-igp-conferma-pietro-bellini-alla-presidenza\/#breadcrumb"},"inLanguage":"en-US","potentialAction":[{"@type":"ReadAction","target":["https:\/\/salumitalia.it\/news\/il-consorzio-del-prosciutto-di-norcia-igp-conferma-pietro-bellini-alla-presidenza\/"]}]},{"@type":"ImageObject","inLanguage":"en-US","@id":"https:\/\/salumitalia.it\/news\/il-consorzio-del-prosciutto-di-norcia-igp-conferma-pietro-bellini-alla-presidenza\/#primaryimage","url":"https:\/\/salumitalia.it\/wp-content\/uploads\/2026\/07\/norcia-presidente-copia.jpg","contentUrl":"https:\/\/salumitalia.it\/wp-content\/uploads\/2026\/07\/norcia-presidente-copia.jpg","width":1181,"height":1181},{"@type":"BreadcrumbList","@id":"https:\/\/salumitalia.it\/news\/il-consorzio-del-prosciutto-di-norcia-igp-conferma-pietro-bellini-alla-presidenza\/#breadcrumb","itemListElement":[{"@type":"ListItem","position":1,"name":"Home","item":"https:\/\/salumitalia.it\/en\/"},{"@type":"ListItem","position":2,"name":"IL CONSORZIO DEL PROSCIUTTO DI NORCIA IGP CONFERMA PIETRO BELLINI ALLA PRESIDENZA"}]},{"@type":"WebSite","@id":"https:\/\/salumitalia.it\/#website","url":"https:\/\/salumitalia.it\/","name":"Salumi Italia","description":"","potentialAction":[{"@type":"SearchAction","target":{"@type":"EntryPoint","urlTemplate":"https:\/\/salumitalia.it\/?s={search_term_string}"},"query-input":{"@type":"PropertyValueSpecification","valueRequired":true,"valueName":"search_term_string"}}],"inLanguage":"en-US"},{"@type":"Person","@id":"https:\/\/salumitalia.it\/#\/schema\/person\/3874baf67ccdb44dd23f99127289b14e","name":"andreap","image":{"@type":"ImageObject","inLanguage":"en-US","@id":"https:\/\/salumitalia.it\/#\/schema\/person\/image\/","url":"https:\/\/secure.gravatar.com\/avatar\/c7b59fd01eeef1a3679e704c7cd6fef67862b516f782c06db84b6ef1a267527f?s=96&d=mm&r=g","contentUrl":"https:\/\/secure.gravatar.com\/avatar\/c7b59fd01eeef1a3679e704c7cd6fef67862b516f782c06db84b6ef1a267527f?s=96&d=mm&r=g","caption":"andreap"},"url":"https:\/\/salumitalia.it\/en\/author\/andreap\/"}]}},"_links":{"self":[{"href":"https:\/\/salumitalia.it\/en\/wp-json\/wp\/v2\/posts\/8398","targetHints":{"allow":["GET"]}}],"collection":[{"href":"https:\/\/salumitalia.it\/en\/wp-json\/wp\/v2\/posts"}],"about":[{"href":"https:\/\/salumitalia.it\/en\/wp-json\/wp\/v2\/types\/post"}],"author":[{"embeddable":true,"href":"https:\/\/salumitalia.it\/en\/wp-json\/wp\/v2\/users\/8"}],"replies":[{"embeddable":true,"href":"https:\/\/salumitalia.it\/en\/wp-json\/wp\/v2\/comments?post=8398"}],"version-history":[{"count":2,"href":"https:\/\/salumitalia.it\/en\/wp-json\/wp\/v2\/posts\/8398\/revisions"}],"predecessor-version":[{"id":8409,"href":"https:\/\/salumitalia.it\/en\/wp-json\/wp\/v2\/posts\/8398\/revisions\/8409"}],"wp:featuredmedia":[{"embeddable":true,"href":"https:\/\/salumitalia.it\/en\/wp-json\/wp\/v2\/media\/8399"}],"wp:attachment":[{"href":"https:\/\/salumitalia.it\/en\/wp-json\/wp\/v2\/media?parent=8398"}],"wp:term":[{"taxonomy":"category","embeddable":true,"href":"https:\/\/salumitalia.it\/en\/wp-json\/wp\/v2\/categories?post=8398"},{"taxonomy":"post_tag","embeddable":true,"href":"https:\/\/salumitalia.it\/en\/wp-json\/wp\/v2\/tags?post=8398"}],"curies":[{"name":"wp","href":"https:\/\/api.w.org\/{rel}","templated":true}]}}