{"id":7709,"date":"2026-04-06T20:18:10","date_gmt":"2026-04-06T18:18:10","guid":{"rendered":"https:\/\/salumitalia.it\/?p=7709"},"modified":"2026-04-29T14:49:07","modified_gmt":"2026-04-29T12:49:07","slug":"valtellina-terra-demozioni-al-via-la-campagna-che-trasforma-il-viaggio-in-benessere","status":"publish","type":"post","link":"https:\/\/salumitalia.it\/en\/news\/valtellina-terra-demozioni-al-via-la-campagna-che-trasforma-il-viaggio-in-benessere\/","title":{"rendered":"VALTELLINA TERRA D\u2019EMOZIONI: AL VIA LA CAMPAGNA CHE TRASFORMA IL VIAGGIO IN BENESSERE"},"content":{"rendered":"<p><strong>Realizzata dal Distretto Agroalimentare di Qualit\u00e0 della Valtellina con il supporto di APF Valtellina e il contributo della Provincia di Sondrio, la campagna propone dal 10 aprile al 17 maggio esperienze autentiche e di gusto per vivere la \u201cVitamin T\u201d.<\/strong><\/p>\n<p>Il bisogno di staccare con vacanze rigeneranti non \u00e8 pi\u00f9 un lusso, ma una necessit\u00e0: <strong>il 58,4% degli italiani dichiara di avere le \u201cbatterie scariche\u201d<\/strong> con livelli crescenti di stanchezza mentale e psicologica (55,1% e 54,5%), che impattano negativamente sullo stato emotivo (63,3%). Lo \u201cstacco\u201d \u00e8 considerato fondamentale per la salute dal 77,8% dei connazionali: si cercano pillole di benessere frequenti, con la vacanza breve (47,9%) che ha la meglio su quella lunga (34,7%).<\/p>\n<p>La vacanza ideale si conferma quella all\u2019insegna della <strong>\u201cVitamin T\u201d (Travel), trend destinato a ridefinire il turismo entro il 2030 secondo il \u201cWhat the Future Report\u201d<\/strong> di Kayak: una visione del viaggio sempre pi\u00f9 orientata al benessere profondo e fatta di pi\u00f9 componenti: tranquillit\u00e0; territorio; tavola; tempo rilassato; tradizioni. In questo scenario la montagna emerge come vera alternativa all-seasons dove ricaricarsi per il 61% degli italiani. E la <strong>Valtellina (36,6%),<\/strong> dopo le Olimpiadi Milano Cortina 2026, <strong>svetta tra le 5 mete pi\u00f9 in linea con questa necessit\u00e0 in Italia<\/strong> assieme a Dolomiti (67,3%), Alta Val Badia (45%), Gan Sasso (44,1%) e Appennino Tosco Emiliano (39,9%). Un primato che la candida tra le mete pi\u00f9 gettonate per la Vitamin T. A rivelarlo un\u2019indagine di <strong>AstraRicerche<\/strong> per il DAQ Valtellina Taste of Emotion, presentata in occasione del lancio di <strong>\u201cValtellina Terra d\u2019Emozioni: esperienze uniche, gusto DOP e IGP\u201d<\/strong>, la nuova campagna realizzata dal <strong>Distretto Agroalimentare di Qualit\u00e0 della Valtellina in collaborazione con l\u2019Azienda di Promozione e Formazione della Valtellina e con il contributo della Provincia di Sondrio<\/strong> che, da domani al 17 maggio, far\u00e0 scoprire le eccellenze dell\u2019enogastronomia locale a marchio DOP e IGP e condurr\u00e0 i visitatori a vivere il lato autentico del territorio con 20 esperienze all\u2019insegna della \u201cVitamin T\u201d. Debutta inoltre una nuova web-app completa di audioguide, online su <a href=\"http:\/\/www.valtellinadopigp.it\">www.valtellinadopigp.it<\/a><\/p>\n<p><strong>GLI INGREDIENTI DELLA VITAMIN T: TRANQUILLITA\u2019, TAVOLA, TEMPO, TERRITORIO, TRADIZIONI. MONTAGNA META \u201cALL SEASONS\u201d DOVE IL VIAGGIO DIVENTA CURA. VALTELLINA, IL LUOGO GIUSTO PER RALLENTARE E RICARICARSI<\/strong><\/p>\n<p>Un\u2019esperienza che trasforma <strong>il viaggio in una vera e propria cura<\/strong>. \u00c8 questa la forza della <strong>Vitamin T<\/strong> (Travel), una \u201cricarica\u201d articolata secondo l\u2019indagine AstraRicerche attorno a cinque elementi chiave sempre pi\u00f9 richiesti dagli italiani: <strong>tranquillit\u00e0<\/strong> (scelta dall\u201988,9% del campione), <strong>tavola<\/strong> (buon cibo e bevande 87,7%), <strong>tempo rilassato<\/strong> (87,4%), un <strong>territorio<\/strong> ricco da esplorare (85,6%, soprattutto Gen X) e la scoperta delle <strong>tradizioni<\/strong> (79,7%, in particolare Gen X e Baby Boomers). Cinque dimensioni che rispondono perfettamente ai bisogni emergenti degli italiani: ricaricarsi, rallentare, riconnettersi con s\u00e8 stessi e vivere esperienze autentiche. In questo contesto <strong>la Valtellina rappresenta una risposta eccellente a queste esigenze<\/strong>: chi vi \u00e8 stato nell\u2019ultimo anno cerca la \u201cVitamina T\u201d per la propria rigenerazione in misura ancora maggiore. In particolare, il desiderio di \u2018tavola\u2019 nel caso della Valtellina raggiunge il 95%, quello di \u2018tempo\u2019 il 94%, e quello di \u2018tradizioni\u2019 l\u201986%. Diversi i motivi per visitarla dichiarati dagli intervistati: equilibrio tra <strong>natura e tradizioni vive<\/strong> (49,9%); <strong>attivit\u00e0 outdoor a ritmo lento<\/strong> (46,0%); <strong>clima alpino rigenerante<\/strong> (43,5%); <strong>enogastronomia<\/strong> come esperienza culturale (43,4%), tradizioni, f<strong>este, riti e transumanze<\/strong> &#8220;non fatti solo per turisti&#8221; (40,6%), <strong>mete meno battute dal turismo mainstream<\/strong> (35,6%) \u2013 che confermano la ricerca di esclusivit\u00e0 intesa come silenzio e pace e le Terme come benessere, non come status (34,1%) \u2013 esperienza rigenerante e non lusso ostentato. In Valtellina il viaggio \u00e8 riconnessione: camminare senza fretta, respirare, assaporare.<\/p>\n<p><strong>VALTELLINA, DESTINAZIONE CON FORTE POTENZIALE DI CRESCITA. LA WEB APP OFFRE UN PACCHETTO INTEGRATO DI 20 ESPERIENZE AUTENTICHE ALL\u2019INSEGNA DELLA \u201cVITAMIN T\u201d<\/strong><br \/>\nLa Valtellina \u00e8 una <strong>destinazione con un forte potenziale di crescita<\/strong>: solo il 34,5% degli italiani dichiara di conoscerla molto o abbastanza bene (ma solo il 6,5% molto bene). E chi la scopre se ne innamora. L&#8217;esposizione ad alcune delle immagini e attivit\u00e0 della Valtellina offerte in anteprima attraverso la web app genera un forte impatto positivo: l&#8217;83,1% riconosce la variet\u00e0 delle esperienze offerte tale da renderla adatta a tutti, e l&#8217;82,4% scopre che &#8220;c&#8217;\u00e8 da vedere molto pi\u00f9 di quanto pensasse\u201d; il 78,1% dichiara che prender\u00e0 in considerazione la valle per un viaggio futuro.<\/p>\n<p>La web app (online su <a href=\"http:\/\/www.valtellinadopeigp.it\/\">www.valtellinadopigp.it<\/a>) offre a turisti e visitatori un pacchetto integrato di <strong>20 esperienze autentiche all\u2019insegna della Vitamin T<\/strong> per scoprire l\u2019anima del territorio e pensate per il benessere e la rigenerazione mentale e fisica. Si va dalle passeggiate tra i <strong>terrazzamenti vitati<\/strong>, tra i pi\u00f9 estesi d\u2019Italia e spettacolari d\u2019Europa (oltre 2.500 km di muretti a secco la cui arte \u00e8 Patrimonio Unesco) alla scoperta del Mulino Menaglio con i <strong>laboratori su grano saraceno e Pizzoccheri;<\/strong> dalla <strong>\u201cPompei delle Alpi\u201d<\/strong> (Piuro) agli assaggi di piatti tipici nel<strong> lav\u00e9c<\/strong> (antica pentola ollare tipica). Per chi cerca relax e avventura ci sono le <strong>terme<\/strong> romane di Bormio ed esperienze pi\u00f9 adrenaliniche come il <strong>volo in parapendio<\/strong> (tra Alpi Retiche, Orobie e massiccio dell\u2019Adamello), la traversata del <strong>Ponte nel cielo<\/strong> (secondo ponte tibetano pi\u00f9 alto d\u2019Europa a 140 metri di altezza), rafting e kayak. Da non perdere il <strong>passo dello Stelvio<\/strong>, il valico pi\u00f9 alto d\u2019Italia (48 tornanti a 2.758 metri di altitudine) una sfida leggendaria per ciclisti e motociclisti per poi arrivare al<strong> Parco dello Stelvio<\/strong> &#8211; il pi\u00f9 grande dei parchi storici italiani e tuttora il pi\u00f9 esteso dell\u2019Arco Alpino &#8211; per ascoltare il bramito del cervo.<br \/>\nA ogni meta di<a href=\"http:\/\/www.valtellinadopeigp.it\/\"> \u201cValtellina Terra d\u2019Emozioni: esperienze uniche, gusto DOP e IGP\u201d<\/a> sono associati inoltre specifici <strong>experience point<\/strong> (\u201cValtellina Dop e Igp Station): <strong>23 luoghi del cibo dalla forte identit\u00e0 locale<\/strong> dove &#8211; <strong>ogni weekend dal 10 aprile al 17 maggio<\/strong> \u2013 si potranno assaporare le eccellenze DOP e IGP, lasciandosi conquistare dall\u2019intensit\u00e0 della bresaola e dei formaggi, dal profumo delle mele e dei pizzoccheri, dal carattere dei vini. Gli utenti potranno inoltre accedere a contenuti narrativi e curiosit\u00e0 attraverso <strong>20 audioguide\/podcast<\/strong> pensate per accompagnare l\u2019esplorazione del territorio e delle sue emozioni. Luoghi ed esperienze sono facilmente fruibili grazie alla geolocalizzazione tramite QR code. Completa l\u2019offerta una cartina pieghevole, disponibile presso i principali infopoint turistici del territorio e locali aderenti.<\/p>\n<p>Per<strong> Claudio Palladi, presidente del Distretto Agroalimentare di Qualit\u00e0 Valtellina Taste of Emotion<\/strong>: <em>\u201cL\u2019obiettivo del DAQ per Milano Cortina 2026 era costruire una rete tra gli attori del territorio per offrire ai visitatori un\u2019esperienza che coinvolga l\u2019intera provincia, promuovendo percorsi che aggreghino produttori, comunicatori, stakeholder e luoghi turistici, culturali e sociali. Con questa operazione la Valtellina compie oggi un passo decisivo verso il futuro in un\u2019ottica di turismo integrato, mettendo a sistema le sue eccellenze a marchio DOP e IGP \u2013 dalla Bresaola della Valtellina ai nostri formaggi Valtellina Casera e Bitto, dai Pizzoccheri della Valtellina alla Mela di Valtellina, ai vini di Valtellina DOCG\/DOC\/IGT &#8211; in un progetto concreto e innovativo che guarda oltre l\u2019orizzonte delle Olimpiadi Invernali. Oggi assistiamo a un cambio di paradigma: il viaggio non \u00e8 pi\u00f9 solo evasione, ma diventa uno strumento di rigenerazione psicofisica. E la Valtellina \u2013 che nel 2024 ha accolto oltre 4,2 milioni di presenze \u2013, con il suo mix unico di silenzio, natura, offerta agroalimentare certificata e tradizioni, si candida a diventare una delle destinazioni simbolo di questo nuovo modo di viaggiare: pi\u00f9 consapevole, pi\u00f9 autentico, profondamente rigenerante\u201d.<\/em><\/p>\n<p><em>\u201cCon &#8220;Valtellina Terra d\u2019Emozioni&#8221; facciamo un passo in pi\u00f9: non ci limitiamo a promuovere il territorio, ma costruiamo un racconto coerente e accessibile che mette al centro la qualit\u00e0 dell\u2019esperienza. La sfida oggi non \u00e8 attrarre semplicemente visitatori, ma offrire motivi veri per scegliere la Valtellina e tornarci. In questo progetto ritroviamo una visione chiara: integrare paesaggio, cultura e produzioni locali in un\u2019offerta capace di generare valore per chi arriva e per chi qui vive e lavora. \u00c8 su questa capacit\u00e0 di fare sistema che si gioca la competitivit\u00e0 della nostra destinazione nei prossimi anni\u201d. <\/em><strong>Davide Menegola, Presidente Provincia di Sondrio<\/strong><\/p>\n<p><em>\u201cIl bisogno di staccare e ritrovare energie non \u00e8 pi\u00f9 un lusso, ma una necessit\u00e0 diffusa, e la Valtellina risponde a questa esigenza con un\u2019offerta autentica e rigenerante. Qui il turismo si intreccia profondamente con l\u2019enogastronomia: ogni piatto racconta il territorio, le sue tradizioni e il suo ritmo lento. Con \u201cValtellina Terra d\u2019Emozioni\u201d valorizziamo proprio questo legame, proponendo esperienze in cui il gusto diventa parte integrante di un viaggio che cura, riconnette e lascia il segno\u201d<\/em>. <strong>Elio Moretti, Presidente APF Valtellina.<\/strong><\/p>\n<p><em>\u201cSempre pi\u00f9 turisti vogliono vivere esperienze autentiche, a contatto con la natura, assaporando i prodotti del territorio<\/em> \u2013 sottolinea <strong>Fabio Valli, ristoratore e vicepresidente di Federalberghi\/Confcommercio Sondrio<\/strong> \u2013 <em>e in questa direzione da tempo si sta muovendo il sistema turistico valtellinese. L\u2019enogastronomia, unita alle bellezze paesaggistiche, permette a tutta la Valtellina di proporre offerte a 360 gradi in tutti i periodi dell\u2019anno contribuendo cos\u00ec a favorire quel processo di destagionalizzazione che in questi anni ha avuto un sensibile aumento proprio nelle localit\u00e0 non particolarmente blasonate. I nostri sapori sono stati protagonisti anche nelle recenti Olimpiadi Invernali 2026 raccogliendo consensi unanimi. Portare in tavola i prodotti tipici della Valtellina \u00e8 un vero piacere perch\u00e9 si valorizza un grande patrimonio che pochi possono vantare\u201d.<\/em><\/p>\n<p><strong>L\u2019AGROALIMENTARE CERTIFICATO, UN TRAINO PER IL TERRITORIO E PER IL TURISMO<\/strong><br \/>\nSecondo i dati AstraRicerche, <strong>l&#8217;enogastronomia \u00e8 il principale driver di attrazione di una vacanza in montagna<\/strong>: il 57,8% cerca il binomio &#8220;camminata + degustazione&#8221; (in particolare Gen X e Baby Boomers), il 36,3% le degustazioni in malga (specie per Gen X) e il 28,6% le vie terrazzate con visita ai vigneti. L\u2019agroalimentare \u00e8 un settore chiave per la Lombardia (prima regione in Italia per fatturato agroalimentare con 50 miliardi di euro) e per Sondrio, prima provincia lombarda per prodotti agroalimentari tradizionali (in tutto 44) a cui si aggiungono le 9 DOP e IGP rappresentate dal DAQ, 11^ provincia italiana per impatto economico delle produzioni certificate di cibo e 4^ per produzione di vino (Dati Forum Ambrosetti 2025). I prodotti certificati, che con 300 milioni di fatturato sono un volano economico per il territorio, confermano il loro fascino come volano turistico e di potenziale interesse per il consumatore.<\/p>\n<p>&nbsp;<\/p>\n","protected":false},"excerpt":{"rendered":"<p>Realizzata dal Distretto Agroalimentare di Qualit\u00e0 della Valtellina con il supporto di APF Valtellina e il contributo della Provincia di Sondrio, la campagna propone dal 10 aprile al 17 maggio [&hellip;]<\/p>\n","protected":false},"author":8,"featured_media":7710,"comment_status":"closed","ping_status":"closed","sticky":false,"template":"","format":"standard","meta":{"_acf_changed":false,"footnotes":""},"categories":[1],"tags":[],"class_list":["post-7709","post","type-post","status-publish","format-standard","has-post-thumbnail","hentry","category-news"],"acf":[],"yoast_head":"<!-- This site is optimized with the Yoast SEO plugin v24.8.1 - https:\/\/yoast.com\/wordpress\/plugins\/seo\/ -->\n<title>Salumi Italia - VALTELLINA TERRA D\u2019EMOZIONI: AL VIA LA CAMPAGNA CHE TRASFORMA IL VIAGGIO IN BENESSERE<\/title>\n<meta name=\"robots\" content=\"index, follow, max-snippet:-1, max-image-preview:large, max-video-preview:-1\" \/>\n<link rel=\"canonical\" href=\"https:\/\/salumitalia.it\/news\/valtellina-terra-demozioni-al-via-la-campagna-che-trasforma-il-viaggio-in-benessere\/\" \/>\n<meta property=\"og:locale\" content=\"en_US\" \/>\n<meta property=\"og:type\" content=\"article\" \/>\n<meta property=\"og:title\" content=\"Salumi Italia - VALTELLINA TERRA D\u2019EMOZIONI: AL VIA LA CAMPAGNA CHE TRASFORMA IL VIAGGIO IN BENESSERE\" \/>\n<meta property=\"og:description\" content=\"Realizzata dal Distretto Agroalimentare di Qualit\u00e0 della Valtellina con il supporto di APF Valtellina e il contributo della Provincia di Sondrio, la campagna propone dal 10 aprile al 17 maggio [&hellip;]\" \/>\n<meta property=\"og:url\" content=\"https:\/\/salumitalia.it\/news\/valtellina-terra-demozioni-al-via-la-campagna-che-trasforma-il-viaggio-in-benessere\/\" \/>\n<meta property=\"og:site_name\" content=\"Salumi Italia\" \/>\n<meta property=\"article:published_time\" content=\"2026-04-06T18:18:10+00:00\" \/>\n<meta property=\"article:modified_time\" content=\"2026-04-29T12:49:07+00:00\" \/>\n<meta property=\"og:image\" content=\"https:\/\/salumitalia.it\/wp-content\/uploads\/2026\/04\/BRESAOLA-copia.jpg\" \/>\n\t<meta property=\"og:image:width\" content=\"1181\" \/>\n\t<meta property=\"og:image:height\" content=\"1181\" \/>\n\t<meta property=\"og:image:type\" content=\"image\/jpeg\" \/>\n<meta name=\"author\" content=\"andreap\" \/>\n<meta name=\"twitter:card\" content=\"summary_large_image\" \/>\n<meta name=\"twitter:label1\" content=\"Written by\" \/>\n\t<meta name=\"twitter:data1\" content=\"andreap\" \/>\n\t<meta name=\"twitter:label2\" content=\"Est. reading time\" \/>\n\t<meta name=\"twitter:data2\" content=\"10 minutes\" \/>\n<script type=\"application\/ld+json\" class=\"yoast-schema-graph\">{\"@context\":\"https:\/\/schema.org\",\"@graph\":[{\"@type\":\"WebPage\",\"@id\":\"https:\/\/salumitalia.it\/news\/valtellina-terra-demozioni-al-via-la-campagna-che-trasforma-il-viaggio-in-benessere\/\",\"url\":\"https:\/\/salumitalia.it\/news\/valtellina-terra-demozioni-al-via-la-campagna-che-trasforma-il-viaggio-in-benessere\/\",\"name\":\"Salumi Italia - VALTELLINA TERRA D\u2019EMOZIONI: AL VIA LA CAMPAGNA CHE TRASFORMA IL VIAGGIO IN BENESSERE\",\"isPartOf\":{\"@id\":\"https:\/\/salumitalia.it\/#website\"},\"primaryImageOfPage\":{\"@id\":\"https:\/\/salumitalia.it\/news\/valtellina-terra-demozioni-al-via-la-campagna-che-trasforma-il-viaggio-in-benessere\/#primaryimage\"},\"image\":{\"@id\":\"https:\/\/salumitalia.it\/news\/valtellina-terra-demozioni-al-via-la-campagna-che-trasforma-il-viaggio-in-benessere\/#primaryimage\"},\"thumbnailUrl\":\"https:\/\/salumitalia.it\/wp-content\/uploads\/2026\/04\/BRESAOLA-copia.jpg\",\"datePublished\":\"2026-04-06T18:18:10+00:00\",\"dateModified\":\"2026-04-29T12:49:07+00:00\",\"author\":{\"@id\":\"https:\/\/salumitalia.it\/#\/schema\/person\/3874baf67ccdb44dd23f99127289b14e\"},\"breadcrumb\":{\"@id\":\"https:\/\/salumitalia.it\/news\/valtellina-terra-demozioni-al-via-la-campagna-che-trasforma-il-viaggio-in-benessere\/#breadcrumb\"},\"inLanguage\":\"en-US\",\"potentialAction\":[{\"@type\":\"ReadAction\",\"target\":[\"https:\/\/salumitalia.it\/news\/valtellina-terra-demozioni-al-via-la-campagna-che-trasforma-il-viaggio-in-benessere\/\"]}]},{\"@type\":\"ImageObject\",\"inLanguage\":\"en-US\",\"@id\":\"https:\/\/salumitalia.it\/news\/valtellina-terra-demozioni-al-via-la-campagna-che-trasforma-il-viaggio-in-benessere\/#primaryimage\",\"url\":\"https:\/\/salumitalia.it\/wp-content\/uploads\/2026\/04\/BRESAOLA-copia.jpg\",\"contentUrl\":\"https:\/\/salumitalia.it\/wp-content\/uploads\/2026\/04\/BRESAOLA-copia.jpg\",\"width\":1181,\"height\":1181},{\"@type\":\"BreadcrumbList\",\"@id\":\"https:\/\/salumitalia.it\/news\/valtellina-terra-demozioni-al-via-la-campagna-che-trasforma-il-viaggio-in-benessere\/#breadcrumb\",\"itemListElement\":[{\"@type\":\"ListItem\",\"position\":1,\"name\":\"Home\",\"item\":\"https:\/\/salumitalia.it\/en\/\"},{\"@type\":\"ListItem\",\"position\":2,\"name\":\"VALTELLINA TERRA D\u2019EMOZIONI: AL VIA LA CAMPAGNA CHE TRASFORMA IL VIAGGIO IN BENESSERE\"}]},{\"@type\":\"WebSite\",\"@id\":\"https:\/\/salumitalia.it\/#website\",\"url\":\"https:\/\/salumitalia.it\/\",\"name\":\"Salumi Italia\",\"description\":\"\",\"potentialAction\":[{\"@type\":\"SearchAction\",\"target\":{\"@type\":\"EntryPoint\",\"urlTemplate\":\"https:\/\/salumitalia.it\/?s={search_term_string}\"},\"query-input\":{\"@type\":\"PropertyValueSpecification\",\"valueRequired\":true,\"valueName\":\"search_term_string\"}}],\"inLanguage\":\"en-US\"},{\"@type\":\"Person\",\"@id\":\"https:\/\/salumitalia.it\/#\/schema\/person\/3874baf67ccdb44dd23f99127289b14e\",\"name\":\"andreap\",\"image\":{\"@type\":\"ImageObject\",\"inLanguage\":\"en-US\",\"@id\":\"https:\/\/salumitalia.it\/#\/schema\/person\/image\/\",\"url\":\"https:\/\/secure.gravatar.com\/avatar\/c7b59fd01eeef1a3679e704c7cd6fef67862b516f782c06db84b6ef1a267527f?s=96&d=mm&r=g\",\"contentUrl\":\"https:\/\/secure.gravatar.com\/avatar\/c7b59fd01eeef1a3679e704c7cd6fef67862b516f782c06db84b6ef1a267527f?s=96&d=mm&r=g\",\"caption\":\"andreap\"},\"url\":\"https:\/\/salumitalia.it\/en\/author\/andreap\/\"}]}<\/script>\n<!-- \/ Yoast SEO plugin. -->","yoast_head_json":{"title":"Salumi Italia - VALTELLINA TERRA D\u2019EMOZIONI: AL VIA LA CAMPAGNA CHE TRASFORMA IL VIAGGIO IN BENESSERE","robots":{"index":"index","follow":"follow","max-snippet":"max-snippet:-1","max-image-preview":"max-image-preview:large","max-video-preview":"max-video-preview:-1"},"canonical":"https:\/\/salumitalia.it\/news\/valtellina-terra-demozioni-al-via-la-campagna-che-trasforma-il-viaggio-in-benessere\/","og_locale":"en_US","og_type":"article","og_title":"Salumi Italia - VALTELLINA TERRA D\u2019EMOZIONI: AL VIA LA CAMPAGNA CHE TRASFORMA IL VIAGGIO IN BENESSERE","og_description":"Realizzata dal Distretto Agroalimentare di Qualit\u00e0 della Valtellina con il supporto di APF Valtellina e il contributo della Provincia di Sondrio, la campagna propone dal 10 aprile al 17 maggio [&hellip;]","og_url":"https:\/\/salumitalia.it\/news\/valtellina-terra-demozioni-al-via-la-campagna-che-trasforma-il-viaggio-in-benessere\/","og_site_name":"Salumi Italia","article_published_time":"2026-04-06T18:18:10+00:00","article_modified_time":"2026-04-29T12:49:07+00:00","og_image":[{"width":1181,"height":1181,"url":"https:\/\/salumitalia.it\/wp-content\/uploads\/2026\/04\/BRESAOLA-copia.jpg","type":"image\/jpeg"}],"author":"andreap","twitter_card":"summary_large_image","twitter_misc":{"Written by":"andreap","Est. reading time":"10 minutes"},"schema":{"@context":"https:\/\/schema.org","@graph":[{"@type":"WebPage","@id":"https:\/\/salumitalia.it\/news\/valtellina-terra-demozioni-al-via-la-campagna-che-trasforma-il-viaggio-in-benessere\/","url":"https:\/\/salumitalia.it\/news\/valtellina-terra-demozioni-al-via-la-campagna-che-trasforma-il-viaggio-in-benessere\/","name":"Salumi Italia - VALTELLINA TERRA D\u2019EMOZIONI: AL VIA LA CAMPAGNA CHE TRASFORMA IL VIAGGIO IN BENESSERE","isPartOf":{"@id":"https:\/\/salumitalia.it\/#website"},"primaryImageOfPage":{"@id":"https:\/\/salumitalia.it\/news\/valtellina-terra-demozioni-al-via-la-campagna-che-trasforma-il-viaggio-in-benessere\/#primaryimage"},"image":{"@id":"https:\/\/salumitalia.it\/news\/valtellina-terra-demozioni-al-via-la-campagna-che-trasforma-il-viaggio-in-benessere\/#primaryimage"},"thumbnailUrl":"https:\/\/salumitalia.it\/wp-content\/uploads\/2026\/04\/BRESAOLA-copia.jpg","datePublished":"2026-04-06T18:18:10+00:00","dateModified":"2026-04-29T12:49:07+00:00","author":{"@id":"https:\/\/salumitalia.it\/#\/schema\/person\/3874baf67ccdb44dd23f99127289b14e"},"breadcrumb":{"@id":"https:\/\/salumitalia.it\/news\/valtellina-terra-demozioni-al-via-la-campagna-che-trasforma-il-viaggio-in-benessere\/#breadcrumb"},"inLanguage":"en-US","potentialAction":[{"@type":"ReadAction","target":["https:\/\/salumitalia.it\/news\/valtellina-terra-demozioni-al-via-la-campagna-che-trasforma-il-viaggio-in-benessere\/"]}]},{"@type":"ImageObject","inLanguage":"en-US","@id":"https:\/\/salumitalia.it\/news\/valtellina-terra-demozioni-al-via-la-campagna-che-trasforma-il-viaggio-in-benessere\/#primaryimage","url":"https:\/\/salumitalia.it\/wp-content\/uploads\/2026\/04\/BRESAOLA-copia.jpg","contentUrl":"https:\/\/salumitalia.it\/wp-content\/uploads\/2026\/04\/BRESAOLA-copia.jpg","width":1181,"height":1181},{"@type":"BreadcrumbList","@id":"https:\/\/salumitalia.it\/news\/valtellina-terra-demozioni-al-via-la-campagna-che-trasforma-il-viaggio-in-benessere\/#breadcrumb","itemListElement":[{"@type":"ListItem","position":1,"name":"Home","item":"https:\/\/salumitalia.it\/en\/"},{"@type":"ListItem","position":2,"name":"VALTELLINA TERRA D\u2019EMOZIONI: AL VIA LA CAMPAGNA CHE TRASFORMA IL VIAGGIO IN BENESSERE"}]},{"@type":"WebSite","@id":"https:\/\/salumitalia.it\/#website","url":"https:\/\/salumitalia.it\/","name":"Salumi Italia","description":"","potentialAction":[{"@type":"SearchAction","target":{"@type":"EntryPoint","urlTemplate":"https:\/\/salumitalia.it\/?s={search_term_string}"},"query-input":{"@type":"PropertyValueSpecification","valueRequired":true,"valueName":"search_term_string"}}],"inLanguage":"en-US"},{"@type":"Person","@id":"https:\/\/salumitalia.it\/#\/schema\/person\/3874baf67ccdb44dd23f99127289b14e","name":"andreap","image":{"@type":"ImageObject","inLanguage":"en-US","@id":"https:\/\/salumitalia.it\/#\/schema\/person\/image\/","url":"https:\/\/secure.gravatar.com\/avatar\/c7b59fd01eeef1a3679e704c7cd6fef67862b516f782c06db84b6ef1a267527f?s=96&d=mm&r=g","contentUrl":"https:\/\/secure.gravatar.com\/avatar\/c7b59fd01eeef1a3679e704c7cd6fef67862b516f782c06db84b6ef1a267527f?s=96&d=mm&r=g","caption":"andreap"},"url":"https:\/\/salumitalia.it\/en\/author\/andreap\/"}]}},"_links":{"self":[{"href":"https:\/\/salumitalia.it\/en\/wp-json\/wp\/v2\/posts\/7709","targetHints":{"allow":["GET"]}}],"collection":[{"href":"https:\/\/salumitalia.it\/en\/wp-json\/wp\/v2\/posts"}],"about":[{"href":"https:\/\/salumitalia.it\/en\/wp-json\/wp\/v2\/types\/post"}],"author":[{"embeddable":true,"href":"https:\/\/salumitalia.it\/en\/wp-json\/wp\/v2\/users\/8"}],"replies":[{"embeddable":true,"href":"https:\/\/salumitalia.it\/en\/wp-json\/wp\/v2\/comments?post=7709"}],"version-history":[{"count":2,"href":"https:\/\/salumitalia.it\/en\/wp-json\/wp\/v2\/posts\/7709\/revisions"}],"predecessor-version":[{"id":7719,"href":"https:\/\/salumitalia.it\/en\/wp-json\/wp\/v2\/posts\/7709\/revisions\/7719"}],"wp:featuredmedia":[{"embeddable":true,"href":"https:\/\/salumitalia.it\/en\/wp-json\/wp\/v2\/media\/7710"}],"wp:attachment":[{"href":"https:\/\/salumitalia.it\/en\/wp-json\/wp\/v2\/media?parent=7709"}],"wp:term":[{"taxonomy":"category","embeddable":true,"href":"https:\/\/salumitalia.it\/en\/wp-json\/wp\/v2\/categories?post=7709"},{"taxonomy":"post_tag","embeddable":true,"href":"https:\/\/salumitalia.it\/en\/wp-json\/wp\/v2\/tags?post=7709"}],"curies":[{"name":"wp","href":"https:\/\/api.w.org\/{rel}","templated":true}]}}