{"id":7646,"date":"2026-03-06T15:31:55","date_gmt":"2026-03-06T14:31:55","guid":{"rendered":"https:\/\/salumitalia.it\/?p=7646"},"modified":"2026-03-31T20:05:30","modified_gmt":"2026-03-31T18:05:30","slug":"seminario-informativo-estensione-della-protezione-delle-registrazioni-italiane-dallaccordo-di-lisbona-allatto-di-ginevra","status":"publish","type":"post","link":"https:\/\/salumitalia.it\/en\/news\/seminario-informativo-estensione-della-protezione-delle-registrazioni-italiane-dallaccordo-di-lisbona-allatto-di-ginevra\/","title":{"rendered":"SEMINARIO INFORMATIVO MASAF: ESTENSIONE DELLA PROTEZIONE DELLE REGISTRAZIONI ITALIANE DALL&#8217;ACCORDO DI LISBONA ALL&#8217;ATTO DI GINEVRA"},"content":{"rendered":"<p>Si \u00e8 tenuto in data gioved\u00ec 5 marzo presso il Ministero dell&#8217;agricoltura, della sovranit\u00e0 alimentare e delle foreste il seminario informativo sull&#8217;estensione della protezione delle registrazioni italiane dall&#8217;Accordo di Lisbona all&#8217;Atto di Ginevra.<\/p>\n<p>Un prezioso <strong>momento formativo organizzato dal MASAF<\/strong> &#8211; in collaborazione con la <strong>DG Agri della Commissione europea<\/strong> e l&#8217;<strong>OMPI<\/strong> &#8211; rivolto ai Consorzi di tutela delle Indicazioni Geografiche italiane e le loro Associazioni.<\/p>\n<p>Relatori dell&#8217;evento, <strong>Vincenzo Carrozzino<\/strong> (Funzionario Ufficio PQA I, Masaf),<strong> Alexandra Grazioli<\/strong> (Direttrice sistema di Registrazione di Lisbona, OMPI) e<strong> Luca Cianfoni<\/strong> (Funzionario Commissione europea &#8211; DG AGRI).<\/p>\n<p>L&#8217;incontro ha offerto un <strong>inquadramento del sistema di protezione<\/strong> a livello internazionale e delle <strong>modifiche introdotte<\/strong> con la recente ratifica da parte dell&#8217;Italia dell&#8217;Atto di Ginevra dell&#8217;Accordo di Lisbona sulle Denominazioni d&#8217;Origine e Indicazioni Geografiche. Ha consentito, inoltre, grazie anche a un taglio operativo,\u00a0di trasferire<strong> informazioni e chiarimenti in merito agli adempimenti<\/strong> da mettere in atto, nel breve periodo anche da parte dei Consorzi di tutela, per aggiornare la protezione delle Indicazioni Geografiche ed estenderla ai Paesi aderenti all&#8217;Atto di Ginevra.<\/p>\n<p>Un approfondimento del contesto in cui \u00e8 intervenuto il seminario \u00e8 presente nell\u2019intervista di Alexandra Grazioli dell\u2019OMPI nella rubrica \u201cLa parola a..\u201d.<\/p>\n","protected":false},"excerpt":{"rendered":"<p>Si \u00e8 tenuto in data gioved\u00ec 5 marzo presso il Ministero dell&#8217;agricoltura, della sovranit\u00e0 alimentare e delle foreste il seminario informativo sull&#8217;estensione della protezione delle registrazioni italiane dall&#8217;Accordo di Lisbona [&hellip;]<\/p>\n","protected":false},"author":8,"featured_media":7647,"comment_status":"closed","ping_status":"closed","sticky":false,"template":"","format":"standard","meta":{"_acf_changed":false,"footnotes":""},"categories":[1],"tags":[],"class_list":["post-7646","post","type-post","status-publish","format-standard","has-post-thumbnail","hentry","category-news"],"acf":[],"yoast_head":"<!-- This site is optimized with the Yoast SEO plugin v24.8.1 - https:\/\/yoast.com\/wordpress\/plugins\/seo\/ -->\n<title>Salumi Italia - SEMINARIO INFORMATIVO MASAF: ESTENSIONE DELLA PROTEZIONE DELLE REGISTRAZIONI ITALIANE DALL&#039;ACCORDO DI LISBONA ALL&#039;ATTO DI GINEVRA<\/title>\n<meta name=\"robots\" content=\"index, follow, max-snippet:-1, max-image-preview:large, max-video-preview:-1\" \/>\n<link rel=\"canonical\" href=\"https:\/\/salumitalia.it\/news\/seminario-informativo-estensione-della-protezione-delle-registrazioni-italiane-dallaccordo-di-lisbona-allatto-di-ginevra\/\" \/>\n<meta property=\"og:locale\" content=\"en_US\" \/>\n<meta property=\"og:type\" content=\"article\" \/>\n<meta property=\"og:title\" content=\"Salumi Italia - SEMINARIO INFORMATIVO MASAF: ESTENSIONE DELLA PROTEZIONE DELLE REGISTRAZIONI ITALIANE DALL&#039;ACCORDO DI LISBONA ALL&#039;ATTO DI GINEVRA\" \/>\n<meta property=\"og:description\" content=\"Si \u00e8 tenuto in data gioved\u00ec 5 marzo presso il Ministero dell&#8217;agricoltura, della sovranit\u00e0 alimentare e delle foreste il seminario informativo sull&#8217;estensione della protezione delle registrazioni italiane dall&#8217;Accordo di Lisbona [&hellip;]\" \/>\n<meta property=\"og:url\" content=\"https:\/\/salumitalia.it\/news\/seminario-informativo-estensione-della-protezione-delle-registrazioni-italiane-dallaccordo-di-lisbona-allatto-di-ginevra\/\" \/>\n<meta property=\"og:site_name\" content=\"Salumi Italia\" \/>\n<meta property=\"article:published_time\" content=\"2026-03-06T14:31:55+00:00\" \/>\n<meta property=\"article:modified_time\" content=\"2026-03-31T18:05:30+00:00\" \/>\n<meta property=\"og:image\" content=\"https:\/\/salumitalia.it\/wp-content\/uploads\/2026\/03\/seminario-copia-1.jpg\" \/>\n\t<meta property=\"og:image:width\" content=\"1181\" \/>\n\t<meta property=\"og:image:height\" content=\"1181\" \/>\n\t<meta property=\"og:image:type\" content=\"image\/jpeg\" \/>\n<meta name=\"author\" content=\"andreap\" \/>\n<meta name=\"twitter:card\" content=\"summary_large_image\" \/>\n<meta name=\"twitter:label1\" content=\"Written by\" \/>\n\t<meta name=\"twitter:data1\" content=\"andreap\" \/>\n\t<meta name=\"twitter:label2\" content=\"Est. reading time\" \/>\n\t<meta name=\"twitter:data2\" content=\"2 minutes\" \/>\n<script type=\"application\/ld+json\" class=\"yoast-schema-graph\">{\"@context\":\"https:\/\/schema.org\",\"@graph\":[{\"@type\":\"WebPage\",\"@id\":\"https:\/\/salumitalia.it\/news\/seminario-informativo-estensione-della-protezione-delle-registrazioni-italiane-dallaccordo-di-lisbona-allatto-di-ginevra\/\",\"url\":\"https:\/\/salumitalia.it\/news\/seminario-informativo-estensione-della-protezione-delle-registrazioni-italiane-dallaccordo-di-lisbona-allatto-di-ginevra\/\",\"name\":\"Salumi Italia - SEMINARIO INFORMATIVO MASAF: ESTENSIONE DELLA PROTEZIONE DELLE REGISTRAZIONI ITALIANE DALL'ACCORDO DI LISBONA ALL'ATTO DI GINEVRA\",\"isPartOf\":{\"@id\":\"https:\/\/salumitalia.it\/#website\"},\"primaryImageOfPage\":{\"@id\":\"https:\/\/salumitalia.it\/news\/seminario-informativo-estensione-della-protezione-delle-registrazioni-italiane-dallaccordo-di-lisbona-allatto-di-ginevra\/#primaryimage\"},\"image\":{\"@id\":\"https:\/\/salumitalia.it\/news\/seminario-informativo-estensione-della-protezione-delle-registrazioni-italiane-dallaccordo-di-lisbona-allatto-di-ginevra\/#primaryimage\"},\"thumbnailUrl\":\"https:\/\/salumitalia.it\/wp-content\/uploads\/2026\/03\/seminario-copia-1.jpg\",\"datePublished\":\"2026-03-06T14:31:55+00:00\",\"dateModified\":\"2026-03-31T18:05:30+00:00\",\"author\":{\"@id\":\"https:\/\/salumitalia.it\/#\/schema\/person\/3874baf67ccdb44dd23f99127289b14e\"},\"breadcrumb\":{\"@id\":\"https:\/\/salumitalia.it\/news\/seminario-informativo-estensione-della-protezione-delle-registrazioni-italiane-dallaccordo-di-lisbona-allatto-di-ginevra\/#breadcrumb\"},\"inLanguage\":\"en-US\",\"potentialAction\":[{\"@type\":\"ReadAction\",\"target\":[\"https:\/\/salumitalia.it\/news\/seminario-informativo-estensione-della-protezione-delle-registrazioni-italiane-dallaccordo-di-lisbona-allatto-di-ginevra\/\"]}]},{\"@type\":\"ImageObject\",\"inLanguage\":\"en-US\",\"@id\":\"https:\/\/salumitalia.it\/news\/seminario-informativo-estensione-della-protezione-delle-registrazioni-italiane-dallaccordo-di-lisbona-allatto-di-ginevra\/#primaryimage\",\"url\":\"https:\/\/salumitalia.it\/wp-content\/uploads\/2026\/03\/seminario-copia-1.jpg\",\"contentUrl\":\"https:\/\/salumitalia.it\/wp-content\/uploads\/2026\/03\/seminario-copia-1.jpg\",\"width\":1181,\"height\":1181},{\"@type\":\"BreadcrumbList\",\"@id\":\"https:\/\/salumitalia.it\/news\/seminario-informativo-estensione-della-protezione-delle-registrazioni-italiane-dallaccordo-di-lisbona-allatto-di-ginevra\/#breadcrumb\",\"itemListElement\":[{\"@type\":\"ListItem\",\"position\":1,\"name\":\"Home\",\"item\":\"https:\/\/salumitalia.it\/en\/\"},{\"@type\":\"ListItem\",\"position\":2,\"name\":\"SEMINARIO INFORMATIVO MASAF: ESTENSIONE DELLA PROTEZIONE DELLE REGISTRAZIONI ITALIANE DALL&#8217;ACCORDO DI LISBONA ALL&#8217;ATTO DI GINEVRA\"}]},{\"@type\":\"WebSite\",\"@id\":\"https:\/\/salumitalia.it\/#website\",\"url\":\"https:\/\/salumitalia.it\/\",\"name\":\"Salumi Italia\",\"description\":\"\",\"potentialAction\":[{\"@type\":\"SearchAction\",\"target\":{\"@type\":\"EntryPoint\",\"urlTemplate\":\"https:\/\/salumitalia.it\/?s={search_term_string}\"},\"query-input\":{\"@type\":\"PropertyValueSpecification\",\"valueRequired\":true,\"valueName\":\"search_term_string\"}}],\"inLanguage\":\"en-US\"},{\"@type\":\"Person\",\"@id\":\"https:\/\/salumitalia.it\/#\/schema\/person\/3874baf67ccdb44dd23f99127289b14e\",\"name\":\"andreap\",\"image\":{\"@type\":\"ImageObject\",\"inLanguage\":\"en-US\",\"@id\":\"https:\/\/salumitalia.it\/#\/schema\/person\/image\/\",\"url\":\"https:\/\/secure.gravatar.com\/avatar\/c7b59fd01eeef1a3679e704c7cd6fef67862b516f782c06db84b6ef1a267527f?s=96&d=mm&r=g\",\"contentUrl\":\"https:\/\/secure.gravatar.com\/avatar\/c7b59fd01eeef1a3679e704c7cd6fef67862b516f782c06db84b6ef1a267527f?s=96&d=mm&r=g\",\"caption\":\"andreap\"},\"url\":\"https:\/\/salumitalia.it\/en\/author\/andreap\/\"}]}<\/script>\n<!-- \/ Yoast SEO plugin. -->","yoast_head_json":{"title":"Salumi Italia - SEMINARIO INFORMATIVO MASAF: ESTENSIONE DELLA PROTEZIONE DELLE REGISTRAZIONI ITALIANE DALL'ACCORDO DI LISBONA ALL'ATTO DI GINEVRA","robots":{"index":"index","follow":"follow","max-snippet":"max-snippet:-1","max-image-preview":"max-image-preview:large","max-video-preview":"max-video-preview:-1"},"canonical":"https:\/\/salumitalia.it\/news\/seminario-informativo-estensione-della-protezione-delle-registrazioni-italiane-dallaccordo-di-lisbona-allatto-di-ginevra\/","og_locale":"en_US","og_type":"article","og_title":"Salumi Italia - SEMINARIO INFORMATIVO MASAF: ESTENSIONE DELLA PROTEZIONE DELLE REGISTRAZIONI ITALIANE DALL'ACCORDO DI LISBONA ALL'ATTO DI GINEVRA","og_description":"Si \u00e8 tenuto in data gioved\u00ec 5 marzo presso il Ministero dell&#8217;agricoltura, della sovranit\u00e0 alimentare e delle foreste il seminario informativo sull&#8217;estensione della protezione delle registrazioni italiane dall&#8217;Accordo di Lisbona [&hellip;]","og_url":"https:\/\/salumitalia.it\/news\/seminario-informativo-estensione-della-protezione-delle-registrazioni-italiane-dallaccordo-di-lisbona-allatto-di-ginevra\/","og_site_name":"Salumi Italia","article_published_time":"2026-03-06T14:31:55+00:00","article_modified_time":"2026-03-31T18:05:30+00:00","og_image":[{"width":1181,"height":1181,"url":"https:\/\/salumitalia.it\/wp-content\/uploads\/2026\/03\/seminario-copia-1.jpg","type":"image\/jpeg"}],"author":"andreap","twitter_card":"summary_large_image","twitter_misc":{"Written by":"andreap","Est. reading time":"2 minutes"},"schema":{"@context":"https:\/\/schema.org","@graph":[{"@type":"WebPage","@id":"https:\/\/salumitalia.it\/news\/seminario-informativo-estensione-della-protezione-delle-registrazioni-italiane-dallaccordo-di-lisbona-allatto-di-ginevra\/","url":"https:\/\/salumitalia.it\/news\/seminario-informativo-estensione-della-protezione-delle-registrazioni-italiane-dallaccordo-di-lisbona-allatto-di-ginevra\/","name":"Salumi Italia - SEMINARIO INFORMATIVO MASAF: ESTENSIONE DELLA PROTEZIONE DELLE REGISTRAZIONI ITALIANE DALL'ACCORDO DI LISBONA ALL'ATTO DI GINEVRA","isPartOf":{"@id":"https:\/\/salumitalia.it\/#website"},"primaryImageOfPage":{"@id":"https:\/\/salumitalia.it\/news\/seminario-informativo-estensione-della-protezione-delle-registrazioni-italiane-dallaccordo-di-lisbona-allatto-di-ginevra\/#primaryimage"},"image":{"@id":"https:\/\/salumitalia.it\/news\/seminario-informativo-estensione-della-protezione-delle-registrazioni-italiane-dallaccordo-di-lisbona-allatto-di-ginevra\/#primaryimage"},"thumbnailUrl":"https:\/\/salumitalia.it\/wp-content\/uploads\/2026\/03\/seminario-copia-1.jpg","datePublished":"2026-03-06T14:31:55+00:00","dateModified":"2026-03-31T18:05:30+00:00","author":{"@id":"https:\/\/salumitalia.it\/#\/schema\/person\/3874baf67ccdb44dd23f99127289b14e"},"breadcrumb":{"@id":"https:\/\/salumitalia.it\/news\/seminario-informativo-estensione-della-protezione-delle-registrazioni-italiane-dallaccordo-di-lisbona-allatto-di-ginevra\/#breadcrumb"},"inLanguage":"en-US","potentialAction":[{"@type":"ReadAction","target":["https:\/\/salumitalia.it\/news\/seminario-informativo-estensione-della-protezione-delle-registrazioni-italiane-dallaccordo-di-lisbona-allatto-di-ginevra\/"]}]},{"@type":"ImageObject","inLanguage":"en-US","@id":"https:\/\/salumitalia.it\/news\/seminario-informativo-estensione-della-protezione-delle-registrazioni-italiane-dallaccordo-di-lisbona-allatto-di-ginevra\/#primaryimage","url":"https:\/\/salumitalia.it\/wp-content\/uploads\/2026\/03\/seminario-copia-1.jpg","contentUrl":"https:\/\/salumitalia.it\/wp-content\/uploads\/2026\/03\/seminario-copia-1.jpg","width":1181,"height":1181},{"@type":"BreadcrumbList","@id":"https:\/\/salumitalia.it\/news\/seminario-informativo-estensione-della-protezione-delle-registrazioni-italiane-dallaccordo-di-lisbona-allatto-di-ginevra\/#breadcrumb","itemListElement":[{"@type":"ListItem","position":1,"name":"Home","item":"https:\/\/salumitalia.it\/en\/"},{"@type":"ListItem","position":2,"name":"SEMINARIO INFORMATIVO MASAF: ESTENSIONE DELLA PROTEZIONE DELLE REGISTRAZIONI ITALIANE DALL&#8217;ACCORDO DI LISBONA ALL&#8217;ATTO DI GINEVRA"}]},{"@type":"WebSite","@id":"https:\/\/salumitalia.it\/#website","url":"https:\/\/salumitalia.it\/","name":"Salumi Italia","description":"","potentialAction":[{"@type":"SearchAction","target":{"@type":"EntryPoint","urlTemplate":"https:\/\/salumitalia.it\/?s={search_term_string}"},"query-input":{"@type":"PropertyValueSpecification","valueRequired":true,"valueName":"search_term_string"}}],"inLanguage":"en-US"},{"@type":"Person","@id":"https:\/\/salumitalia.it\/#\/schema\/person\/3874baf67ccdb44dd23f99127289b14e","name":"andreap","image":{"@type":"ImageObject","inLanguage":"en-US","@id":"https:\/\/salumitalia.it\/#\/schema\/person\/image\/","url":"https:\/\/secure.gravatar.com\/avatar\/c7b59fd01eeef1a3679e704c7cd6fef67862b516f782c06db84b6ef1a267527f?s=96&d=mm&r=g","contentUrl":"https:\/\/secure.gravatar.com\/avatar\/c7b59fd01eeef1a3679e704c7cd6fef67862b516f782c06db84b6ef1a267527f?s=96&d=mm&r=g","caption":"andreap"},"url":"https:\/\/salumitalia.it\/en\/author\/andreap\/"}]}},"_links":{"self":[{"href":"https:\/\/salumitalia.it\/en\/wp-json\/wp\/v2\/posts\/7646","targetHints":{"allow":["GET"]}}],"collection":[{"href":"https:\/\/salumitalia.it\/en\/wp-json\/wp\/v2\/posts"}],"about":[{"href":"https:\/\/salumitalia.it\/en\/wp-json\/wp\/v2\/types\/post"}],"author":[{"embeddable":true,"href":"https:\/\/salumitalia.it\/en\/wp-json\/wp\/v2\/users\/8"}],"replies":[{"embeddable":true,"href":"https:\/\/salumitalia.it\/en\/wp-json\/wp\/v2\/comments?post=7646"}],"version-history":[{"count":4,"href":"https:\/\/salumitalia.it\/en\/wp-json\/wp\/v2\/posts\/7646\/revisions"}],"predecessor-version":[{"id":7695,"href":"https:\/\/salumitalia.it\/en\/wp-json\/wp\/v2\/posts\/7646\/revisions\/7695"}],"wp:featuredmedia":[{"embeddable":true,"href":"https:\/\/salumitalia.it\/en\/wp-json\/wp\/v2\/media\/7647"}],"wp:attachment":[{"href":"https:\/\/salumitalia.it\/en\/wp-json\/wp\/v2\/media?parent=7646"}],"wp:term":[{"taxonomy":"category","embeddable":true,"href":"https:\/\/salumitalia.it\/en\/wp-json\/wp\/v2\/categories?post=7646"},{"taxonomy":"post_tag","embeddable":true,"href":"https:\/\/salumitalia.it\/en\/wp-json\/wp\/v2\/tags?post=7646"}],"curies":[{"name":"wp","href":"https:\/\/api.w.org\/{rel}","templated":true}]}}