{"id":7123,"date":"2025-12-01T17:33:46","date_gmt":"2025-12-01T16:33:46","guid":{"rendered":"https:\/\/salumitalia.it\/?p=7123"},"modified":"2025-12-29T10:32:49","modified_gmt":"2025-12-29T09:32:49","slug":"consorzio-del-prosciutto-di-modena-convegno-la-qualita-come-ingrediente-delleccellenza-il-valore-del-territorio-di-modena","status":"publish","type":"post","link":"https:\/\/salumitalia.it\/en\/news\/consorzio-del-prosciutto-di-modena-convegno-la-qualita-come-ingrediente-delleccellenza-il-valore-del-territorio-di-modena\/","title":{"rendered":"CONSORZIO DEL PROSCIUTTO DI MODENA: CONVEGNO \u201cLA QUALIT\u00c0 COME INGREDIENTE DELL\u2019ECCELLENZA: IL VALORE DEL TERRITORIO DI MODENA\u201d"},"content":{"rendered":"<p><strong>A MODENA, UN CONVEGNO PER PRESENTARE LA NUOVA RICERCA <\/strong><strong>SU VALORI NUTRIZIONALI, QUALIT\u00c0 SENSORIALI E SHELF LIFE\u00a0 <\/strong><strong>DEL PROSCIUTTO DI MODENA DOP<\/strong><\/p>\n<p><em>Modena, 1\u00b0 dicembre 2025 <\/em>\u2013 Il Consorzio di Tutela del <strong>Prosciutto di Modena DOP<\/strong> ha presentato nel corso del Convegno <strong><em>\u201cLa qualit\u00e0 come ingrediente dell\u2019eccellenza: il valore del territorio di Modena\u201d<\/em><\/strong>, i risultati della nuova ricerca scientifica condotta in collaborazione con la <strong>Stazione Sperimentale per l\u2019Industria delle Conserve Alimentari (SSICA)<\/strong>.<br \/>\nLo studio analizza in modo approfondito <strong>composizione nutrizionale<\/strong>, <strong>qualit\u00e0 sensoriale<\/strong> e <strong>shelf life<\/strong> del <strong>Prosciutto di Modena DOP<\/strong>, confermando l\u2019alto profilo qualitativo di questa eccellenza del territorio.<\/p>\n<p><strong><u>Un prodotto naturalmente ricco e bilanciato<\/u><\/strong><\/p>\n<p>La ricerca evidenzia un prosciutto con caratteristiche nutrizionali di rilievo, con un profilo costante e armonico lungo tutto il periodo di stagionatura. Dalla ricerca emerge che il prodotto presenta <strong>proteine ad alto valore biologico<\/strong>, in aumento con la stagionatura (dal 26,4% a 16 mesi fino al 27,6% a 24 mesi); <strong>ferro eme altamente biodisponibile<\/strong>, insieme a zinco, fosforo e potassio; <strong>ottimo contenuto di vitamine del gruppo B<\/strong>, in particolare B1 (tiamina), B3 (niacina) e B6 (piridossina); <strong>rapporto equilibrato di acidi grassi<\/strong>, con un contenuto moderato nella fetta sgrassata (tra il 6,47% e l\u20198,09%); incremento degli amminoacidi liberi essenziali e ramificati con il progredire della stagionatura, responsabili della complessit\u00e0 gusto-olfattiva.<\/p>\n<p><em>\u201cIl Prosciutto di Modena DOP offre vitamine del gruppo B e minerali essenziali come zinco e ferro, proteine di alta qualit\u00e0, amminoacidi e peptidi che ne esaltano il sapore tipico &#8211; <\/em>commentano le ricercatrici della SSICA che hanno condotto la ricerca.<em> \u201cLa lunga stagionatura ne aumenta la digeribilit\u00e0 e favorisce la naturale evoluzione del colore e dell\u2019aroma, assicurando un profilo nutrizionale pulito. Grazie alla stabilit\u00e0 raggiunta, vanta sicurezza microbiologica e una shelf life prolungata. Sulla base di studi di shelf life accelerata si delineano anche i tempi di conservazione dei tranci sottovuoto a temperatura ambiente\u201d.<\/em><\/p>\n<p><strong><u>Il percorso del Convegno<\/u><\/strong><\/p>\n<p>Il Convegno \u00e8 stato strutturato come un vero e proprio viaggio attraverso le diverse<strong> dimensioni<\/strong> del Prosciutto di Modena DOP. Dopo la presentazione della ricerca, un <strong>focus nutrizionale<\/strong> da parte della nutrizionista, <strong>Dott.ssa Livia Galletti<\/strong>, ha illustrato il corretto posizionamento del prodotto all\u2019interno di una dieta varia ed equilibrata, evidenziandone i punti di forza dal punto di vista nutrizionale.<\/p>\n<p><em>\u201cI nuovi dati raccolti dalla ricerca della Stazione Sperimentale evidenziano come il Prosciutto di Modena DOP possa essere inserito in un\u2019alimentazione equilibrata a qualsiasi et\u00e0, <\/em>commenta la nutrizionista<em>\u201d. \u00c8 un\u2019ottima fonte di amminoacidi, proteine ad alta biodisponiblit\u00e0, sali minerali quali ferro eme e zinco. Inoltre, il suo gusto dolce e con una equilibrata sapidit\u00e0 lo rendono particolarmente gradevole al palato ed \u00e8 importante salvaguardare anche il piacere a tavola quando ci occupiamo di nutrizione\u201d.<\/em><\/p>\n<p>A seguire, un <strong>talk <\/strong>a cui hanno preso parte, insieme<strong> alla Presidente del Consorzio Giorgia Vitali<\/strong>, referenti del territorio modenese e del settore della salumeria italiana tutelata<strong>: <\/strong><\/p>\n<p><strong>Giuseppe Molinari<\/strong>, Presidente della Camera di Commercio di Modena, ha approfondito il tema della positiva ricaduta delle filiere ad Indicazione Geografica sul sistema economico e sociale locale. <em>\u201cLa Camera di Commercio \u00e8 convinta che investire nella valorizzazione delle eccellenze agroalimentari modenesi significhi non solo tutelare il patrimonio culturale, ma anche sostenere la crescita dell&#8217;economia locale e l&#8217;occupazione. Dobbiamo operare in una logica di filiera, dove il successo di un prodotto traina l&#8217;intera economia del distretto\u201d<\/em><em> \u2013 <\/em>il commento del Presidente.<\/p>\n<p>Lo <strong>Chef Luca Marchini <\/strong>ha valorizzato l\u2019utilizzo e il racconto dei prodotti a Indicazione Geografica all\u2019interno dei suoi menu, sottolineando il ruolo della ristorazione nella narrazione dei territori. <em>&#8220;Il territorio nella mia cucina \u00e8 fondamentale in quanto elemento identitario, imprescindibile nelle ricette pi\u00f9 apprezzate. Persino nei piatti pi\u00f9 creativi e fondati su una sperimentazione, l&#8217;imprinting della cultura gastronomica locale \u00e8 presente. L&#8217;eccellenza della materia prima \u00e8 un must in ogni Cucina che desideri offrire un\u2019esperienza autentica da ricordare. Il nostro territorio \u00e8 ricchissimo di prodotti di eccellenza riconosciuti in tutto il mondo e questa la considero una grande risorsa attraverso cui esprimermi\u201d &#8211; <\/em>il commento dello Chef.<\/p>\n<p><strong>Cristiano Costantino Loddo<\/strong>, <strong>Direttore di Salumitalia<\/strong>, ha ripercorso l\u2019evoluzione delle Indicazioni Geografiche nel tempo e il ruolo, sempre pi\u00f9 strategico, dei Consorzi di Tutela.<\/p>\n<p><em>\u201cIl settore delle Indicazioni Geografiche rappresenta un asset consolidato per l\u2019economia del nostro Paese e portavoce della capacit\u00e0 produttiva riconosciuta e sempre pi\u00f9 apprezzata nel mondo<\/em>\u201d, commenta il direttore di Salumitalia. <em>&#8220;Un contributo fattivo, quello dei Consorzi di Tutela, soggetti deputati non solo alla tutela delle IG, ma alla sua valorizzazione a tutto tondo, anche individuando virtuosi percorsi di adeguamento delle caratteristiche che riescano a coniugare la fondamentale e rigorosa tradizionalit\u00e0 &#8211; che ha legittimato la registrazione come IG &#8211; all&#8217;innovazione, per favorirne la durabilit\u00e0 anche rispetto a nuove esigenze dei consumatori\u201d, <\/em>conclude il Direttore Loddo.<\/p>\n<p><strong><u>Una filiera che investe in territorio e trasparenza nelle parole della Presidente del Consorzio Giorgia Vitali<\/u><\/strong><\/p>\n<p><strong>La Presidente del Consorzio<\/strong> ha chiuso il talk evidenziando il valore identitario che il Prosciutto di Modena rappresenta per il suo territorio d\u2019origine e come l\u2019impegno del Consorzio verso la qualit\u00e0 sia costante: nel corso degli ultimi anni, il Consorzio ha infatti introdotto aggiornamenti al Disciplinare di produzione, tra cui \u2013 nel 2024 \u2013 una riduzione dell\u2019utilizzo del sale, con l\u2019obiettivo di migliorare ulteriormente un prodotto gi\u00e0 riconosciuto per equilibrio nutrizionale e bont\u00e0.<\/p>\n<p>Realizzato con cosce di <strong>suini italiani<\/strong>, salate e stagionate tra le colline modenesi e bolognesi, il Prosciutto di Modena DOP \u00e8 un alimento <strong>nutrizionalmente valido, sensorialmente ricco e sicuro dal punto di vista della conservazione<\/strong>.<\/p>\n<p>Il convegno ha rappresentato un momento di dialogo tra istituzioni, mondo scientifico e filiera produttiva, confermando l\u2019importanza di un approccio basato su <strong>trasparenza, ricerca e tutela del consumatore<\/strong>.<\/p>\n<p>Il Consorzio rinnova il proprio impegno nella valorizzazione di un prodotto identitario del patrimonio gastronomico italiano e nella diffusione di dati scientifici chiari e verificati a beneficio del consumatore.<\/p>\n<p>&nbsp;<\/p>\n<p><a href=\"https:\/\/salumitalia.it\/news\/consorzio-del-prosciutto-di-modena-convegno-la-qualita-come-ingrediente-delleccellenza-il-valore-del-territorio-di-modena\/attachment\/convegno-copia-2\/\" rel=\"attachment wp-att-7128\"><img loading=\"lazy\" decoding=\"async\" class=\"aligncenter wp-image-7128 \" src=\"https:\/\/salumitalia.it\/wp-content\/uploads\/2025\/12\/CONVEGNO-copia-2-212x300.jpg\" alt=\"\" width=\"434\" height=\"614\" srcset=\"https:\/\/salumitalia.it\/wp-content\/uploads\/2025\/12\/CONVEGNO-copia-2-212x300.jpg 212w, https:\/\/salumitalia.it\/wp-content\/uploads\/2025\/12\/CONVEGNO-copia-2-724x1024.jpg 724w, https:\/\/salumitalia.it\/wp-content\/uploads\/2025\/12\/CONVEGNO-copia-2-768x1086.jpg 768w, https:\/\/salumitalia.it\/wp-content\/uploads\/2025\/12\/CONVEGNO-copia-2-1086x1536.jpg 1086w, https:\/\/salumitalia.it\/wp-content\/uploads\/2025\/12\/CONVEGNO-copia-2.jpg 1131w\" sizes=\"auto, (max-width: 434px) 100vw, 434px\" \/><\/a><\/p>\n","protected":false},"excerpt":{"rendered":"<p>A MODENA, UN CONVEGNO PER PRESENTARE LA NUOVA RICERCA SU VALORI NUTRIZIONALI, QUALIT\u00c0 SENSORIALI E SHELF LIFE\u00a0 DEL PROSCIUTTO DI MODENA DOP Modena, 1\u00b0 dicembre 2025 \u2013 Il Consorzio di [&hellip;]<\/p>\n","protected":false},"author":8,"featured_media":7134,"comment_status":"closed","ping_status":"closed","sticky":false,"template":"","format":"standard","meta":{"_acf_changed":false,"footnotes":""},"categories":[1],"tags":[],"class_list":["post-7123","post","type-post","status-publish","format-standard","has-post-thumbnail","hentry","category-news"],"acf":[],"yoast_head":"<!-- This site is optimized with the Yoast SEO plugin v24.8.1 - https:\/\/yoast.com\/wordpress\/plugins\/seo\/ -->\n<title>Salumi Italia - CONSORZIO DEL PROSCIUTTO DI MODENA: CONVEGNO \u201cLA QUALIT\u00c0 COME INGREDIENTE DELL\u2019ECCELLENZA: IL VALORE DEL TERRITORIO DI MODENA\u201d<\/title>\n<meta name=\"robots\" content=\"index, follow, max-snippet:-1, max-image-preview:large, max-video-preview:-1\" \/>\n<link rel=\"canonical\" href=\"https:\/\/salumitalia.it\/news\/consorzio-del-prosciutto-di-modena-convegno-la-qualita-come-ingrediente-delleccellenza-il-valore-del-territorio-di-modena\/\" \/>\n<meta property=\"og:locale\" content=\"en_US\" \/>\n<meta property=\"og:type\" content=\"article\" \/>\n<meta property=\"og:title\" content=\"Salumi Italia - CONSORZIO DEL PROSCIUTTO DI MODENA: CONVEGNO \u201cLA QUALIT\u00c0 COME INGREDIENTE DELL\u2019ECCELLENZA: IL VALORE DEL TERRITORIO DI MODENA\u201d\" \/>\n<meta property=\"og:description\" content=\"A MODENA, UN CONVEGNO PER PRESENTARE LA NUOVA RICERCA SU VALORI NUTRIZIONALI, QUALIT\u00c0 SENSORIALI E SHELF LIFE\u00a0 DEL PROSCIUTTO DI MODENA DOP Modena, 1\u00b0 dicembre 2025 \u2013 Il Consorzio di [&hellip;]\" \/>\n<meta property=\"og:url\" content=\"https:\/\/salumitalia.it\/news\/consorzio-del-prosciutto-di-modena-convegno-la-qualita-come-ingrediente-delleccellenza-il-valore-del-territorio-di-modena\/\" \/>\n<meta property=\"og:site_name\" content=\"Salumi Italia\" \/>\n<meta property=\"article:published_time\" content=\"2025-12-01T16:33:46+00:00\" \/>\n<meta property=\"article:modified_time\" content=\"2025-12-29T09:32:49+00:00\" \/>\n<meta property=\"og:image\" content=\"https:\/\/salumitalia.it\/wp-content\/uploads\/2025\/12\/P-Modena-Convegno-copia.jpg\" \/>\n\t<meta property=\"og:image:width\" content=\"1181\" \/>\n\t<meta property=\"og:image:height\" content=\"1181\" \/>\n\t<meta property=\"og:image:type\" content=\"image\/jpeg\" \/>\n<meta name=\"author\" content=\"andreap\" \/>\n<meta name=\"twitter:card\" content=\"summary_large_image\" \/>\n<meta name=\"twitter:label1\" content=\"Written by\" \/>\n\t<meta name=\"twitter:data1\" content=\"andreap\" \/>\n\t<meta name=\"twitter:label2\" content=\"Est. reading time\" \/>\n\t<meta name=\"twitter:data2\" content=\"6 minutes\" \/>\n<script type=\"application\/ld+json\" class=\"yoast-schema-graph\">{\"@context\":\"https:\/\/schema.org\",\"@graph\":[{\"@type\":\"WebPage\",\"@id\":\"https:\/\/salumitalia.it\/news\/consorzio-del-prosciutto-di-modena-convegno-la-qualita-come-ingrediente-delleccellenza-il-valore-del-territorio-di-modena\/\",\"url\":\"https:\/\/salumitalia.it\/news\/consorzio-del-prosciutto-di-modena-convegno-la-qualita-come-ingrediente-delleccellenza-il-valore-del-territorio-di-modena\/\",\"name\":\"Salumi Italia - CONSORZIO DEL PROSCIUTTO DI MODENA: CONVEGNO \u201cLA QUALIT\u00c0 COME INGREDIENTE DELL\u2019ECCELLENZA: IL VALORE DEL TERRITORIO DI MODENA\u201d\",\"isPartOf\":{\"@id\":\"https:\/\/salumitalia.it\/#website\"},\"primaryImageOfPage\":{\"@id\":\"https:\/\/salumitalia.it\/news\/consorzio-del-prosciutto-di-modena-convegno-la-qualita-come-ingrediente-delleccellenza-il-valore-del-territorio-di-modena\/#primaryimage\"},\"image\":{\"@id\":\"https:\/\/salumitalia.it\/news\/consorzio-del-prosciutto-di-modena-convegno-la-qualita-come-ingrediente-delleccellenza-il-valore-del-territorio-di-modena\/#primaryimage\"},\"thumbnailUrl\":\"https:\/\/salumitalia.it\/wp-content\/uploads\/2025\/12\/P-Modena-Convegno-copia.jpg\",\"datePublished\":\"2025-12-01T16:33:46+00:00\",\"dateModified\":\"2025-12-29T09:32:49+00:00\",\"author\":{\"@id\":\"https:\/\/salumitalia.it\/#\/schema\/person\/3874baf67ccdb44dd23f99127289b14e\"},\"breadcrumb\":{\"@id\":\"https:\/\/salumitalia.it\/news\/consorzio-del-prosciutto-di-modena-convegno-la-qualita-come-ingrediente-delleccellenza-il-valore-del-territorio-di-modena\/#breadcrumb\"},\"inLanguage\":\"en-US\",\"potentialAction\":[{\"@type\":\"ReadAction\",\"target\":[\"https:\/\/salumitalia.it\/news\/consorzio-del-prosciutto-di-modena-convegno-la-qualita-come-ingrediente-delleccellenza-il-valore-del-territorio-di-modena\/\"]}]},{\"@type\":\"ImageObject\",\"inLanguage\":\"en-US\",\"@id\":\"https:\/\/salumitalia.it\/news\/consorzio-del-prosciutto-di-modena-convegno-la-qualita-come-ingrediente-delleccellenza-il-valore-del-territorio-di-modena\/#primaryimage\",\"url\":\"https:\/\/salumitalia.it\/wp-content\/uploads\/2025\/12\/P-Modena-Convegno-copia.jpg\",\"contentUrl\":\"https:\/\/salumitalia.it\/wp-content\/uploads\/2025\/12\/P-Modena-Convegno-copia.jpg\",\"width\":1181,\"height\":1181},{\"@type\":\"BreadcrumbList\",\"@id\":\"https:\/\/salumitalia.it\/news\/consorzio-del-prosciutto-di-modena-convegno-la-qualita-come-ingrediente-delleccellenza-il-valore-del-territorio-di-modena\/#breadcrumb\",\"itemListElement\":[{\"@type\":\"ListItem\",\"position\":1,\"name\":\"Home\",\"item\":\"https:\/\/salumitalia.it\/en\/\"},{\"@type\":\"ListItem\",\"position\":2,\"name\":\"CONSORZIO DEL PROSCIUTTO DI MODENA: CONVEGNO \u201cLA QUALIT\u00c0 COME INGREDIENTE DELL\u2019ECCELLENZA: IL VALORE DEL TERRITORIO DI MODENA\u201d\"}]},{\"@type\":\"WebSite\",\"@id\":\"https:\/\/salumitalia.it\/#website\",\"url\":\"https:\/\/salumitalia.it\/\",\"name\":\"Salumi Italia\",\"description\":\"\",\"potentialAction\":[{\"@type\":\"SearchAction\",\"target\":{\"@type\":\"EntryPoint\",\"urlTemplate\":\"https:\/\/salumitalia.it\/?s={search_term_string}\"},\"query-input\":{\"@type\":\"PropertyValueSpecification\",\"valueRequired\":true,\"valueName\":\"search_term_string\"}}],\"inLanguage\":\"en-US\"},{\"@type\":\"Person\",\"@id\":\"https:\/\/salumitalia.it\/#\/schema\/person\/3874baf67ccdb44dd23f99127289b14e\",\"name\":\"andreap\",\"image\":{\"@type\":\"ImageObject\",\"inLanguage\":\"en-US\",\"@id\":\"https:\/\/salumitalia.it\/#\/schema\/person\/image\/\",\"url\":\"https:\/\/secure.gravatar.com\/avatar\/c7b59fd01eeef1a3679e704c7cd6fef67862b516f782c06db84b6ef1a267527f?s=96&d=mm&r=g\",\"contentUrl\":\"https:\/\/secure.gravatar.com\/avatar\/c7b59fd01eeef1a3679e704c7cd6fef67862b516f782c06db84b6ef1a267527f?s=96&d=mm&r=g\",\"caption\":\"andreap\"},\"url\":\"https:\/\/salumitalia.it\/en\/author\/andreap\/\"}]}<\/script>\n<!-- \/ Yoast SEO plugin. -->","yoast_head_json":{"title":"Salumi Italia - CONSORZIO DEL PROSCIUTTO DI MODENA: CONVEGNO \u201cLA QUALIT\u00c0 COME INGREDIENTE DELL\u2019ECCELLENZA: IL VALORE DEL TERRITORIO DI MODENA\u201d","robots":{"index":"index","follow":"follow","max-snippet":"max-snippet:-1","max-image-preview":"max-image-preview:large","max-video-preview":"max-video-preview:-1"},"canonical":"https:\/\/salumitalia.it\/news\/consorzio-del-prosciutto-di-modena-convegno-la-qualita-come-ingrediente-delleccellenza-il-valore-del-territorio-di-modena\/","og_locale":"en_US","og_type":"article","og_title":"Salumi Italia - CONSORZIO DEL PROSCIUTTO DI MODENA: CONVEGNO \u201cLA QUALIT\u00c0 COME INGREDIENTE DELL\u2019ECCELLENZA: IL VALORE DEL TERRITORIO DI MODENA\u201d","og_description":"A MODENA, UN CONVEGNO PER PRESENTARE LA NUOVA RICERCA SU VALORI NUTRIZIONALI, QUALIT\u00c0 SENSORIALI E SHELF LIFE\u00a0 DEL PROSCIUTTO DI MODENA DOP Modena, 1\u00b0 dicembre 2025 \u2013 Il Consorzio di [&hellip;]","og_url":"https:\/\/salumitalia.it\/news\/consorzio-del-prosciutto-di-modena-convegno-la-qualita-come-ingrediente-delleccellenza-il-valore-del-territorio-di-modena\/","og_site_name":"Salumi Italia","article_published_time":"2025-12-01T16:33:46+00:00","article_modified_time":"2025-12-29T09:32:49+00:00","og_image":[{"width":1181,"height":1181,"url":"https:\/\/salumitalia.it\/wp-content\/uploads\/2025\/12\/P-Modena-Convegno-copia.jpg","type":"image\/jpeg"}],"author":"andreap","twitter_card":"summary_large_image","twitter_misc":{"Written by":"andreap","Est. reading time":"6 minutes"},"schema":{"@context":"https:\/\/schema.org","@graph":[{"@type":"WebPage","@id":"https:\/\/salumitalia.it\/news\/consorzio-del-prosciutto-di-modena-convegno-la-qualita-come-ingrediente-delleccellenza-il-valore-del-territorio-di-modena\/","url":"https:\/\/salumitalia.it\/news\/consorzio-del-prosciutto-di-modena-convegno-la-qualita-come-ingrediente-delleccellenza-il-valore-del-territorio-di-modena\/","name":"Salumi Italia - CONSORZIO DEL PROSCIUTTO DI MODENA: CONVEGNO \u201cLA QUALIT\u00c0 COME INGREDIENTE DELL\u2019ECCELLENZA: IL VALORE DEL TERRITORIO DI MODENA\u201d","isPartOf":{"@id":"https:\/\/salumitalia.it\/#website"},"primaryImageOfPage":{"@id":"https:\/\/salumitalia.it\/news\/consorzio-del-prosciutto-di-modena-convegno-la-qualita-come-ingrediente-delleccellenza-il-valore-del-territorio-di-modena\/#primaryimage"},"image":{"@id":"https:\/\/salumitalia.it\/news\/consorzio-del-prosciutto-di-modena-convegno-la-qualita-come-ingrediente-delleccellenza-il-valore-del-territorio-di-modena\/#primaryimage"},"thumbnailUrl":"https:\/\/salumitalia.it\/wp-content\/uploads\/2025\/12\/P-Modena-Convegno-copia.jpg","datePublished":"2025-12-01T16:33:46+00:00","dateModified":"2025-12-29T09:32:49+00:00","author":{"@id":"https:\/\/salumitalia.it\/#\/schema\/person\/3874baf67ccdb44dd23f99127289b14e"},"breadcrumb":{"@id":"https:\/\/salumitalia.it\/news\/consorzio-del-prosciutto-di-modena-convegno-la-qualita-come-ingrediente-delleccellenza-il-valore-del-territorio-di-modena\/#breadcrumb"},"inLanguage":"en-US","potentialAction":[{"@type":"ReadAction","target":["https:\/\/salumitalia.it\/news\/consorzio-del-prosciutto-di-modena-convegno-la-qualita-come-ingrediente-delleccellenza-il-valore-del-territorio-di-modena\/"]}]},{"@type":"ImageObject","inLanguage":"en-US","@id":"https:\/\/salumitalia.it\/news\/consorzio-del-prosciutto-di-modena-convegno-la-qualita-come-ingrediente-delleccellenza-il-valore-del-territorio-di-modena\/#primaryimage","url":"https:\/\/salumitalia.it\/wp-content\/uploads\/2025\/12\/P-Modena-Convegno-copia.jpg","contentUrl":"https:\/\/salumitalia.it\/wp-content\/uploads\/2025\/12\/P-Modena-Convegno-copia.jpg","width":1181,"height":1181},{"@type":"BreadcrumbList","@id":"https:\/\/salumitalia.it\/news\/consorzio-del-prosciutto-di-modena-convegno-la-qualita-come-ingrediente-delleccellenza-il-valore-del-territorio-di-modena\/#breadcrumb","itemListElement":[{"@type":"ListItem","position":1,"name":"Home","item":"https:\/\/salumitalia.it\/en\/"},{"@type":"ListItem","position":2,"name":"CONSORZIO DEL PROSCIUTTO DI MODENA: CONVEGNO \u201cLA QUALIT\u00c0 COME INGREDIENTE DELL\u2019ECCELLENZA: IL VALORE DEL TERRITORIO DI MODENA\u201d"}]},{"@type":"WebSite","@id":"https:\/\/salumitalia.it\/#website","url":"https:\/\/salumitalia.it\/","name":"Salumi Italia","description":"","potentialAction":[{"@type":"SearchAction","target":{"@type":"EntryPoint","urlTemplate":"https:\/\/salumitalia.it\/?s={search_term_string}"},"query-input":{"@type":"PropertyValueSpecification","valueRequired":true,"valueName":"search_term_string"}}],"inLanguage":"en-US"},{"@type":"Person","@id":"https:\/\/salumitalia.it\/#\/schema\/person\/3874baf67ccdb44dd23f99127289b14e","name":"andreap","image":{"@type":"ImageObject","inLanguage":"en-US","@id":"https:\/\/salumitalia.it\/#\/schema\/person\/image\/","url":"https:\/\/secure.gravatar.com\/avatar\/c7b59fd01eeef1a3679e704c7cd6fef67862b516f782c06db84b6ef1a267527f?s=96&d=mm&r=g","contentUrl":"https:\/\/secure.gravatar.com\/avatar\/c7b59fd01eeef1a3679e704c7cd6fef67862b516f782c06db84b6ef1a267527f?s=96&d=mm&r=g","caption":"andreap"},"url":"https:\/\/salumitalia.it\/en\/author\/andreap\/"}]}},"_links":{"self":[{"href":"https:\/\/salumitalia.it\/en\/wp-json\/wp\/v2\/posts\/7123","targetHints":{"allow":["GET"]}}],"collection":[{"href":"https:\/\/salumitalia.it\/en\/wp-json\/wp\/v2\/posts"}],"about":[{"href":"https:\/\/salumitalia.it\/en\/wp-json\/wp\/v2\/types\/post"}],"author":[{"embeddable":true,"href":"https:\/\/salumitalia.it\/en\/wp-json\/wp\/v2\/users\/8"}],"replies":[{"embeddable":true,"href":"https:\/\/salumitalia.it\/en\/wp-json\/wp\/v2\/comments?post=7123"}],"version-history":[{"count":4,"href":"https:\/\/salumitalia.it\/en\/wp-json\/wp\/v2\/posts\/7123\/revisions"}],"predecessor-version":[{"id":7205,"href":"https:\/\/salumitalia.it\/en\/wp-json\/wp\/v2\/posts\/7123\/revisions\/7205"}],"wp:featuredmedia":[{"embeddable":true,"href":"https:\/\/salumitalia.it\/en\/wp-json\/wp\/v2\/media\/7134"}],"wp:attachment":[{"href":"https:\/\/salumitalia.it\/en\/wp-json\/wp\/v2\/media?parent=7123"}],"wp:term":[{"taxonomy":"category","embeddable":true,"href":"https:\/\/salumitalia.it\/en\/wp-json\/wp\/v2\/categories?post=7123"},{"taxonomy":"post_tag","embeddable":true,"href":"https:\/\/salumitalia.it\/en\/wp-json\/wp\/v2\/tags?post=7123"}],"curies":[{"name":"wp","href":"https:\/\/api.w.org\/{rel}","templated":true}]}}