{"id":6613,"date":"2025-10-01T08:12:13","date_gmt":"2025-10-01T06:12:13","guid":{"rendered":"https:\/\/salumitalia.it\/?p=6613"},"modified":"2025-10-01T09:45:46","modified_gmt":"2025-10-01T07:45:46","slug":"la-parola-a-10","status":"publish","type":"post","link":"https:\/\/salumitalia.it\/en\/news\/la-parola-a-10\/","title":{"rendered":"LA PAROLA A.."},"content":{"rendered":"<h5><span style=\"color: #175402;\"><strong><span class=\"tinyMce-placeholder\">ATTILIO FONTANA, PRESIDENTE CONSORZIO DEL PROSCIUTTO VENETO BERICO-EUGANEO DOP<\/span><\/strong><\/span><\/h5>\n<ul>\n<li><em>\u00a0<\/em><strong><em>Presidente, ci racconta come \u00e8 maturata la decisione di entrare a far parte di Salumitalia?<\/em><\/strong><\/li>\n<\/ul>\n<p>Come Consorzio abbiamo ritenuto strategico far parte di una compagine costituita da altri Consorzi di Tutela del comparto salumi che si trovano ad affrontare le stesse sfide e prospettive. Ci ha convinto l\u2019idea di appartenere ad una \u201cFamiglia\u201d in cui poter lavorare in sinergia e avere un continuo scambio di idee. In particolare, per chi &#8211; come noi &#8211; rappresenta una piccola realt\u00e0 consortile (sono nove le aziende appartenenti al Consorzio, di cui tre a dimensione industriale e sei con un\u2019impronta artigianale <em>ndr<\/em>). Presentarsi insieme, come settore, \u00e8 certamente un vantaggio competitivo.<\/p>\n<ul>\n<li><strong><em>\u00a0<\/em><\/strong><strong><em>Presidente, la maggior parte delle aziende appartenenti al vostro Consorzio sono delle piccole realt\u00e0 che producono il Prosciutto Veneto ancora in forma artigianale. Possiamo affermare che questo rappresenta la vostra forza?<\/em><\/strong><\/li>\n<\/ul>\n<p>Si, corretto, molte delle nostre aziende sono piccole realt\u00e0 che producono quello che possiamo definire ancora un \u201cprosciutto di nicchia\u201d, anche se con un grandissimo potenziale.<\/p>\n<p>Se guardiamo i dati produttivi, nel 2024 sono stati prodotti 58.896 prosciutti con un incremento dell\u20198,3 % sull\u2019anno precedente e con un\u2019azienda in meno.<\/p>\n<p>Al momento, la distribuzione avviene sostanzialmente nel nord-est Italia anche se ogni azienda ha una sua rete di distribuzione che, in alcuni casi, pu\u00f2 estendersi anche in Europa. In generale, comunque, la distribuzione \u00e8 ancora locale e la percentuale export \u00e8 molto contenuta con una quota inferiore al 5%. Ritengo per\u00f2 che questo sia soltanto il punto di partenza perch\u00e9 le nostre realt\u00e0 artigianali, con il grande valore aggiunto di trovarsi in un territorio come il nostro, hanno un grande potenziale anche grazie al turismo enogastronomico che, di anno in anno, registra sempre pi\u00f9 presenze sul territorio. Infatti, alcune nostre aziende stanno gi\u00e0 aprendo le porte dei loro stabilimenti per visite guidate e momenti di degustazione proprio per far conoscere il prodotto. Noi abbiamo la fortuna che il connubio cibo\/turismo funziona molto bene. Infatti, i 15 comuni indicati nel Disciplinare di Produzione, collocati nella\u00a0zona pedemontana delle province di Padova, Vicenza e Verona, a cavallo dei Colli Berici e dei Colli Euganei, sono anche un territorio custode di un eccezionale patrimonio culturale e architettonico. Le province di Padova, Vicenza e Verona offrono uno straordinario ventaglio di testimonianze artistiche; basti pensare alle molte ville palladiane, patrimonio UNESCO, alle due citt\u00e0 murate medioevali e al Parco Regionale dei Colli Euganei. Direi quindi che abbiamo tutte le carte in regola per attirare il turista e pensare al turismo come uno degli strumenti pi\u00f9 efficaci per la conoscenza e la valorizzazione del nostro prodotto: questo \u00e8 il vero fenomeno emergente del Turismo DOP.<\/p>\n<p><strong><em>\u00a0<\/em><\/strong><\/p>\n<ul>\n<li><strong><em>Ci sono altre azioni di promozione a cui sta pensando il Consorzio?<\/em><\/strong><\/li>\n<\/ul>\n<p><strong>\u00a0<\/strong>Riteniamo che una buona strategia promozionale sia quella di collaborare con gli altri Consorzi di prodotti DOP e IGP del nostro territorio: abbiamo iniziato a collaborare su iniziative e eventi comuni con la Pesca di Verona IGP, con il Radicchio Rosso di Verona IGP, con il Monte Veronese DOP e con alcuni Consorzi di vini del Veneto. Durante la nostra festa annuale, dedicata al Prosciutto Veneto Berico Euganeo, ospitiamo circa 100.000 persone che, per la nostra realt\u00e0, rappresentano gi\u00e0 un numero interessante. Ecco, in un contesto come questo \u00e8 fondamentale la collaborazione con altre realt\u00e0 consortili della regione Veneto. Noi crediamo molto in questo spirito di collaborazione perch\u00e9 la sinergia permette di continuare ad attirare il turista facendogli vivere un\u2019esperienza completa legata a tutti i prodotti del nostro territorio.<\/p>\n<p><strong><em>\u00a0<\/em><\/strong><\/p>\n<p>&nbsp;<\/p>\n<p><strong>\u00a0<\/strong><\/p>\n<p>&nbsp;<\/p>\n","protected":false},"excerpt":{"rendered":"<p>ATTILIO FONTANA, PRESIDENTE CONSORZIO DEL PROSCIUTTO VENETO BERICO-EUGANEO DOP \u00a0Presidente, ci racconta come \u00e8 maturata la decisione di entrare a far parte di Salumitalia? Come Consorzio abbiamo ritenuto strategico far [&hellip;]<\/p>\n","protected":false},"author":8,"featured_media":6614,"comment_status":"closed","ping_status":"closed","sticky":false,"template":"","format":"standard","meta":{"_acf_changed":false,"footnotes":""},"categories":[1],"tags":[],"class_list":["post-6613","post","type-post","status-publish","format-standard","has-post-thumbnail","hentry","category-news"],"acf":[],"yoast_head":"<!-- This site is optimized with the Yoast SEO plugin v24.8.1 - https:\/\/yoast.com\/wordpress\/plugins\/seo\/ -->\n<title>Salumi Italia - LA PAROLA A..<\/title>\n<meta name=\"robots\" content=\"index, follow, max-snippet:-1, max-image-preview:large, max-video-preview:-1\" \/>\n<link rel=\"canonical\" href=\"https:\/\/salumitalia.it\/news\/la-parola-a-10\/\" \/>\n<meta property=\"og:locale\" content=\"en_US\" \/>\n<meta property=\"og:type\" content=\"article\" \/>\n<meta property=\"og:title\" content=\"Salumi Italia - LA PAROLA A..\" \/>\n<meta property=\"og:description\" content=\"ATTILIO FONTANA, PRESIDENTE CONSORZIO DEL PROSCIUTTO VENETO BERICO-EUGANEO DOP \u00a0Presidente, ci racconta come \u00e8 maturata la decisione di entrare a far parte di Salumitalia? Come Consorzio abbiamo ritenuto strategico far [&hellip;]\" \/>\n<meta property=\"og:url\" content=\"https:\/\/salumitalia.it\/news\/la-parola-a-10\/\" \/>\n<meta property=\"og:site_name\" content=\"Salumi Italia\" \/>\n<meta property=\"article:published_time\" content=\"2025-10-01T06:12:13+00:00\" \/>\n<meta property=\"article:modified_time\" content=\"2025-10-01T07:45:46+00:00\" \/>\n<meta property=\"og:image\" content=\"https:\/\/salumitalia.it\/wp-content\/uploads\/2025\/10\/veneto-copia.jpg\" \/>\n\t<meta property=\"og:image:width\" content=\"1181\" \/>\n\t<meta property=\"og:image:height\" content=\"1181\" \/>\n\t<meta property=\"og:image:type\" content=\"image\/jpeg\" \/>\n<meta name=\"author\" content=\"andreap\" \/>\n<meta name=\"twitter:card\" content=\"summary_large_image\" \/>\n<meta name=\"twitter:label1\" content=\"Written by\" \/>\n\t<meta name=\"twitter:data1\" content=\"andreap\" \/>\n\t<meta name=\"twitter:label2\" content=\"Est. reading time\" \/>\n\t<meta name=\"twitter:data2\" content=\"4 minutes\" \/>\n<script type=\"application\/ld+json\" class=\"yoast-schema-graph\">{\"@context\":\"https:\/\/schema.org\",\"@graph\":[{\"@type\":\"WebPage\",\"@id\":\"https:\/\/salumitalia.it\/news\/la-parola-a-10\/\",\"url\":\"https:\/\/salumitalia.it\/news\/la-parola-a-10\/\",\"name\":\"Salumi Italia - LA PAROLA A..\",\"isPartOf\":{\"@id\":\"https:\/\/salumitalia.it\/#website\"},\"primaryImageOfPage\":{\"@id\":\"https:\/\/salumitalia.it\/news\/la-parola-a-10\/#primaryimage\"},\"image\":{\"@id\":\"https:\/\/salumitalia.it\/news\/la-parola-a-10\/#primaryimage\"},\"thumbnailUrl\":\"https:\/\/salumitalia.it\/wp-content\/uploads\/2025\/10\/veneto-copia.jpg\",\"datePublished\":\"2025-10-01T06:12:13+00:00\",\"dateModified\":\"2025-10-01T07:45:46+00:00\",\"author\":{\"@id\":\"https:\/\/salumitalia.it\/#\/schema\/person\/3874baf67ccdb44dd23f99127289b14e\"},\"breadcrumb\":{\"@id\":\"https:\/\/salumitalia.it\/news\/la-parola-a-10\/#breadcrumb\"},\"inLanguage\":\"en-US\",\"potentialAction\":[{\"@type\":\"ReadAction\",\"target\":[\"https:\/\/salumitalia.it\/news\/la-parola-a-10\/\"]}]},{\"@type\":\"ImageObject\",\"inLanguage\":\"en-US\",\"@id\":\"https:\/\/salumitalia.it\/news\/la-parola-a-10\/#primaryimage\",\"url\":\"https:\/\/salumitalia.it\/wp-content\/uploads\/2025\/10\/veneto-copia.jpg\",\"contentUrl\":\"https:\/\/salumitalia.it\/wp-content\/uploads\/2025\/10\/veneto-copia.jpg\",\"width\":1181,\"height\":1181},{\"@type\":\"BreadcrumbList\",\"@id\":\"https:\/\/salumitalia.it\/news\/la-parola-a-10\/#breadcrumb\",\"itemListElement\":[{\"@type\":\"ListItem\",\"position\":1,\"name\":\"Home\",\"item\":\"https:\/\/salumitalia.it\/en\/\"},{\"@type\":\"ListItem\",\"position\":2,\"name\":\"LA PAROLA A..\"}]},{\"@type\":\"WebSite\",\"@id\":\"https:\/\/salumitalia.it\/#website\",\"url\":\"https:\/\/salumitalia.it\/\",\"name\":\"Salumi Italia\",\"description\":\"\",\"potentialAction\":[{\"@type\":\"SearchAction\",\"target\":{\"@type\":\"EntryPoint\",\"urlTemplate\":\"https:\/\/salumitalia.it\/?s={search_term_string}\"},\"query-input\":{\"@type\":\"PropertyValueSpecification\",\"valueRequired\":true,\"valueName\":\"search_term_string\"}}],\"inLanguage\":\"en-US\"},{\"@type\":\"Person\",\"@id\":\"https:\/\/salumitalia.it\/#\/schema\/person\/3874baf67ccdb44dd23f99127289b14e\",\"name\":\"andreap\",\"image\":{\"@type\":\"ImageObject\",\"inLanguage\":\"en-US\",\"@id\":\"https:\/\/salumitalia.it\/#\/schema\/person\/image\/\",\"url\":\"https:\/\/secure.gravatar.com\/avatar\/c7b59fd01eeef1a3679e704c7cd6fef67862b516f782c06db84b6ef1a267527f?s=96&d=mm&r=g\",\"contentUrl\":\"https:\/\/secure.gravatar.com\/avatar\/c7b59fd01eeef1a3679e704c7cd6fef67862b516f782c06db84b6ef1a267527f?s=96&d=mm&r=g\",\"caption\":\"andreap\"},\"url\":\"https:\/\/salumitalia.it\/en\/author\/andreap\/\"}]}<\/script>\n<!-- \/ Yoast SEO plugin. -->","yoast_head_json":{"title":"Salumi Italia - LA PAROLA A..","robots":{"index":"index","follow":"follow","max-snippet":"max-snippet:-1","max-image-preview":"max-image-preview:large","max-video-preview":"max-video-preview:-1"},"canonical":"https:\/\/salumitalia.it\/news\/la-parola-a-10\/","og_locale":"en_US","og_type":"article","og_title":"Salumi Italia - LA PAROLA A..","og_description":"ATTILIO FONTANA, PRESIDENTE CONSORZIO DEL PROSCIUTTO VENETO BERICO-EUGANEO DOP \u00a0Presidente, ci racconta come \u00e8 maturata la decisione di entrare a far parte di Salumitalia? Come Consorzio abbiamo ritenuto strategico far [&hellip;]","og_url":"https:\/\/salumitalia.it\/news\/la-parola-a-10\/","og_site_name":"Salumi Italia","article_published_time":"2025-10-01T06:12:13+00:00","article_modified_time":"2025-10-01T07:45:46+00:00","og_image":[{"width":1181,"height":1181,"url":"https:\/\/salumitalia.it\/wp-content\/uploads\/2025\/10\/veneto-copia.jpg","type":"image\/jpeg"}],"author":"andreap","twitter_card":"summary_large_image","twitter_misc":{"Written by":"andreap","Est. reading time":"4 minutes"},"schema":{"@context":"https:\/\/schema.org","@graph":[{"@type":"WebPage","@id":"https:\/\/salumitalia.it\/news\/la-parola-a-10\/","url":"https:\/\/salumitalia.it\/news\/la-parola-a-10\/","name":"Salumi Italia - LA PAROLA A..","isPartOf":{"@id":"https:\/\/salumitalia.it\/#website"},"primaryImageOfPage":{"@id":"https:\/\/salumitalia.it\/news\/la-parola-a-10\/#primaryimage"},"image":{"@id":"https:\/\/salumitalia.it\/news\/la-parola-a-10\/#primaryimage"},"thumbnailUrl":"https:\/\/salumitalia.it\/wp-content\/uploads\/2025\/10\/veneto-copia.jpg","datePublished":"2025-10-01T06:12:13+00:00","dateModified":"2025-10-01T07:45:46+00:00","author":{"@id":"https:\/\/salumitalia.it\/#\/schema\/person\/3874baf67ccdb44dd23f99127289b14e"},"breadcrumb":{"@id":"https:\/\/salumitalia.it\/news\/la-parola-a-10\/#breadcrumb"},"inLanguage":"en-US","potentialAction":[{"@type":"ReadAction","target":["https:\/\/salumitalia.it\/news\/la-parola-a-10\/"]}]},{"@type":"ImageObject","inLanguage":"en-US","@id":"https:\/\/salumitalia.it\/news\/la-parola-a-10\/#primaryimage","url":"https:\/\/salumitalia.it\/wp-content\/uploads\/2025\/10\/veneto-copia.jpg","contentUrl":"https:\/\/salumitalia.it\/wp-content\/uploads\/2025\/10\/veneto-copia.jpg","width":1181,"height":1181},{"@type":"BreadcrumbList","@id":"https:\/\/salumitalia.it\/news\/la-parola-a-10\/#breadcrumb","itemListElement":[{"@type":"ListItem","position":1,"name":"Home","item":"https:\/\/salumitalia.it\/en\/"},{"@type":"ListItem","position":2,"name":"LA PAROLA A.."}]},{"@type":"WebSite","@id":"https:\/\/salumitalia.it\/#website","url":"https:\/\/salumitalia.it\/","name":"Salumi Italia","description":"","potentialAction":[{"@type":"SearchAction","target":{"@type":"EntryPoint","urlTemplate":"https:\/\/salumitalia.it\/?s={search_term_string}"},"query-input":{"@type":"PropertyValueSpecification","valueRequired":true,"valueName":"search_term_string"}}],"inLanguage":"en-US"},{"@type":"Person","@id":"https:\/\/salumitalia.it\/#\/schema\/person\/3874baf67ccdb44dd23f99127289b14e","name":"andreap","image":{"@type":"ImageObject","inLanguage":"en-US","@id":"https:\/\/salumitalia.it\/#\/schema\/person\/image\/","url":"https:\/\/secure.gravatar.com\/avatar\/c7b59fd01eeef1a3679e704c7cd6fef67862b516f782c06db84b6ef1a267527f?s=96&d=mm&r=g","contentUrl":"https:\/\/secure.gravatar.com\/avatar\/c7b59fd01eeef1a3679e704c7cd6fef67862b516f782c06db84b6ef1a267527f?s=96&d=mm&r=g","caption":"andreap"},"url":"https:\/\/salumitalia.it\/en\/author\/andreap\/"}]}},"_links":{"self":[{"href":"https:\/\/salumitalia.it\/en\/wp-json\/wp\/v2\/posts\/6613","targetHints":{"allow":["GET"]}}],"collection":[{"href":"https:\/\/salumitalia.it\/en\/wp-json\/wp\/v2\/posts"}],"about":[{"href":"https:\/\/salumitalia.it\/en\/wp-json\/wp\/v2\/types\/post"}],"author":[{"embeddable":true,"href":"https:\/\/salumitalia.it\/en\/wp-json\/wp\/v2\/users\/8"}],"replies":[{"embeddable":true,"href":"https:\/\/salumitalia.it\/en\/wp-json\/wp\/v2\/comments?post=6613"}],"version-history":[{"count":2,"href":"https:\/\/salumitalia.it\/en\/wp-json\/wp\/v2\/posts\/6613\/revisions"}],"predecessor-version":[{"id":6620,"href":"https:\/\/salumitalia.it\/en\/wp-json\/wp\/v2\/posts\/6613\/revisions\/6620"}],"wp:featuredmedia":[{"embeddable":true,"href":"https:\/\/salumitalia.it\/en\/wp-json\/wp\/v2\/media\/6614"}],"wp:attachment":[{"href":"https:\/\/salumitalia.it\/en\/wp-json\/wp\/v2\/media?parent=6613"}],"wp:term":[{"taxonomy":"category","embeddable":true,"href":"https:\/\/salumitalia.it\/en\/wp-json\/wp\/v2\/categories?post=6613"},{"taxonomy":"post_tag","embeddable":true,"href":"https:\/\/salumitalia.it\/en\/wp-json\/wp\/v2\/tags?post=6613"}],"curies":[{"name":"wp","href":"https:\/\/api.w.org\/{rel}","templated":true}]}}