{"id":5400,"date":"2024-11-26T17:56:02","date_gmt":"2024-11-26T16:56:02","guid":{"rendered":"https:\/\/www.isitsalumi.it\/?p=5400"},"modified":"2024-11-29T18:03:35","modified_gmt":"2024-11-29T17:03:35","slug":"xiii-festa-dello-zampone-e-del-cotechino-modena-igp","status":"publish","type":"post","link":"https:\/\/salumitalia.it\/en\/news\/xiii-festa-dello-zampone-e-del-cotechino-modena-igp\/","title":{"rendered":"XIII FESTA DELLO ZAMPONE E DEL COTECHINO MODENA IGP"},"content":{"rendered":"<p>Anche quest\u2019anno, il Consorzio di Tutela <strong>celebrer\u00e0 le due IGP nella loro citt\u00e0 d\u2019origine<\/strong>. Al centro della manifestazione, che si svolger\u00e0 nella centralissima Piazza Roma a Modena <strong>sabato 14 dicembre<\/strong>, le ricette 2024 degli <strong>\u201cChef di domani\u201d<\/strong>, realizzate dai 10 Istituti alberghieri finalisti che arriveranno a Modena da tutta Italia.<\/p>\n<p>Il concorso, rivolto alle classi 4\u00b0 e 5\u00b0 degli Istituti Professionali Statali per i Servizi dell\u2019Enogastronomia e l\u2019Ospitalit\u00e0 e le classi 3\u00b0 delle Scuole e gli Istituti Alberghieri di formazione professionale, consiste nella preparazione di un piatto a scelta tra antipasto, primo, secondo o dessert, utilizzando e valorizzando lo Zampone Modena IGP o il Cotechino Modena IGP.<\/p>\n<p>Al fine di valorizzare questi due prodotti modenesi e renderli protagonisti di abbinamenti nuovi e originali, che invoglino i consumatori a sperimentare ricette diverse dal solito e ad aumentare le occasioni di consumo, i partecipanti devono proporre ricette rientranti nelle seguenti <strong>categorie<\/strong>:<\/p>\n<p>&#8211; <strong>OMAGGIO A MASSIMO BOTTURA<\/strong>: consistenze, gusti, forme, ingredienti che vadano a ricalcare i piatti pi\u00f9 rappresentativi firmati da Bottura con le due IGP emiliane, amatissime dallo chef. Per visionare le ricette di Massimo Bottura alle quali ispirarsi sar\u00e0 possibile accedere ad una cartella contenente le sue ricette.<\/p>\n<p>&#8211;<strong> ZAMPONE E COTECHINO MODENA IGP COME NON TE LI ASPETT<\/strong>I: Zampone e Cotechino Modena IGP hanno meno calorie di quanto si pensi; un etto di questi prodotti d\u00e0 un apporto calorico di circa 250 calorie, inferiori a quello di un piatto di pasta scondita. In questa categoria possono rientrare piatti che tengono conto delle esigenze del consumatore moderno nel rispetto di una dieta sana ed equilibrata, senza per\u00f2 perdere di vista il gusto e il piacere di assaporare Cotechino e Zampone Modena IGP.<\/p>\n<p>&#8211; <strong>DELI.M.E.A.T. &#8211; DELICIOUS MOMENTS: EUROPEAN AUTHENTIC TAST<\/strong>E per ricette che sanno di Europa. \u201cDELI.M.E.A.T. &#8211; DELICIOUS MOMENTS\u201d \u00e8 il nome del progetto di promozione dei salumi Made in Italy, cofinanziato dall\u2019Unione Europea. La campagna ha lo scopo di diffondere la conoscenza e aumentare il livello di riconoscimento delle eccellenze italiane del settore della salumeria, rigorosamente marchiate DOP e IGP, in Italia e in Francia. In questa categoria potranno essere presentate ricette attente al tema della sostenibilit\u00e0, che utilizzino i prodotti in un\u2019ottica antispreco, o che prediligano prodotti con meno packaging, o a chilometri zero per ridurre l\u2019impatto di Co2, o servita in modo da non creare inquinamento (piatti commestibili, finger food da gustare senza posate, ecc.)<\/p>\n<p>Tutte le ricette, che sono state presentate entro il 12 novembre, saranno sottoposte al <strong>giudizio dello chef<\/strong> di fama mondiale e pluripremiato <strong>Massimo Bottura<\/strong> che, dopo un\u2019accurata disamina, ne selezioner\u00e0 soltanto 10, tra le pi\u00f9 originali e interessanti. Gli Istituti scelti prenderanno parte alla finale, in programma sabato 14 dicembre in Piazza Roma a Modena, che per l\u2019occasione si trasformer\u00e0 in una cucina a cielo aperto, dove si decreter\u00e0 la scuola vincitrice.<\/p>\n<p>Si tratta di un appuntamento di grande importanza per i giovani cuochi che avranno modo di esprimere la propria passione e la propria creativit\u00e0 davanti ad una giuria d\u2019eccezione presieduta dallo chef Massimo Bottura e composta da esperti, tra cui <strong>Paolo Ferrari, Presidente del Consorzio Zampone e Cotechino Modena IGP<\/strong>, e da rappresentanti del mondo istituzionale, economico ed eno-gastronomico della citt\u00e0 di Modena.<\/p>\n<p>L\u2019appuntamento con la Festa dello Zampone e del Cotechino Modena IGP proseguir\u00e0 domenica 15 dicembre, con la vendita dei pacchi regalo solidali dei prodotti DOP, IGP e Tradizione e Sapori Modena e con il \u201cPranzo della Solidariet\u00e0\u201d offerto da Piacere Modena. Parte del ricavato sar\u00e0 devoluto alla Fondazione Hospice Modena \u2013 Dignit\u00e0 per la vita Cristina Pivetti.<\/p>\n<p>Infine, quest\u2019anno, il Concorso, oltre a ricevere il Patrocinio del Ministero della Sovranit\u00e0 Alimentare, della Regione Emilia-Romagna e del Comune di Modena, sar\u00e0 realizzato nell\u2019ambito del progetto &#8220;DELI.M.E.A.T. &#8211; DELICIOUS MOMENTS: EUROPEAN AUTHENTIC TASTE&#8221;: programma di attivit\u00e0 di informazione e promozione il cui obiettivo \u00e8 valorizzare il settore della salumeria di qualit\u00e0, in Italia e in Francia.<\/p>\n<p>&nbsp;<\/p>\n<p>&nbsp;<\/p>\n","protected":false},"excerpt":{"rendered":"<p>Anche quest\u2019anno, il Consorzio di Tutela celebrer\u00e0 le due IGP nella loro citt\u00e0 d\u2019origine. Al centro della manifestazione, che si svolger\u00e0 nella centralissima Piazza Roma a Modena sabato 14 dicembre, [&hellip;]<\/p>\n","protected":false},"author":5,"featured_media":5401,"comment_status":"closed","ping_status":"closed","sticky":false,"template":"","format":"standard","meta":{"_acf_changed":false,"footnotes":""},"categories":[1],"tags":[],"class_list":["post-5400","post","type-post","status-publish","format-standard","has-post-thumbnail","hentry","category-news"],"acf":[],"yoast_head":"<!-- This site is optimized with the Yoast SEO plugin v24.8.1 - https:\/\/yoast.com\/wordpress\/plugins\/seo\/ -->\n<title>Salumi Italia - XIII FESTA DELLO ZAMPONE E DEL COTECHINO MODENA IGP<\/title>\n<meta name=\"robots\" content=\"index, follow, max-snippet:-1, max-image-preview:large, max-video-preview:-1\" \/>\n<link rel=\"canonical\" href=\"https:\/\/salumitalia.it\/news\/xiii-festa-dello-zampone-e-del-cotechino-modena-igp\/\" \/>\n<meta property=\"og:locale\" content=\"en_US\" \/>\n<meta property=\"og:type\" content=\"article\" \/>\n<meta property=\"og:title\" content=\"Salumi Italia - XIII FESTA DELLO ZAMPONE E DEL COTECHINO MODENA IGP\" \/>\n<meta property=\"og:description\" content=\"Anche quest\u2019anno, il Consorzio di Tutela celebrer\u00e0 le due IGP nella loro citt\u00e0 d\u2019origine. Al centro della manifestazione, che si svolger\u00e0 nella centralissima Piazza Roma a Modena sabato 14 dicembre, [&hellip;]\" \/>\n<meta property=\"og:url\" content=\"https:\/\/salumitalia.it\/news\/xiii-festa-dello-zampone-e-del-cotechino-modena-igp\/\" \/>\n<meta property=\"og:site_name\" content=\"Salumi Italia\" \/>\n<meta property=\"article:published_time\" content=\"2024-11-26T16:56:02+00:00\" \/>\n<meta property=\"article:modified_time\" content=\"2024-11-29T17:03:35+00:00\" \/>\n<meta property=\"og:image\" content=\"https:\/\/salumitalia.it\/wp-content\/uploads\/2024\/11\/festa-zampone-copia.png\" \/>\n\t<meta property=\"og:image:width\" content=\"1181\" \/>\n\t<meta property=\"og:image:height\" content=\"1181\" \/>\n\t<meta property=\"og:image:type\" content=\"image\/png\" \/>\n<meta name=\"author\" content=\"Stefano Parisi\" \/>\n<meta name=\"twitter:card\" content=\"summary_large_image\" \/>\n<meta name=\"twitter:label1\" content=\"Written by\" \/>\n\t<meta name=\"twitter:data1\" content=\"Stefano Parisi\" \/>\n\t<meta name=\"twitter:label2\" content=\"Est. reading time\" \/>\n\t<meta name=\"twitter:data2\" content=\"4 minutes\" \/>\n<script type=\"application\/ld+json\" class=\"yoast-schema-graph\">{\"@context\":\"https:\/\/schema.org\",\"@graph\":[{\"@type\":\"WebPage\",\"@id\":\"https:\/\/salumitalia.it\/news\/xiii-festa-dello-zampone-e-del-cotechino-modena-igp\/\",\"url\":\"https:\/\/salumitalia.it\/news\/xiii-festa-dello-zampone-e-del-cotechino-modena-igp\/\",\"name\":\"Salumi Italia - XIII FESTA DELLO ZAMPONE E DEL COTECHINO MODENA IGP\",\"isPartOf\":{\"@id\":\"https:\/\/salumitalia.it\/#website\"},\"primaryImageOfPage\":{\"@id\":\"https:\/\/salumitalia.it\/news\/xiii-festa-dello-zampone-e-del-cotechino-modena-igp\/#primaryimage\"},\"image\":{\"@id\":\"https:\/\/salumitalia.it\/news\/xiii-festa-dello-zampone-e-del-cotechino-modena-igp\/#primaryimage\"},\"thumbnailUrl\":\"https:\/\/salumitalia.it\/wp-content\/uploads\/2024\/11\/festa-zampone-copia.png\",\"datePublished\":\"2024-11-26T16:56:02+00:00\",\"dateModified\":\"2024-11-29T17:03:35+00:00\",\"author\":{\"@id\":\"https:\/\/salumitalia.it\/#\/schema\/person\/97fc7518eb94af827f7984af0598ae06\"},\"breadcrumb\":{\"@id\":\"https:\/\/salumitalia.it\/news\/xiii-festa-dello-zampone-e-del-cotechino-modena-igp\/#breadcrumb\"},\"inLanguage\":\"en-US\",\"potentialAction\":[{\"@type\":\"ReadAction\",\"target\":[\"https:\/\/salumitalia.it\/news\/xiii-festa-dello-zampone-e-del-cotechino-modena-igp\/\"]}]},{\"@type\":\"ImageObject\",\"inLanguage\":\"en-US\",\"@id\":\"https:\/\/salumitalia.it\/news\/xiii-festa-dello-zampone-e-del-cotechino-modena-igp\/#primaryimage\",\"url\":\"https:\/\/salumitalia.it\/wp-content\/uploads\/2024\/11\/festa-zampone-copia.png\",\"contentUrl\":\"https:\/\/salumitalia.it\/wp-content\/uploads\/2024\/11\/festa-zampone-copia.png\",\"width\":1181,\"height\":1181},{\"@type\":\"BreadcrumbList\",\"@id\":\"https:\/\/salumitalia.it\/news\/xiii-festa-dello-zampone-e-del-cotechino-modena-igp\/#breadcrumb\",\"itemListElement\":[{\"@type\":\"ListItem\",\"position\":1,\"name\":\"Home\",\"item\":\"https:\/\/salumitalia.it\/en\/\"},{\"@type\":\"ListItem\",\"position\":2,\"name\":\"XIII FESTA DELLO ZAMPONE E DEL COTECHINO MODENA IGP\"}]},{\"@type\":\"WebSite\",\"@id\":\"https:\/\/salumitalia.it\/#website\",\"url\":\"https:\/\/salumitalia.it\/\",\"name\":\"Salumi Italia\",\"description\":\"\",\"potentialAction\":[{\"@type\":\"SearchAction\",\"target\":{\"@type\":\"EntryPoint\",\"urlTemplate\":\"https:\/\/salumitalia.it\/?s={search_term_string}\"},\"query-input\":{\"@type\":\"PropertyValueSpecification\",\"valueRequired\":true,\"valueName\":\"search_term_string\"}}],\"inLanguage\":\"en-US\"},{\"@type\":\"Person\",\"@id\":\"https:\/\/salumitalia.it\/#\/schema\/person\/97fc7518eb94af827f7984af0598ae06\",\"name\":\"Stefano Parisi\",\"image\":{\"@type\":\"ImageObject\",\"inLanguage\":\"en-US\",\"@id\":\"https:\/\/salumitalia.it\/#\/schema\/person\/image\/\",\"url\":\"https:\/\/secure.gravatar.com\/avatar\/8d04f5816680fb9894ef6d8bd1dda235bb15aaa30080ccd649226c646a556a0a?s=96&d=mm&r=g\",\"contentUrl\":\"https:\/\/secure.gravatar.com\/avatar\/8d04f5816680fb9894ef6d8bd1dda235bb15aaa30080ccd649226c646a556a0a?s=96&d=mm&r=g\",\"caption\":\"Stefano Parisi\"},\"url\":\"https:\/\/salumitalia.it\/en\/author\/parisiassica-it\/\"}]}<\/script>\n<!-- \/ Yoast SEO plugin. -->","yoast_head_json":{"title":"Salumi Italia - XIII FESTA DELLO ZAMPONE E DEL COTECHINO MODENA IGP","robots":{"index":"index","follow":"follow","max-snippet":"max-snippet:-1","max-image-preview":"max-image-preview:large","max-video-preview":"max-video-preview:-1"},"canonical":"https:\/\/salumitalia.it\/news\/xiii-festa-dello-zampone-e-del-cotechino-modena-igp\/","og_locale":"en_US","og_type":"article","og_title":"Salumi Italia - XIII FESTA DELLO ZAMPONE E DEL COTECHINO MODENA IGP","og_description":"Anche quest\u2019anno, il Consorzio di Tutela celebrer\u00e0 le due IGP nella loro citt\u00e0 d\u2019origine. Al centro della manifestazione, che si svolger\u00e0 nella centralissima Piazza Roma a Modena sabato 14 dicembre, [&hellip;]","og_url":"https:\/\/salumitalia.it\/news\/xiii-festa-dello-zampone-e-del-cotechino-modena-igp\/","og_site_name":"Salumi Italia","article_published_time":"2024-11-26T16:56:02+00:00","article_modified_time":"2024-11-29T17:03:35+00:00","og_image":[{"width":1181,"height":1181,"url":"https:\/\/salumitalia.it\/wp-content\/uploads\/2024\/11\/festa-zampone-copia.png","type":"image\/png"}],"author":"Stefano Parisi","twitter_card":"summary_large_image","twitter_misc":{"Written by":"Stefano Parisi","Est. reading time":"4 minutes"},"schema":{"@context":"https:\/\/schema.org","@graph":[{"@type":"WebPage","@id":"https:\/\/salumitalia.it\/news\/xiii-festa-dello-zampone-e-del-cotechino-modena-igp\/","url":"https:\/\/salumitalia.it\/news\/xiii-festa-dello-zampone-e-del-cotechino-modena-igp\/","name":"Salumi Italia - XIII FESTA DELLO ZAMPONE E DEL COTECHINO MODENA IGP","isPartOf":{"@id":"https:\/\/salumitalia.it\/#website"},"primaryImageOfPage":{"@id":"https:\/\/salumitalia.it\/news\/xiii-festa-dello-zampone-e-del-cotechino-modena-igp\/#primaryimage"},"image":{"@id":"https:\/\/salumitalia.it\/news\/xiii-festa-dello-zampone-e-del-cotechino-modena-igp\/#primaryimage"},"thumbnailUrl":"https:\/\/salumitalia.it\/wp-content\/uploads\/2024\/11\/festa-zampone-copia.png","datePublished":"2024-11-26T16:56:02+00:00","dateModified":"2024-11-29T17:03:35+00:00","author":{"@id":"https:\/\/salumitalia.it\/#\/schema\/person\/97fc7518eb94af827f7984af0598ae06"},"breadcrumb":{"@id":"https:\/\/salumitalia.it\/news\/xiii-festa-dello-zampone-e-del-cotechino-modena-igp\/#breadcrumb"},"inLanguage":"en-US","potentialAction":[{"@type":"ReadAction","target":["https:\/\/salumitalia.it\/news\/xiii-festa-dello-zampone-e-del-cotechino-modena-igp\/"]}]},{"@type":"ImageObject","inLanguage":"en-US","@id":"https:\/\/salumitalia.it\/news\/xiii-festa-dello-zampone-e-del-cotechino-modena-igp\/#primaryimage","url":"https:\/\/salumitalia.it\/wp-content\/uploads\/2024\/11\/festa-zampone-copia.png","contentUrl":"https:\/\/salumitalia.it\/wp-content\/uploads\/2024\/11\/festa-zampone-copia.png","width":1181,"height":1181},{"@type":"BreadcrumbList","@id":"https:\/\/salumitalia.it\/news\/xiii-festa-dello-zampone-e-del-cotechino-modena-igp\/#breadcrumb","itemListElement":[{"@type":"ListItem","position":1,"name":"Home","item":"https:\/\/salumitalia.it\/en\/"},{"@type":"ListItem","position":2,"name":"XIII FESTA DELLO ZAMPONE E DEL COTECHINO MODENA IGP"}]},{"@type":"WebSite","@id":"https:\/\/salumitalia.it\/#website","url":"https:\/\/salumitalia.it\/","name":"Salumi Italia","description":"","potentialAction":[{"@type":"SearchAction","target":{"@type":"EntryPoint","urlTemplate":"https:\/\/salumitalia.it\/?s={search_term_string}"},"query-input":{"@type":"PropertyValueSpecification","valueRequired":true,"valueName":"search_term_string"}}],"inLanguage":"en-US"},{"@type":"Person","@id":"https:\/\/salumitalia.it\/#\/schema\/person\/97fc7518eb94af827f7984af0598ae06","name":"Stefano Parisi","image":{"@type":"ImageObject","inLanguage":"en-US","@id":"https:\/\/salumitalia.it\/#\/schema\/person\/image\/","url":"https:\/\/secure.gravatar.com\/avatar\/8d04f5816680fb9894ef6d8bd1dda235bb15aaa30080ccd649226c646a556a0a?s=96&d=mm&r=g","contentUrl":"https:\/\/secure.gravatar.com\/avatar\/8d04f5816680fb9894ef6d8bd1dda235bb15aaa30080ccd649226c646a556a0a?s=96&d=mm&r=g","caption":"Stefano Parisi"},"url":"https:\/\/salumitalia.it\/en\/author\/parisiassica-it\/"}]}},"_links":{"self":[{"href":"https:\/\/salumitalia.it\/en\/wp-json\/wp\/v2\/posts\/5400","targetHints":{"allow":["GET"]}}],"collection":[{"href":"https:\/\/salumitalia.it\/en\/wp-json\/wp\/v2\/posts"}],"about":[{"href":"https:\/\/salumitalia.it\/en\/wp-json\/wp\/v2\/types\/post"}],"author":[{"embeddable":true,"href":"https:\/\/salumitalia.it\/en\/wp-json\/wp\/v2\/users\/5"}],"replies":[{"embeddable":true,"href":"https:\/\/salumitalia.it\/en\/wp-json\/wp\/v2\/comments?post=5400"}],"version-history":[{"count":4,"href":"https:\/\/salumitalia.it\/en\/wp-json\/wp\/v2\/posts\/5400\/revisions"}],"predecessor-version":[{"id":5475,"href":"https:\/\/salumitalia.it\/en\/wp-json\/wp\/v2\/posts\/5400\/revisions\/5475"}],"wp:featuredmedia":[{"embeddable":true,"href":"https:\/\/salumitalia.it\/en\/wp-json\/wp\/v2\/media\/5401"}],"wp:attachment":[{"href":"https:\/\/salumitalia.it\/en\/wp-json\/wp\/v2\/media?parent=5400"}],"wp:term":[{"taxonomy":"category","embeddable":true,"href":"https:\/\/salumitalia.it\/en\/wp-json\/wp\/v2\/categories?post=5400"},{"taxonomy":"post_tag","embeddable":true,"href":"https:\/\/salumitalia.it\/en\/wp-json\/wp\/v2\/tags?post=5400"}],"curies":[{"name":"wp","href":"https:\/\/api.w.org\/{rel}","templated":true}]}}