{"id":5184,"date":"2024-09-29T11:21:37","date_gmt":"2024-09-29T09:21:37","guid":{"rendered":"https:\/\/www.isitsalumi.it\/?p=5184"},"modified":"2024-10-01T11:41:44","modified_gmt":"2024-10-01T09:41:44","slug":"festa-dello-speck-grande-successo-per-ledizione-2024","status":"publish","type":"post","link":"https:\/\/salumitalia.it\/en\/news\/festa-dello-speck-grande-successo-per-ledizione-2024\/","title":{"rendered":"FESTA DELLO SPECK: GRANDE SUCCESSO PER L\u2019EDIZIONE 2024"},"content":{"rendered":"<p>Il 28 e il 29 settembre 2024, numerosi i visitatori a Brunico ai piedi del Plan de Corones.<\/p>\n<p>A causa delle condizioni meteorologiche, \u00e8 stato necessario spostare la Festa dello Speck dalla vetta del Plan de Corones al centro storico di Brunico. La regione dolomitica Plan de Corones, il Consorzio Speck Alto Adige e IDM Alto Adige, promotori dell\u2019evento, hanno espresso grande soddisfazione per la seconda edizione della Festa dello Speck Alto Adige, nonostante il cambio di location. Sabato, si \u00e8 tenuta l&#8217;inaugurazione ufficiale davanti a un numeroso pubblico.<\/p>\n<p>La variegata offerta di degustazioni di prodotti, specialit\u00e0 culinarie, musica e un interessante programma collaterale, ha attirato a Brunico numerose visitatrici e visitatori. Presso gli stand degli espositori, e grazie alle molte prelibatezze culinarie, c\u2019\u00e8 stata pi\u00f9 di un\u2019occasione per gustare e per conoscere pi\u00f9 da vicino lo Speck Alto Adige IGP.<\/p>\n<p>Paul Recla, presidente del Consorzio Speck Alto Adige \u00e8 molto soddisfatto del successo dell\u2019evento: \u201cSono lieto che lo spostamento della location, causato dal maltempo, nel centro storico di Brunico sia riuscito cos\u00ec bene. Un ringraziamento particolare va agli organizzatori, che hanno gestito questo trasferimento con grande professionalit\u00e0. Anche la seconda edizione della Festa dello Speck Alto Adige nella Val Pusteria \u00e8 riuscita cos\u00ec a richiamare tante visitatrici e visitatori offrendo loro l\u2019opportunit\u00e0 di vivere in prima persona e in maniera autentica lo Speck Alto Adige IGP. Grazie al concreto sostegno della regione dolomitica Plan de Corones, di IDM Alto Adige e dei numerosi volontari, siamo riusciti a consolidare la storia di successo della Festa dello Speck e attendiamo con entusiasmo la prossima edizione nel 2025\u201d.<\/p>\n<p>Con oltre 10.000 visitatrici e visitatori, possiamo guardare con soddisfazione alla seconda edizione dell&#8217;evento, che si \u00e8 rivelata estremamente riuscita. Lo spostamento a Brunico a causa del maltempo si \u00e8 dimostrato una decisione assolutamente corretta. Questo straordinario successo non \u00e8 solo merito del lavoro eccellente delle nostre impegnate volontarie e dei nostri impegnati volontari, ma anche della stretta collaborazione di tutti i partner nella regione delle Dolomiti di Plan de Corones, tra cui le associazioni turistiche di San Vigilio, Chienes, Brunico, Valdaora e Rasun-Anterselva, nonch\u00e9 Skirama Plan de Corones. Anche il Consorzio Speck Alto Adige e IDM Alto Adige hanno contribuito in modo significativo alla riuscita della Festa dello Speck. &#8220;Senza il supporto di questi forti partner e dei numerosi volontari e volontarie, questo successo non sarebbe stato possibile&#8221;, sottolinea Daniela Gasser, presidente di Kronplatz Brand.<\/p>\n","protected":false},"excerpt":{"rendered":"<p>Il 28 e il 29 settembre 2024, numerosi i visitatori a Brunico ai piedi del Plan de Corones. A causa delle condizioni meteorologiche, \u00e8 stato necessario spostare la Festa dello [&hellip;]<\/p>\n","protected":false},"author":5,"featured_media":5265,"comment_status":"closed","ping_status":"closed","sticky":false,"template":"","format":"standard","meta":{"_acf_changed":false,"footnotes":""},"categories":[1],"tags":[],"class_list":["post-5184","post","type-post","status-publish","format-standard","has-post-thumbnail","hentry","category-news"],"acf":[],"yoast_head":"<!-- This site is optimized with the Yoast SEO plugin v24.8.1 - https:\/\/yoast.com\/wordpress\/plugins\/seo\/ -->\n<title>Salumi Italia - FESTA DELLO SPECK: GRANDE SUCCESSO PER L\u2019EDIZIONE 2024<\/title>\n<meta name=\"robots\" content=\"index, follow, max-snippet:-1, max-image-preview:large, max-video-preview:-1\" \/>\n<link rel=\"canonical\" href=\"https:\/\/salumitalia.it\/news\/festa-dello-speck-grande-successo-per-ledizione-2024\/\" \/>\n<meta property=\"og:locale\" content=\"en_US\" \/>\n<meta property=\"og:type\" content=\"article\" \/>\n<meta property=\"og:title\" content=\"Salumi Italia - FESTA DELLO SPECK: GRANDE SUCCESSO PER L\u2019EDIZIONE 2024\" \/>\n<meta property=\"og:description\" content=\"Il 28 e il 29 settembre 2024, numerosi i visitatori a Brunico ai piedi del Plan de Corones. A causa delle condizioni meteorologiche, \u00e8 stato necessario spostare la Festa dello [&hellip;]\" \/>\n<meta property=\"og:url\" content=\"https:\/\/salumitalia.it\/news\/festa-dello-speck-grande-successo-per-ledizione-2024\/\" \/>\n<meta property=\"og:site_name\" content=\"Salumi Italia\" \/>\n<meta property=\"article:published_time\" content=\"2024-09-29T09:21:37+00:00\" \/>\n<meta property=\"article:modified_time\" content=\"2024-10-01T09:41:44+00:00\" \/>\n<meta property=\"og:image\" content=\"https:\/\/salumitalia.it\/wp-content\/uploads\/2024\/09\/speck-copia.png\" \/>\n\t<meta property=\"og:image:width\" content=\"1181\" \/>\n\t<meta property=\"og:image:height\" content=\"1181\" \/>\n\t<meta property=\"og:image:type\" content=\"image\/png\" \/>\n<meta name=\"author\" content=\"Stefano Parisi\" \/>\n<meta name=\"twitter:card\" content=\"summary_large_image\" \/>\n<meta name=\"twitter:label1\" content=\"Written by\" \/>\n\t<meta name=\"twitter:data1\" content=\"Stefano Parisi\" \/>\n\t<meta name=\"twitter:label2\" content=\"Est. reading time\" \/>\n\t<meta name=\"twitter:data2\" content=\"3 minutes\" \/>\n<script type=\"application\/ld+json\" class=\"yoast-schema-graph\">{\"@context\":\"https:\/\/schema.org\",\"@graph\":[{\"@type\":\"WebPage\",\"@id\":\"https:\/\/salumitalia.it\/news\/festa-dello-speck-grande-successo-per-ledizione-2024\/\",\"url\":\"https:\/\/salumitalia.it\/news\/festa-dello-speck-grande-successo-per-ledizione-2024\/\",\"name\":\"Salumi Italia - FESTA DELLO SPECK: GRANDE SUCCESSO PER L\u2019EDIZIONE 2024\",\"isPartOf\":{\"@id\":\"https:\/\/salumitalia.it\/#website\"},\"primaryImageOfPage\":{\"@id\":\"https:\/\/salumitalia.it\/news\/festa-dello-speck-grande-successo-per-ledizione-2024\/#primaryimage\"},\"image\":{\"@id\":\"https:\/\/salumitalia.it\/news\/festa-dello-speck-grande-successo-per-ledizione-2024\/#primaryimage\"},\"thumbnailUrl\":\"https:\/\/salumitalia.it\/wp-content\/uploads\/2024\/09\/speck-copia.png\",\"datePublished\":\"2024-09-29T09:21:37+00:00\",\"dateModified\":\"2024-10-01T09:41:44+00:00\",\"author\":{\"@id\":\"https:\/\/salumitalia.it\/#\/schema\/person\/97fc7518eb94af827f7984af0598ae06\"},\"breadcrumb\":{\"@id\":\"https:\/\/salumitalia.it\/news\/festa-dello-speck-grande-successo-per-ledizione-2024\/#breadcrumb\"},\"inLanguage\":\"en-US\",\"potentialAction\":[{\"@type\":\"ReadAction\",\"target\":[\"https:\/\/salumitalia.it\/news\/festa-dello-speck-grande-successo-per-ledizione-2024\/\"]}]},{\"@type\":\"ImageObject\",\"inLanguage\":\"en-US\",\"@id\":\"https:\/\/salumitalia.it\/news\/festa-dello-speck-grande-successo-per-ledizione-2024\/#primaryimage\",\"url\":\"https:\/\/salumitalia.it\/wp-content\/uploads\/2024\/09\/speck-copia.png\",\"contentUrl\":\"https:\/\/salumitalia.it\/wp-content\/uploads\/2024\/09\/speck-copia.png\",\"width\":1181,\"height\":1181},{\"@type\":\"BreadcrumbList\",\"@id\":\"https:\/\/salumitalia.it\/news\/festa-dello-speck-grande-successo-per-ledizione-2024\/#breadcrumb\",\"itemListElement\":[{\"@type\":\"ListItem\",\"position\":1,\"name\":\"Home\",\"item\":\"https:\/\/salumitalia.it\/en\/\"},{\"@type\":\"ListItem\",\"position\":2,\"name\":\"FESTA DELLO SPECK: GRANDE SUCCESSO PER L\u2019EDIZIONE 2024\"}]},{\"@type\":\"WebSite\",\"@id\":\"https:\/\/salumitalia.it\/#website\",\"url\":\"https:\/\/salumitalia.it\/\",\"name\":\"Salumi Italia\",\"description\":\"\",\"potentialAction\":[{\"@type\":\"SearchAction\",\"target\":{\"@type\":\"EntryPoint\",\"urlTemplate\":\"https:\/\/salumitalia.it\/?s={search_term_string}\"},\"query-input\":{\"@type\":\"PropertyValueSpecification\",\"valueRequired\":true,\"valueName\":\"search_term_string\"}}],\"inLanguage\":\"en-US\"},{\"@type\":\"Person\",\"@id\":\"https:\/\/salumitalia.it\/#\/schema\/person\/97fc7518eb94af827f7984af0598ae06\",\"name\":\"Stefano Parisi\",\"image\":{\"@type\":\"ImageObject\",\"inLanguage\":\"en-US\",\"@id\":\"https:\/\/salumitalia.it\/#\/schema\/person\/image\/\",\"url\":\"https:\/\/secure.gravatar.com\/avatar\/8d04f5816680fb9894ef6d8bd1dda235bb15aaa30080ccd649226c646a556a0a?s=96&d=mm&r=g\",\"contentUrl\":\"https:\/\/secure.gravatar.com\/avatar\/8d04f5816680fb9894ef6d8bd1dda235bb15aaa30080ccd649226c646a556a0a?s=96&d=mm&r=g\",\"caption\":\"Stefano Parisi\"},\"url\":\"https:\/\/salumitalia.it\/en\/author\/parisiassica-it\/\"}]}<\/script>\n<!-- \/ Yoast SEO plugin. -->","yoast_head_json":{"title":"Salumi Italia - FESTA DELLO SPECK: GRANDE SUCCESSO PER L\u2019EDIZIONE 2024","robots":{"index":"index","follow":"follow","max-snippet":"max-snippet:-1","max-image-preview":"max-image-preview:large","max-video-preview":"max-video-preview:-1"},"canonical":"https:\/\/salumitalia.it\/news\/festa-dello-speck-grande-successo-per-ledizione-2024\/","og_locale":"en_US","og_type":"article","og_title":"Salumi Italia - FESTA DELLO SPECK: GRANDE SUCCESSO PER L\u2019EDIZIONE 2024","og_description":"Il 28 e il 29 settembre 2024, numerosi i visitatori a Brunico ai piedi del Plan de Corones. A causa delle condizioni meteorologiche, \u00e8 stato necessario spostare la Festa dello [&hellip;]","og_url":"https:\/\/salumitalia.it\/news\/festa-dello-speck-grande-successo-per-ledizione-2024\/","og_site_name":"Salumi Italia","article_published_time":"2024-09-29T09:21:37+00:00","article_modified_time":"2024-10-01T09:41:44+00:00","og_image":[{"width":1181,"height":1181,"url":"https:\/\/salumitalia.it\/wp-content\/uploads\/2024\/09\/speck-copia.png","type":"image\/png"}],"author":"Stefano Parisi","twitter_card":"summary_large_image","twitter_misc":{"Written by":"Stefano Parisi","Est. reading time":"3 minutes"},"schema":{"@context":"https:\/\/schema.org","@graph":[{"@type":"WebPage","@id":"https:\/\/salumitalia.it\/news\/festa-dello-speck-grande-successo-per-ledizione-2024\/","url":"https:\/\/salumitalia.it\/news\/festa-dello-speck-grande-successo-per-ledizione-2024\/","name":"Salumi Italia - FESTA DELLO SPECK: GRANDE SUCCESSO PER L\u2019EDIZIONE 2024","isPartOf":{"@id":"https:\/\/salumitalia.it\/#website"},"primaryImageOfPage":{"@id":"https:\/\/salumitalia.it\/news\/festa-dello-speck-grande-successo-per-ledizione-2024\/#primaryimage"},"image":{"@id":"https:\/\/salumitalia.it\/news\/festa-dello-speck-grande-successo-per-ledizione-2024\/#primaryimage"},"thumbnailUrl":"https:\/\/salumitalia.it\/wp-content\/uploads\/2024\/09\/speck-copia.png","datePublished":"2024-09-29T09:21:37+00:00","dateModified":"2024-10-01T09:41:44+00:00","author":{"@id":"https:\/\/salumitalia.it\/#\/schema\/person\/97fc7518eb94af827f7984af0598ae06"},"breadcrumb":{"@id":"https:\/\/salumitalia.it\/news\/festa-dello-speck-grande-successo-per-ledizione-2024\/#breadcrumb"},"inLanguage":"en-US","potentialAction":[{"@type":"ReadAction","target":["https:\/\/salumitalia.it\/news\/festa-dello-speck-grande-successo-per-ledizione-2024\/"]}]},{"@type":"ImageObject","inLanguage":"en-US","@id":"https:\/\/salumitalia.it\/news\/festa-dello-speck-grande-successo-per-ledizione-2024\/#primaryimage","url":"https:\/\/salumitalia.it\/wp-content\/uploads\/2024\/09\/speck-copia.png","contentUrl":"https:\/\/salumitalia.it\/wp-content\/uploads\/2024\/09\/speck-copia.png","width":1181,"height":1181},{"@type":"BreadcrumbList","@id":"https:\/\/salumitalia.it\/news\/festa-dello-speck-grande-successo-per-ledizione-2024\/#breadcrumb","itemListElement":[{"@type":"ListItem","position":1,"name":"Home","item":"https:\/\/salumitalia.it\/en\/"},{"@type":"ListItem","position":2,"name":"FESTA DELLO SPECK: GRANDE SUCCESSO PER L\u2019EDIZIONE 2024"}]},{"@type":"WebSite","@id":"https:\/\/salumitalia.it\/#website","url":"https:\/\/salumitalia.it\/","name":"Salumi Italia","description":"","potentialAction":[{"@type":"SearchAction","target":{"@type":"EntryPoint","urlTemplate":"https:\/\/salumitalia.it\/?s={search_term_string}"},"query-input":{"@type":"PropertyValueSpecification","valueRequired":true,"valueName":"search_term_string"}}],"inLanguage":"en-US"},{"@type":"Person","@id":"https:\/\/salumitalia.it\/#\/schema\/person\/97fc7518eb94af827f7984af0598ae06","name":"Stefano Parisi","image":{"@type":"ImageObject","inLanguage":"en-US","@id":"https:\/\/salumitalia.it\/#\/schema\/person\/image\/","url":"https:\/\/secure.gravatar.com\/avatar\/8d04f5816680fb9894ef6d8bd1dda235bb15aaa30080ccd649226c646a556a0a?s=96&d=mm&r=g","contentUrl":"https:\/\/secure.gravatar.com\/avatar\/8d04f5816680fb9894ef6d8bd1dda235bb15aaa30080ccd649226c646a556a0a?s=96&d=mm&r=g","caption":"Stefano Parisi"},"url":"https:\/\/salumitalia.it\/en\/author\/parisiassica-it\/"}]}},"_links":{"self":[{"href":"https:\/\/salumitalia.it\/en\/wp-json\/wp\/v2\/posts\/5184","targetHints":{"allow":["GET"]}}],"collection":[{"href":"https:\/\/salumitalia.it\/en\/wp-json\/wp\/v2\/posts"}],"about":[{"href":"https:\/\/salumitalia.it\/en\/wp-json\/wp\/v2\/types\/post"}],"author":[{"embeddable":true,"href":"https:\/\/salumitalia.it\/en\/wp-json\/wp\/v2\/users\/5"}],"replies":[{"embeddable":true,"href":"https:\/\/salumitalia.it\/en\/wp-json\/wp\/v2\/comments?post=5184"}],"version-history":[{"count":4,"href":"https:\/\/salumitalia.it\/en\/wp-json\/wp\/v2\/posts\/5184\/revisions"}],"predecessor-version":[{"id":5269,"href":"https:\/\/salumitalia.it\/en\/wp-json\/wp\/v2\/posts\/5184\/revisions\/5269"}],"wp:featuredmedia":[{"embeddable":true,"href":"https:\/\/salumitalia.it\/en\/wp-json\/wp\/v2\/media\/5265"}],"wp:attachment":[{"href":"https:\/\/salumitalia.it\/en\/wp-json\/wp\/v2\/media?parent=5184"}],"wp:term":[{"taxonomy":"category","embeddable":true,"href":"https:\/\/salumitalia.it\/en\/wp-json\/wp\/v2\/categories?post=5184"},{"taxonomy":"post_tag","embeddable":true,"href":"https:\/\/salumitalia.it\/en\/wp-json\/wp\/v2\/tags?post=5184"}],"curies":[{"name":"wp","href":"https:\/\/api.w.org\/{rel}","templated":true}]}}