{"id":4977,"date":"2024-07-25T16:22:20","date_gmt":"2024-07-25T14:22:20","guid":{"rendered":"https:\/\/www.isitsalumi.it\/?p=4977"},"modified":"2024-07-25T16:22:20","modified_gmt":"2024-07-25T14:22:20","slug":"definita-la-nuova-governance-di-isit-nomina-giunta-e-componenti-del-comitato-esecutivo","status":"publish","type":"post","link":"https:\/\/salumitalia.it\/en\/news\/definita-la-nuova-governance-di-isit-nomina-giunta-e-componenti-del-comitato-esecutivo\/","title":{"rendered":"DEFINITA LA NUOVA GOVERNANCE DI ISIT: NOMINA GIUNTA E COMPONENTI DEL COMITATO ESECUTIVO"},"content":{"rendered":"<p>Insediata ufficialmente la nuova Giunta dell\u2019Istituto Salumi Tutelati, che sar\u00e0 guidata dal neoeletto Presidente Cristiano Ludovici nel suo mandato triennale.<\/p>\n<p>La Giunta di ISIT \u00e8 cos\u00ec composta: <strong>AMBROSIONI PIERLUCA <\/strong>(Consorzio tutela del Salame di Varzi),<strong> ASCHIERI FABRIZIO <\/strong>(Consorzio di tutela della Coppa di Parma IGP), <strong>BELLI ROBERTO <\/strong>(Consorzio Salumi DOP Piacentini), <strong>BELLINI PIETRO <\/strong>(Consorzio di tutela del Prosciutto di Norcia IGP), <strong>BERETTA LORENZO <\/strong>(Consorzio Cacciatore Italiano), <strong>BOSCHI UMBERTO <\/strong>(Consorzio di tutela del Salame Felino IGP), <strong>CICHETTI MARIO EMILIO<\/strong> (Consorzio del Prosciutto di San Daniele),<strong> FERRARI PAOLO <\/strong>(Consorzio Zampone e Cotechino Modena IGP), <strong>GUALERZI ROMEO <\/strong>(Consorzio del Culatello di Zibello),<strong> IACOMONI ALESSANDRO <\/strong>(Consorzio di tutela della Finocchiona IGP), <strong>LIGASACCHI GIANLUIGI<\/strong> (ASSICA),<strong> LUDOVICI CRISTIANO <\/strong>(Consorzio del Prosciutto Toscano),<strong> PALLADI CLAUDIO <\/strong>(Consorzio di tutela Bresaola della Valtellina, <strong>RECLA PAUL <\/strong>(Consorzio tutela Speck Alto Adige),<strong> RIVA MARCO <\/strong>(Consorzio Prosciutto di Carpegna e Consorzio Salame Brianza),<strong> ROTA STEFANIA <\/strong>(Consorzio di tutela dei Salumi di Calabria a DOP),<strong> VEGLIO DANIELE <\/strong>(Consorzio Salame Piemonte IGP),<strong> VERONI GUIDO <\/strong>(Consorzio Italiano Tutela Mortadella Bologna),<strong> VITALI GIORGIA <\/strong>(Consorzio del Prosciutto di Modena).<\/p>\n<p>Il 2 luglio a Modena, presso il Palatipico, si \u00e8 tenuta la prima seduta della nuova Giunta che ha definito un sistema di <em>governance<\/em> interna in cui Giunta e Presidente verranno coadiuvati da un Comitato esecutivo, avente compiti di impulso e di supporto all&#8217;azione della Giunta e, in generale, dell&#8217;Istituto.<\/p>\n<p>La composizione del Comitato afferma la volont\u00e0 di operare una sintesi nella eterogeneit\u00e0 di Consorzi e di produzioni rappresentate in ISIT, nonch\u00e9 di capitalizzare l\u2019esperienza e il <em>know-how<\/em> dei membri di Giunta.<\/p>\n<p>I membri individuati per comporre il nuovo Comitato esecutivo ISIT sono: Ludovici Cristiano, Palladi Claudio, Veroni Guido e Vitali Giorgia, i quali saranno coadiuvati nei lavori dal direttore Cristiano Costantino Loddo.<\/p>\n","protected":false},"excerpt":{"rendered":"<p>Insediata ufficialmente la nuova Giunta dell\u2019Istituto Salumi Tutelati, che sar\u00e0 guidata dal neoeletto Presidente Cristiano Ludovici nel suo mandato triennale. La Giunta di ISIT \u00e8 cos\u00ec composta: AMBROSIONI PIERLUCA (Consorzio [&hellip;]<\/p>\n","protected":false},"author":5,"featured_media":4978,"comment_status":"closed","ping_status":"closed","sticky":false,"template":"","format":"standard","meta":{"_acf_changed":false,"footnotes":""},"categories":[1],"tags":[],"class_list":["post-4977","post","type-post","status-publish","format-standard","has-post-thumbnail","hentry","category-news"],"acf":[],"yoast_head":"<!-- This site is optimized with the Yoast SEO plugin v24.8.1 - https:\/\/yoast.com\/wordpress\/plugins\/seo\/ -->\n<title>Salumi Italia - DEFINITA LA NUOVA GOVERNANCE DI ISIT: NOMINA GIUNTA E COMPONENTI DEL COMITATO ESECUTIVO<\/title>\n<meta name=\"robots\" content=\"index, follow, max-snippet:-1, max-image-preview:large, max-video-preview:-1\" \/>\n<link rel=\"canonical\" href=\"https:\/\/salumitalia.it\/news\/definita-la-nuova-governance-di-isit-nomina-giunta-e-componenti-del-comitato-esecutivo\/\" \/>\n<meta property=\"og:locale\" content=\"en_US\" \/>\n<meta property=\"og:type\" content=\"article\" \/>\n<meta property=\"og:title\" content=\"Salumi Italia - DEFINITA LA NUOVA GOVERNANCE DI ISIT: NOMINA GIUNTA E COMPONENTI DEL COMITATO ESECUTIVO\" \/>\n<meta property=\"og:description\" content=\"Insediata ufficialmente la nuova Giunta dell\u2019Istituto Salumi Tutelati, che sar\u00e0 guidata dal neoeletto Presidente Cristiano Ludovici nel suo mandato triennale. La Giunta di ISIT \u00e8 cos\u00ec composta: AMBROSIONI PIERLUCA (Consorzio [&hellip;]\" \/>\n<meta property=\"og:url\" content=\"https:\/\/salumitalia.it\/news\/definita-la-nuova-governance-di-isit-nomina-giunta-e-componenti-del-comitato-esecutivo\/\" \/>\n<meta property=\"og:site_name\" content=\"Salumi Italia\" \/>\n<meta property=\"article:published_time\" content=\"2024-07-25T14:22:20+00:00\" \/>\n<meta property=\"og:image\" content=\"https:\/\/salumitalia.it\/wp-content\/uploads\/2024\/07\/ISIT_luglio-copia.png\" \/>\n\t<meta property=\"og:image:width\" content=\"1181\" \/>\n\t<meta property=\"og:image:height\" content=\"1181\" \/>\n\t<meta property=\"og:image:type\" content=\"image\/png\" \/>\n<meta name=\"author\" content=\"Stefano Parisi\" \/>\n<meta name=\"twitter:card\" content=\"summary_large_image\" \/>\n<meta name=\"twitter:label1\" content=\"Written by\" \/>\n\t<meta name=\"twitter:data1\" content=\"Stefano Parisi\" \/>\n\t<meta name=\"twitter:label2\" content=\"Est. reading time\" \/>\n\t<meta name=\"twitter:data2\" content=\"2 minutes\" \/>\n<script type=\"application\/ld+json\" class=\"yoast-schema-graph\">{\"@context\":\"https:\/\/schema.org\",\"@graph\":[{\"@type\":\"WebPage\",\"@id\":\"https:\/\/salumitalia.it\/news\/definita-la-nuova-governance-di-isit-nomina-giunta-e-componenti-del-comitato-esecutivo\/\",\"url\":\"https:\/\/salumitalia.it\/news\/definita-la-nuova-governance-di-isit-nomina-giunta-e-componenti-del-comitato-esecutivo\/\",\"name\":\"Salumi Italia - DEFINITA LA NUOVA GOVERNANCE DI ISIT: NOMINA GIUNTA E COMPONENTI DEL COMITATO ESECUTIVO\",\"isPartOf\":{\"@id\":\"https:\/\/salumitalia.it\/#website\"},\"primaryImageOfPage\":{\"@id\":\"https:\/\/salumitalia.it\/news\/definita-la-nuova-governance-di-isit-nomina-giunta-e-componenti-del-comitato-esecutivo\/#primaryimage\"},\"image\":{\"@id\":\"https:\/\/salumitalia.it\/news\/definita-la-nuova-governance-di-isit-nomina-giunta-e-componenti-del-comitato-esecutivo\/#primaryimage\"},\"thumbnailUrl\":\"https:\/\/salumitalia.it\/wp-content\/uploads\/2024\/07\/ISIT_luglio-copia.png\",\"datePublished\":\"2024-07-25T14:22:20+00:00\",\"author\":{\"@id\":\"https:\/\/salumitalia.it\/#\/schema\/person\/97fc7518eb94af827f7984af0598ae06\"},\"breadcrumb\":{\"@id\":\"https:\/\/salumitalia.it\/news\/definita-la-nuova-governance-di-isit-nomina-giunta-e-componenti-del-comitato-esecutivo\/#breadcrumb\"},\"inLanguage\":\"en-US\",\"potentialAction\":[{\"@type\":\"ReadAction\",\"target\":[\"https:\/\/salumitalia.it\/news\/definita-la-nuova-governance-di-isit-nomina-giunta-e-componenti-del-comitato-esecutivo\/\"]}]},{\"@type\":\"ImageObject\",\"inLanguage\":\"en-US\",\"@id\":\"https:\/\/salumitalia.it\/news\/definita-la-nuova-governance-di-isit-nomina-giunta-e-componenti-del-comitato-esecutivo\/#primaryimage\",\"url\":\"https:\/\/salumitalia.it\/wp-content\/uploads\/2024\/07\/ISIT_luglio-copia.png\",\"contentUrl\":\"https:\/\/salumitalia.it\/wp-content\/uploads\/2024\/07\/ISIT_luglio-copia.png\",\"width\":1181,\"height\":1181},{\"@type\":\"BreadcrumbList\",\"@id\":\"https:\/\/salumitalia.it\/news\/definita-la-nuova-governance-di-isit-nomina-giunta-e-componenti-del-comitato-esecutivo\/#breadcrumb\",\"itemListElement\":[{\"@type\":\"ListItem\",\"position\":1,\"name\":\"Home\",\"item\":\"https:\/\/salumitalia.it\/en\/\"},{\"@type\":\"ListItem\",\"position\":2,\"name\":\"DEFINITA LA NUOVA GOVERNANCE DI ISIT: NOMINA GIUNTA E COMPONENTI DEL COMITATO ESECUTIVO\"}]},{\"@type\":\"WebSite\",\"@id\":\"https:\/\/salumitalia.it\/#website\",\"url\":\"https:\/\/salumitalia.it\/\",\"name\":\"Salumi Italia\",\"description\":\"\",\"potentialAction\":[{\"@type\":\"SearchAction\",\"target\":{\"@type\":\"EntryPoint\",\"urlTemplate\":\"https:\/\/salumitalia.it\/?s={search_term_string}\"},\"query-input\":{\"@type\":\"PropertyValueSpecification\",\"valueRequired\":true,\"valueName\":\"search_term_string\"}}],\"inLanguage\":\"en-US\"},{\"@type\":\"Person\",\"@id\":\"https:\/\/salumitalia.it\/#\/schema\/person\/97fc7518eb94af827f7984af0598ae06\",\"name\":\"Stefano Parisi\",\"image\":{\"@type\":\"ImageObject\",\"inLanguage\":\"en-US\",\"@id\":\"https:\/\/salumitalia.it\/#\/schema\/person\/image\/\",\"url\":\"https:\/\/secure.gravatar.com\/avatar\/8d04f5816680fb9894ef6d8bd1dda235bb15aaa30080ccd649226c646a556a0a?s=96&d=mm&r=g\",\"contentUrl\":\"https:\/\/secure.gravatar.com\/avatar\/8d04f5816680fb9894ef6d8bd1dda235bb15aaa30080ccd649226c646a556a0a?s=96&d=mm&r=g\",\"caption\":\"Stefano Parisi\"},\"url\":\"https:\/\/salumitalia.it\/en\/author\/parisiassica-it\/\"}]}<\/script>\n<!-- \/ Yoast SEO plugin. -->","yoast_head_json":{"title":"Salumi Italia - DEFINITA LA NUOVA GOVERNANCE DI ISIT: NOMINA GIUNTA E COMPONENTI DEL COMITATO ESECUTIVO","robots":{"index":"index","follow":"follow","max-snippet":"max-snippet:-1","max-image-preview":"max-image-preview:large","max-video-preview":"max-video-preview:-1"},"canonical":"https:\/\/salumitalia.it\/news\/definita-la-nuova-governance-di-isit-nomina-giunta-e-componenti-del-comitato-esecutivo\/","og_locale":"en_US","og_type":"article","og_title":"Salumi Italia - DEFINITA LA NUOVA GOVERNANCE DI ISIT: NOMINA GIUNTA E COMPONENTI DEL COMITATO ESECUTIVO","og_description":"Insediata ufficialmente la nuova Giunta dell\u2019Istituto Salumi Tutelati, che sar\u00e0 guidata dal neoeletto Presidente Cristiano Ludovici nel suo mandato triennale. La Giunta di ISIT \u00e8 cos\u00ec composta: AMBROSIONI PIERLUCA (Consorzio [&hellip;]","og_url":"https:\/\/salumitalia.it\/news\/definita-la-nuova-governance-di-isit-nomina-giunta-e-componenti-del-comitato-esecutivo\/","og_site_name":"Salumi Italia","article_published_time":"2024-07-25T14:22:20+00:00","og_image":[{"width":1181,"height":1181,"url":"https:\/\/salumitalia.it\/wp-content\/uploads\/2024\/07\/ISIT_luglio-copia.png","type":"image\/png"}],"author":"Stefano Parisi","twitter_card":"summary_large_image","twitter_misc":{"Written by":"Stefano Parisi","Est. reading time":"2 minutes"},"schema":{"@context":"https:\/\/schema.org","@graph":[{"@type":"WebPage","@id":"https:\/\/salumitalia.it\/news\/definita-la-nuova-governance-di-isit-nomina-giunta-e-componenti-del-comitato-esecutivo\/","url":"https:\/\/salumitalia.it\/news\/definita-la-nuova-governance-di-isit-nomina-giunta-e-componenti-del-comitato-esecutivo\/","name":"Salumi Italia - DEFINITA LA NUOVA GOVERNANCE DI ISIT: NOMINA GIUNTA E COMPONENTI DEL COMITATO ESECUTIVO","isPartOf":{"@id":"https:\/\/salumitalia.it\/#website"},"primaryImageOfPage":{"@id":"https:\/\/salumitalia.it\/news\/definita-la-nuova-governance-di-isit-nomina-giunta-e-componenti-del-comitato-esecutivo\/#primaryimage"},"image":{"@id":"https:\/\/salumitalia.it\/news\/definita-la-nuova-governance-di-isit-nomina-giunta-e-componenti-del-comitato-esecutivo\/#primaryimage"},"thumbnailUrl":"https:\/\/salumitalia.it\/wp-content\/uploads\/2024\/07\/ISIT_luglio-copia.png","datePublished":"2024-07-25T14:22:20+00:00","author":{"@id":"https:\/\/salumitalia.it\/#\/schema\/person\/97fc7518eb94af827f7984af0598ae06"},"breadcrumb":{"@id":"https:\/\/salumitalia.it\/news\/definita-la-nuova-governance-di-isit-nomina-giunta-e-componenti-del-comitato-esecutivo\/#breadcrumb"},"inLanguage":"en-US","potentialAction":[{"@type":"ReadAction","target":["https:\/\/salumitalia.it\/news\/definita-la-nuova-governance-di-isit-nomina-giunta-e-componenti-del-comitato-esecutivo\/"]}]},{"@type":"ImageObject","inLanguage":"en-US","@id":"https:\/\/salumitalia.it\/news\/definita-la-nuova-governance-di-isit-nomina-giunta-e-componenti-del-comitato-esecutivo\/#primaryimage","url":"https:\/\/salumitalia.it\/wp-content\/uploads\/2024\/07\/ISIT_luglio-copia.png","contentUrl":"https:\/\/salumitalia.it\/wp-content\/uploads\/2024\/07\/ISIT_luglio-copia.png","width":1181,"height":1181},{"@type":"BreadcrumbList","@id":"https:\/\/salumitalia.it\/news\/definita-la-nuova-governance-di-isit-nomina-giunta-e-componenti-del-comitato-esecutivo\/#breadcrumb","itemListElement":[{"@type":"ListItem","position":1,"name":"Home","item":"https:\/\/salumitalia.it\/en\/"},{"@type":"ListItem","position":2,"name":"DEFINITA LA NUOVA GOVERNANCE DI ISIT: NOMINA GIUNTA E COMPONENTI DEL COMITATO ESECUTIVO"}]},{"@type":"WebSite","@id":"https:\/\/salumitalia.it\/#website","url":"https:\/\/salumitalia.it\/","name":"Salumi Italia","description":"","potentialAction":[{"@type":"SearchAction","target":{"@type":"EntryPoint","urlTemplate":"https:\/\/salumitalia.it\/?s={search_term_string}"},"query-input":{"@type":"PropertyValueSpecification","valueRequired":true,"valueName":"search_term_string"}}],"inLanguage":"en-US"},{"@type":"Person","@id":"https:\/\/salumitalia.it\/#\/schema\/person\/97fc7518eb94af827f7984af0598ae06","name":"Stefano Parisi","image":{"@type":"ImageObject","inLanguage":"en-US","@id":"https:\/\/salumitalia.it\/#\/schema\/person\/image\/","url":"https:\/\/secure.gravatar.com\/avatar\/8d04f5816680fb9894ef6d8bd1dda235bb15aaa30080ccd649226c646a556a0a?s=96&d=mm&r=g","contentUrl":"https:\/\/secure.gravatar.com\/avatar\/8d04f5816680fb9894ef6d8bd1dda235bb15aaa30080ccd649226c646a556a0a?s=96&d=mm&r=g","caption":"Stefano Parisi"},"url":"https:\/\/salumitalia.it\/en\/author\/parisiassica-it\/"}]}},"_links":{"self":[{"href":"https:\/\/salumitalia.it\/en\/wp-json\/wp\/v2\/posts\/4977","targetHints":{"allow":["GET"]}}],"collection":[{"href":"https:\/\/salumitalia.it\/en\/wp-json\/wp\/v2\/posts"}],"about":[{"href":"https:\/\/salumitalia.it\/en\/wp-json\/wp\/v2\/types\/post"}],"author":[{"embeddable":true,"href":"https:\/\/salumitalia.it\/en\/wp-json\/wp\/v2\/users\/5"}],"replies":[{"embeddable":true,"href":"https:\/\/salumitalia.it\/en\/wp-json\/wp\/v2\/comments?post=4977"}],"version-history":[{"count":3,"href":"https:\/\/salumitalia.it\/en\/wp-json\/wp\/v2\/posts\/4977\/revisions"}],"predecessor-version":[{"id":5047,"href":"https:\/\/salumitalia.it\/en\/wp-json\/wp\/v2\/posts\/4977\/revisions\/5047"}],"wp:featuredmedia":[{"embeddable":true,"href":"https:\/\/salumitalia.it\/en\/wp-json\/wp\/v2\/media\/4978"}],"wp:attachment":[{"href":"https:\/\/salumitalia.it\/en\/wp-json\/wp\/v2\/media?parent=4977"}],"wp:term":[{"taxonomy":"category","embeddable":true,"href":"https:\/\/salumitalia.it\/en\/wp-json\/wp\/v2\/categories?post=4977"},{"taxonomy":"post_tag","embeddable":true,"href":"https:\/\/salumitalia.it\/en\/wp-json\/wp\/v2\/tags?post=4977"}],"curies":[{"name":"wp","href":"https:\/\/api.w.org\/{rel}","templated":true}]}}