{"id":4431,"date":"2024-02-27T15:56:58","date_gmt":"2024-02-27T14:56:58","guid":{"rendered":"https:\/\/www.isitsalumi.it\/?p=4431"},"modified":"2024-02-27T16:23:19","modified_gmt":"2024-02-27T15:23:19","slug":"speck-alto-adige-igp-un-2023-allinsegna-della-qualita-salvaguardia-e-innovazione","status":"publish","type":"post","link":"https:\/\/salumitalia.it\/en\/news\/speck-alto-adige-igp-un-2023-allinsegna-della-qualita-salvaguardia-e-innovazione\/","title":{"rendered":"SPECK ALTO ADIGE IGP. UN 2023 ALL\u2019INSEGNA DELLA QUALIT\u00c0, SALVAGUARDIA E INNOVAZIONE"},"content":{"rendered":"<h3>Il 2023 tra qualit\u00e0, salvaguardia e innovazione: tutti i numeri dello Speck Alto Adige IGP.<\/h3>\n<h3>\nNel 2023, lo Speck Alto Adige IGP si conferma uno dei salumi pi\u00f9 esportati in Italia. Rieletto Paul Recla Presidente del Consorzio Tutela Speck Alto Adige. Al centro, anche le nomine del CDA del Consorzio. Lanciato il primo Rapporto di Sostenibilit\u00e0 del Consorzio Tutela Speck Alto Adige.<\/h3>\n<p>Bolzano, 26 febbraio 2024 \u2013 Dalla qualit\u00e0 alla salvaguardia del marchio, fino all\u2019innova-zione. Il bilancio del 2023 testimonia un anno sfidante ma che conferma il miglioramento costante della qualit\u00e0 dello Speck Alto Adige IGP, una maggiore notoriet\u00e0 del marchio (or-mai conosciutissimo in Italia, in Europa e negli USA), e la sua salvaguardia da un uso illecito.<br \/>\nLo Speck Alto Adige IGP si conferma anche per il 2023 uno dei salumi pi\u00f9 esportati in Italia (con un tasso di esportazione del 32,5%). Inoltre, nel 2023 \u00e8 stato registrato un leggero aumento delle vendite dello Speck Alto Adige IGP dell\u20191.5% rispetto al 2022.<br \/>\nIl commento del Presidente del Consorzio Tutela Speck Alto Adige Paul Recla, rieletto per il suo terzo anno di mandato: \u201cIl 2023 \u00e8 stato caratterizzato da una tensione politica globale e dalle relative incertezze, che hanno avuto un impatto sulle relazioni commerciali, sui prezzi delle materie prime e sulle catene di approvvigionamento. Inoltre, il cambiamento climatico sta ponendo il mondo davanti a importanti sfide che stiamo affrontando attraverso una strategia di sostenibilit\u00e0 con cui intendiamo confermare il nostro impegno su questa materia, con lo scopo primario di sensibilizzare intensificando gli sforzi a favore della qualit\u00e0 e della sostenibilit\u00e0 come valori aggiunti dello Speck Alto Adige IGP\u201d.<\/p>\n<p><strong>Produzione<\/strong><br \/>\nNel 2023, sono state contrassegnate con il marchio di qualit\u00e0 Speck Alto Adige IGP 2.495.561 baffe, pari al 39,7% della produzione complessiva dei membri del Consorzio, con un calo del 13,3% rispetto al 2022.<\/p>\n<p><strong>Mercati: lo Speck Alto Adige IGP \u00e8 uno dei salumi pi\u00f9 esportati in Italia<\/strong><br \/>\nIl 67,5% della produzione di Speck Alto Adige IGP viene venduta in Italia. La maggior parte di essa in Alto Adige e nelle regioni settentrionali, mentre negli ultimi anni anche le regioni centrali e meridionali dell\u2019Italia hanno aumentato la domanda. Tuttavia, lo Speck Alto Adige IGP \u00e8 anche un prodotto molto richiesto al di fuori dei confini italiani.<\/p>\n<p>Con un tasso di esportazione del 32,5% \u00e8 uno dei salumi pi\u00f9 esportati in Italia. Il principale mercato di esportazione per lo Speck Alto Adige IGP rimane la Germania con il 24,2%.<br \/>\nAltri mercati di esportazione includono gli Stati Uniti (3,8%), dove la popolarit\u00e0 dello Speck Alto Adige IGP \u00e8 aumentata costantemente negli ultimi anni (un aumento del 1% rispetto all\u2019anno precedente). Francia (2%), Svizzera (0,8%), Austria (0,5%), Belgio (0,35%) e Regno Unito (0,35%) sono altri mercati di esportazione. Lo sviluppo positivo dei mercati di esportazione \u00e8 stato continuato con successo dopo gli anni della pandemia e l\u2019andamento positivo \u00e8 stato confermato.<br \/>\nIn altri mercati come Polonia, Canada, Spagna, Grecia, Paesi Bassi, Hong Kong e altri venti mercati, circa lo 0,5% della quantit\u00e0 prodotta viene esportata. In Italia, il 65% della produzione viene distribuita attraverso i supermercati.<\/p>\n<p><strong>Nomine<\/strong><br \/>\nAl centro, anche le nomine del CDA del Consorzio. In occasione dell\u2019assemblea dei soci del Consorzio Tutela Speck Alto Adige, si \u00e8 votato per rinnovare gli organi associativi. Il presidente uscente Paul Recla \u00e8 stato rieletto all\u2019unanimit\u00e0; sar\u00e0 quindi lui a rappresentare gli interessi dei produttori di speck dell\u2019Alto Adige anche per i prossimi tre anni.<br \/>\nPer i prossimi tre anni, a fianco del presidente, ci saranno G\u00fcnter Windegger quale vice-presidente e altri quattro membri del consiglio di amministrazione. Andreas Kofler \u00e8 stato eletto nuovo membro del consiglio di amministrazione. Walter Nocker, invece, non ha pi\u00f9 dato la propria disponibilit\u00e0 a far parte del consiglio di amministrazione. Nocker faceva parte dell\u2019organo associativo fin dal 1996, cio\u00e8 dalla prima volta in cui il Consorzio si \u00e8 do-tato di un consiglio di amministrazione, contribuendo in tal modo a gestire l\u2019attivit\u00e0 del Consorzio per ventotto anni.<\/p>\n<p><strong>Speck Alto Adige IGP: lanciato il primo Rapporto di Sostenibilit\u00e0.<\/strong><br \/>\nGi\u00e0 dal 2019, il Consorzio Tutela Speck Alto Adige si \u00e8 occupato intensamente dei temi e degli aspetti della sostenibilit\u00e0. Nel 2020 \u00e8 stato istituito il relativo gruppo di lavoro che, insieme all\u2019agenzia Plenum, guidata dal dott. Alfred Strigl e dalla Mag. Sylvia Brenzel, ha elaborato la prima strategia di sostenibilit\u00e0. Nel 2022 e nel 2023, in stretta collaborazione con produttori, rappresentati di economia e scienza, nonch\u00e9 con vari esperti, sono state gettate le basi del primo Rapporto sulla sostenibilit\u00e0 del Consorzio, da cui sono emersi i relativi \u201cquattro quarti\u201d: 1\u00b0 quarto relativo al benessere animale e alla qualit\u00e0, 2\u00b0 quarto de-dicato alla lavorazione sostenibile, 3\u00b0 quarto al valore aggiunto e consumo, 4\u00b0 quarto alla formazione e comunicazione.<br \/>\nSulla base dei \u201cquattro quarti\u201d, il Consorzio si impegna a mettere in atto e migliorare 10 misure, tra cui: graduale introduzione di standard di benessere animali e costante Miglioramento degli standard di qualit\u00e0 per il primo quarto (Benessere animale e qualit\u00e0); ecologizzazione dell\u2019approvvigionamento energetico, degli imballaggi e del trasporto per il secondo quarto (Lavorazione sostenibile); posizionamento delle eccellenze gastronomiche nel segmento Premium, rafforzamento della coesione nel Consorzio e costante migliora-mento della qualit\u00e0 tramite ricerca e sviluppo per il terzo quarto (Valore aggiunto e con-sumo); infine, miglioramento dell\u2019attrattivit\u00e0 del profilo professionale e della coesione sociale per il quarto quarto (Formazione e Comunicazione).<\/p>\n<p><strong>Denominazione IGP: la qualit\u00e0 per tutelare un marchio unico<\/strong><br \/>\nLa qualit\u00e0 resta uno dei punti focali per il Consorzio Tutela Speck Alto Adige che, anche nel 2023, ha condotto diverse verifiche e controlli per assicurare prodotti sani e certificati.<br \/>\nNel 2023, sono stati sottoposti a visite ispettive 1.116 punti vendita in Italia e 214 all\u2019estero (Germania, Austria, Francia). Inoltre, \u00e8 stato effettuato un controllo di 200 siti internet in merito all\u2019uso corretto della denominazione \u201cSpeck Alto Adige IGP\u201d.<\/p>\n<p><strong>La salvaguardia del marchio: controlli di qualit\u00e0 &amp; innovazione<\/strong><br \/>\nI controlli di qualit\u00e0 sullo Speck Alto Adige IGP sono effettuati dall\u2019istituto indipendente IFCQ Certificazioni e riguardano l\u2019intera filiera, dalla materia prima al prodotto finito.<br \/>\nNel 2023 \u00e8 stato lanciato il nuovo portale di certificazione dell\u2019ente di controllo, elaborato dal fornitore di servizi IT Beantech, e da inizio anno utilizzato da tutti i produttori. Il suo ammodernamento ha consentito l\u2019adeguamento alle nuove possibilit\u00e0 tecnologiche, in risposta anche alle esigenze dei produttori.<\/p>\n<p><strong>La tutela del marchio a livello globale<\/strong><br \/>\nLo Speck Alto Adige IGP sta ottenendo sempre maggiore notoriet\u00e0 a livello internazionale e le denominazioni protette al di fuori dell\u2019UE non sono in gran parte riconosciute. Ecco perch\u00e9 il Consorzio Tutela Speck Alto Adige ha continuato il monitoraggio globale dei mar-chi nelle categorie dei prodotti di salumeria per le denominazioni \u201cspeck\u201d, \u201cAlto Adige\u201d e \u201cS\u00fcdtirol\u201d. Gli utilizzatori di quelli non conformi sono stati contattati e invitati a sospenderne l\u2019impiego.<br \/>\nInoltre, considerata una maggiore presenza dello Speck Alto Adige IGP su internet e dei relativi controlli sul marchio, il Consorzio collabora da qualche tempo con l\u2019azienda Griffeshield, il cui algoritmo automatico consente il monitoraggio delle piattaforme di e-commerce in tutto il mondo per la verifica della corretta denominazione Speck Alto Adige IGP e del marchio protetto, nonch\u00e9 per l\u2019eventuale sanzionamento.<\/p>\n","protected":false},"excerpt":{"rendered":"<p>Il 2023 tra qualit\u00e0, salvaguardia e innovazione: tutti i numeri dello Speck Alto Adige IGP. Nel 2023, lo Speck Alto Adige IGP si conferma uno dei salumi pi\u00f9 esportati in [&hellip;]<\/p>\n","protected":false},"author":5,"featured_media":4432,"comment_status":"closed","ping_status":"closed","sticky":false,"template":"","format":"standard","meta":{"_acf_changed":false,"footnotes":""},"categories":[1],"tags":[],"class_list":["post-4431","post","type-post","status-publish","format-standard","has-post-thumbnail","hentry","category-news"],"acf":[],"yoast_head":"<!-- This site is optimized with the Yoast SEO plugin v24.8.1 - https:\/\/yoast.com\/wordpress\/plugins\/seo\/ -->\n<title>Salumi Italia - SPECK ALTO ADIGE IGP. UN 2023 ALL\u2019INSEGNA DELLA QUALIT\u00c0, SALVAGUARDIA E INNOVAZIONE<\/title>\n<meta name=\"robots\" content=\"index, follow, max-snippet:-1, max-image-preview:large, max-video-preview:-1\" \/>\n<link rel=\"canonical\" href=\"https:\/\/salumitalia.it\/news\/speck-alto-adige-igp-un-2023-allinsegna-della-qualita-salvaguardia-e-innovazione\/\" \/>\n<meta property=\"og:locale\" content=\"en_US\" \/>\n<meta property=\"og:type\" content=\"article\" \/>\n<meta property=\"og:title\" content=\"Salumi Italia - SPECK ALTO ADIGE IGP. UN 2023 ALL\u2019INSEGNA DELLA QUALIT\u00c0, SALVAGUARDIA E INNOVAZIONE\" \/>\n<meta property=\"og:description\" content=\"Il 2023 tra qualit\u00e0, salvaguardia e innovazione: tutti i numeri dello Speck Alto Adige IGP. Nel 2023, lo Speck Alto Adige IGP si conferma uno dei salumi pi\u00f9 esportati in [&hellip;]\" \/>\n<meta property=\"og:url\" content=\"https:\/\/salumitalia.it\/news\/speck-alto-adige-igp-un-2023-allinsegna-della-qualita-salvaguardia-e-innovazione\/\" \/>\n<meta property=\"og:site_name\" content=\"Salumi Italia\" \/>\n<meta property=\"article:published_time\" content=\"2024-02-27T14:56:58+00:00\" \/>\n<meta property=\"article:modified_time\" content=\"2024-02-27T15:23:19+00:00\" \/>\n<meta property=\"og:image\" content=\"https:\/\/salumitalia.it\/wp-content\/uploads\/2024\/02\/speck.jpg\" \/>\n\t<meta property=\"og:image:width\" content=\"1181\" \/>\n\t<meta property=\"og:image:height\" content=\"1181\" \/>\n\t<meta property=\"og:image:type\" content=\"image\/jpeg\" \/>\n<meta name=\"author\" content=\"Stefano Parisi\" \/>\n<meta name=\"twitter:card\" content=\"summary_large_image\" \/>\n<meta name=\"twitter:label1\" content=\"Written by\" \/>\n\t<meta name=\"twitter:data1\" content=\"Stefano Parisi\" \/>\n\t<meta name=\"twitter:label2\" content=\"Est. reading time\" \/>\n\t<meta name=\"twitter:data2\" content=\"7 minutes\" \/>\n<script type=\"application\/ld+json\" class=\"yoast-schema-graph\">{\"@context\":\"https:\/\/schema.org\",\"@graph\":[{\"@type\":\"WebPage\",\"@id\":\"https:\/\/salumitalia.it\/news\/speck-alto-adige-igp-un-2023-allinsegna-della-qualita-salvaguardia-e-innovazione\/\",\"url\":\"https:\/\/salumitalia.it\/news\/speck-alto-adige-igp-un-2023-allinsegna-della-qualita-salvaguardia-e-innovazione\/\",\"name\":\"Salumi Italia - SPECK ALTO ADIGE IGP. UN 2023 ALL\u2019INSEGNA DELLA QUALIT\u00c0, SALVAGUARDIA E INNOVAZIONE\",\"isPartOf\":{\"@id\":\"https:\/\/salumitalia.it\/#website\"},\"primaryImageOfPage\":{\"@id\":\"https:\/\/salumitalia.it\/news\/speck-alto-adige-igp-un-2023-allinsegna-della-qualita-salvaguardia-e-innovazione\/#primaryimage\"},\"image\":{\"@id\":\"https:\/\/salumitalia.it\/news\/speck-alto-adige-igp-un-2023-allinsegna-della-qualita-salvaguardia-e-innovazione\/#primaryimage\"},\"thumbnailUrl\":\"https:\/\/salumitalia.it\/wp-content\/uploads\/2024\/02\/speck.jpg\",\"datePublished\":\"2024-02-27T14:56:58+00:00\",\"dateModified\":\"2024-02-27T15:23:19+00:00\",\"author\":{\"@id\":\"https:\/\/salumitalia.it\/#\/schema\/person\/97fc7518eb94af827f7984af0598ae06\"},\"breadcrumb\":{\"@id\":\"https:\/\/salumitalia.it\/news\/speck-alto-adige-igp-un-2023-allinsegna-della-qualita-salvaguardia-e-innovazione\/#breadcrumb\"},\"inLanguage\":\"en-US\",\"potentialAction\":[{\"@type\":\"ReadAction\",\"target\":[\"https:\/\/salumitalia.it\/news\/speck-alto-adige-igp-un-2023-allinsegna-della-qualita-salvaguardia-e-innovazione\/\"]}]},{\"@type\":\"ImageObject\",\"inLanguage\":\"en-US\",\"@id\":\"https:\/\/salumitalia.it\/news\/speck-alto-adige-igp-un-2023-allinsegna-della-qualita-salvaguardia-e-innovazione\/#primaryimage\",\"url\":\"https:\/\/salumitalia.it\/wp-content\/uploads\/2024\/02\/speck.jpg\",\"contentUrl\":\"https:\/\/salumitalia.it\/wp-content\/uploads\/2024\/02\/speck.jpg\",\"width\":1181,\"height\":1181},{\"@type\":\"BreadcrumbList\",\"@id\":\"https:\/\/salumitalia.it\/news\/speck-alto-adige-igp-un-2023-allinsegna-della-qualita-salvaguardia-e-innovazione\/#breadcrumb\",\"itemListElement\":[{\"@type\":\"ListItem\",\"position\":1,\"name\":\"Home\",\"item\":\"https:\/\/salumitalia.it\/en\/\"},{\"@type\":\"ListItem\",\"position\":2,\"name\":\"SPECK ALTO ADIGE IGP. UN 2023 ALL\u2019INSEGNA DELLA QUALIT\u00c0, SALVAGUARDIA E INNOVAZIONE\"}]},{\"@type\":\"WebSite\",\"@id\":\"https:\/\/salumitalia.it\/#website\",\"url\":\"https:\/\/salumitalia.it\/\",\"name\":\"Salumi Italia\",\"description\":\"\",\"potentialAction\":[{\"@type\":\"SearchAction\",\"target\":{\"@type\":\"EntryPoint\",\"urlTemplate\":\"https:\/\/salumitalia.it\/?s={search_term_string}\"},\"query-input\":{\"@type\":\"PropertyValueSpecification\",\"valueRequired\":true,\"valueName\":\"search_term_string\"}}],\"inLanguage\":\"en-US\"},{\"@type\":\"Person\",\"@id\":\"https:\/\/salumitalia.it\/#\/schema\/person\/97fc7518eb94af827f7984af0598ae06\",\"name\":\"Stefano Parisi\",\"image\":{\"@type\":\"ImageObject\",\"inLanguage\":\"en-US\",\"@id\":\"https:\/\/salumitalia.it\/#\/schema\/person\/image\/\",\"url\":\"https:\/\/secure.gravatar.com\/avatar\/8d04f5816680fb9894ef6d8bd1dda235bb15aaa30080ccd649226c646a556a0a?s=96&d=mm&r=g\",\"contentUrl\":\"https:\/\/secure.gravatar.com\/avatar\/8d04f5816680fb9894ef6d8bd1dda235bb15aaa30080ccd649226c646a556a0a?s=96&d=mm&r=g\",\"caption\":\"Stefano Parisi\"},\"url\":\"https:\/\/salumitalia.it\/en\/author\/parisiassica-it\/\"}]}<\/script>\n<!-- \/ Yoast SEO plugin. -->","yoast_head_json":{"title":"Salumi Italia - SPECK ALTO ADIGE IGP. UN 2023 ALL\u2019INSEGNA DELLA QUALIT\u00c0, SALVAGUARDIA E INNOVAZIONE","robots":{"index":"index","follow":"follow","max-snippet":"max-snippet:-1","max-image-preview":"max-image-preview:large","max-video-preview":"max-video-preview:-1"},"canonical":"https:\/\/salumitalia.it\/news\/speck-alto-adige-igp-un-2023-allinsegna-della-qualita-salvaguardia-e-innovazione\/","og_locale":"en_US","og_type":"article","og_title":"Salumi Italia - SPECK ALTO ADIGE IGP. UN 2023 ALL\u2019INSEGNA DELLA QUALIT\u00c0, SALVAGUARDIA E INNOVAZIONE","og_description":"Il 2023 tra qualit\u00e0, salvaguardia e innovazione: tutti i numeri dello Speck Alto Adige IGP. Nel 2023, lo Speck Alto Adige IGP si conferma uno dei salumi pi\u00f9 esportati in [&hellip;]","og_url":"https:\/\/salumitalia.it\/news\/speck-alto-adige-igp-un-2023-allinsegna-della-qualita-salvaguardia-e-innovazione\/","og_site_name":"Salumi Italia","article_published_time":"2024-02-27T14:56:58+00:00","article_modified_time":"2024-02-27T15:23:19+00:00","og_image":[{"width":1181,"height":1181,"url":"https:\/\/salumitalia.it\/wp-content\/uploads\/2024\/02\/speck.jpg","type":"image\/jpeg"}],"author":"Stefano Parisi","twitter_card":"summary_large_image","twitter_misc":{"Written by":"Stefano Parisi","Est. reading time":"7 minutes"},"schema":{"@context":"https:\/\/schema.org","@graph":[{"@type":"WebPage","@id":"https:\/\/salumitalia.it\/news\/speck-alto-adige-igp-un-2023-allinsegna-della-qualita-salvaguardia-e-innovazione\/","url":"https:\/\/salumitalia.it\/news\/speck-alto-adige-igp-un-2023-allinsegna-della-qualita-salvaguardia-e-innovazione\/","name":"Salumi Italia - SPECK ALTO ADIGE IGP. UN 2023 ALL\u2019INSEGNA DELLA QUALIT\u00c0, SALVAGUARDIA E INNOVAZIONE","isPartOf":{"@id":"https:\/\/salumitalia.it\/#website"},"primaryImageOfPage":{"@id":"https:\/\/salumitalia.it\/news\/speck-alto-adige-igp-un-2023-allinsegna-della-qualita-salvaguardia-e-innovazione\/#primaryimage"},"image":{"@id":"https:\/\/salumitalia.it\/news\/speck-alto-adige-igp-un-2023-allinsegna-della-qualita-salvaguardia-e-innovazione\/#primaryimage"},"thumbnailUrl":"https:\/\/salumitalia.it\/wp-content\/uploads\/2024\/02\/speck.jpg","datePublished":"2024-02-27T14:56:58+00:00","dateModified":"2024-02-27T15:23:19+00:00","author":{"@id":"https:\/\/salumitalia.it\/#\/schema\/person\/97fc7518eb94af827f7984af0598ae06"},"breadcrumb":{"@id":"https:\/\/salumitalia.it\/news\/speck-alto-adige-igp-un-2023-allinsegna-della-qualita-salvaguardia-e-innovazione\/#breadcrumb"},"inLanguage":"en-US","potentialAction":[{"@type":"ReadAction","target":["https:\/\/salumitalia.it\/news\/speck-alto-adige-igp-un-2023-allinsegna-della-qualita-salvaguardia-e-innovazione\/"]}]},{"@type":"ImageObject","inLanguage":"en-US","@id":"https:\/\/salumitalia.it\/news\/speck-alto-adige-igp-un-2023-allinsegna-della-qualita-salvaguardia-e-innovazione\/#primaryimage","url":"https:\/\/salumitalia.it\/wp-content\/uploads\/2024\/02\/speck.jpg","contentUrl":"https:\/\/salumitalia.it\/wp-content\/uploads\/2024\/02\/speck.jpg","width":1181,"height":1181},{"@type":"BreadcrumbList","@id":"https:\/\/salumitalia.it\/news\/speck-alto-adige-igp-un-2023-allinsegna-della-qualita-salvaguardia-e-innovazione\/#breadcrumb","itemListElement":[{"@type":"ListItem","position":1,"name":"Home","item":"https:\/\/salumitalia.it\/en\/"},{"@type":"ListItem","position":2,"name":"SPECK ALTO ADIGE IGP. UN 2023 ALL\u2019INSEGNA DELLA QUALIT\u00c0, SALVAGUARDIA E INNOVAZIONE"}]},{"@type":"WebSite","@id":"https:\/\/salumitalia.it\/#website","url":"https:\/\/salumitalia.it\/","name":"Salumi Italia","description":"","potentialAction":[{"@type":"SearchAction","target":{"@type":"EntryPoint","urlTemplate":"https:\/\/salumitalia.it\/?s={search_term_string}"},"query-input":{"@type":"PropertyValueSpecification","valueRequired":true,"valueName":"search_term_string"}}],"inLanguage":"en-US"},{"@type":"Person","@id":"https:\/\/salumitalia.it\/#\/schema\/person\/97fc7518eb94af827f7984af0598ae06","name":"Stefano Parisi","image":{"@type":"ImageObject","inLanguage":"en-US","@id":"https:\/\/salumitalia.it\/#\/schema\/person\/image\/","url":"https:\/\/secure.gravatar.com\/avatar\/8d04f5816680fb9894ef6d8bd1dda235bb15aaa30080ccd649226c646a556a0a?s=96&d=mm&r=g","contentUrl":"https:\/\/secure.gravatar.com\/avatar\/8d04f5816680fb9894ef6d8bd1dda235bb15aaa30080ccd649226c646a556a0a?s=96&d=mm&r=g","caption":"Stefano Parisi"},"url":"https:\/\/salumitalia.it\/en\/author\/parisiassica-it\/"}]}},"_links":{"self":[{"href":"https:\/\/salumitalia.it\/en\/wp-json\/wp\/v2\/posts\/4431","targetHints":{"allow":["GET"]}}],"collection":[{"href":"https:\/\/salumitalia.it\/en\/wp-json\/wp\/v2\/posts"}],"about":[{"href":"https:\/\/salumitalia.it\/en\/wp-json\/wp\/v2\/types\/post"}],"author":[{"embeddable":true,"href":"https:\/\/salumitalia.it\/en\/wp-json\/wp\/v2\/users\/5"}],"replies":[{"embeddable":true,"href":"https:\/\/salumitalia.it\/en\/wp-json\/wp\/v2\/comments?post=4431"}],"version-history":[{"count":2,"href":"https:\/\/salumitalia.it\/en\/wp-json\/wp\/v2\/posts\/4431\/revisions"}],"predecessor-version":[{"id":4437,"href":"https:\/\/salumitalia.it\/en\/wp-json\/wp\/v2\/posts\/4431\/revisions\/4437"}],"wp:featuredmedia":[{"embeddable":true,"href":"https:\/\/salumitalia.it\/en\/wp-json\/wp\/v2\/media\/4432"}],"wp:attachment":[{"href":"https:\/\/salumitalia.it\/en\/wp-json\/wp\/v2\/media?parent=4431"}],"wp:term":[{"taxonomy":"category","embeddable":true,"href":"https:\/\/salumitalia.it\/en\/wp-json\/wp\/v2\/categories?post=4431"},{"taxonomy":"post_tag","embeddable":true,"href":"https:\/\/salumitalia.it\/en\/wp-json\/wp\/v2\/tags?post=4431"}],"curies":[{"name":"wp","href":"https:\/\/api.w.org\/{rel}","templated":true}]}}