{"id":4337,"date":"2024-01-23T15:52:18","date_gmt":"2024-01-23T14:52:18","guid":{"rendered":"https:\/\/www.isitsalumi.it\/?p=4337"},"modified":"2024-01-30T11:18:02","modified_gmt":"2024-01-30T10:18:02","slug":"bresaola-della-valtellina-igp-pronta-alluso-salva-energia-anti-spreco-salva-tempo","status":"publish","type":"post","link":"https:\/\/salumitalia.it\/en\/news\/bresaola-della-valtellina-igp-pronta-alluso-salva-energia-anti-spreco-salva-tempo\/","title":{"rendered":"BRESAOLA DELLA VALTELLINA IGP: PRONTA ALL&#8217;USO, SALVA ENERGIA, ANTI-SPRECO, SALVA TEMPO"},"content":{"rendered":"<p>La comodit\u00e0 d\u2019uso, la praticit\u00e0 e le innumerevoli occasioni di consumo\u00a0ne fanno un alimento dalle mille virt\u00f9.<\/p>\n<p><strong>La Bresaola della Valtellina IGP<\/strong> \u00e8 prodotto versatile, rapido e comodo che si adatta a pasti che richiedono poco tempo di preparazione, adattandosi perfettamente alle nuove abitudini culinarie degli italiani. Si sposa con moltissime ricette, dalle pi\u00f9 semplici e veloci alle pi\u00f9 complesse e ricercate,\u00a0da interpretare in modo tradizionale o creativo.<\/p>\n<p>La Bresaola della Valtellina IGP\u00a0si sposa, inoltre, con moltissime ricette, dalle pi\u00f9 semplici e veloci alle pi\u00f9 complesse e ricercate,\u00a0da interpretare in modo tradizionale o contemporaneo, con leggerezza, esotismo e sperimentazione.<\/p>\n<p><strong>Evitare\u00a0lo spreco alimentare \u00e8 una tematica che sta a cuore al 97% degli italiani\u00a0<\/strong>(Fonte: indagine Smartway e OpinionWay). Purtroppo per\u00f2 l\u201986% degli Italiani dichiara di sprecare cibo durante le festivit\u00e0, con il 37% che getta via oltre un quarto del cibo acquistato e 6 italiani su 10 affermano di acquistare pi\u00f9 cibo di quanto necessario (fonte:\u00a0<strong>Too Good To Go<\/strong>\u00a0e YouGov).<\/p>\n<p>La Bresaola della Valtellina IGPgrazie ai suoi plus di prodotto\u00a0<strong>\u00e8 un \u201csalva tutto\u201d.\u00a0<\/strong>\u00c8 la\u00a0<strong>paladina della praticit\u00e0 e del risparmio energetico<\/strong>, garantendo un\u00a0<strong>apporto nutrizionale bilanciato<\/strong>.\u00a0Adatta ad ogni portata del pasto, contribuisce ad azzerare gli sprechi e a portare in tavola allegria. E&#8217;\u00a0<strong>pronta all\u2019uso<\/strong>\u00a0e\u00a0<strong>salva energia<\/strong>\u00a0(gi\u00e0 pronta per essere gustata, non richiede alcuna cottura sui fornelli),\u00a0\u00e8\u00a0<strong>antispreco<\/strong>\u00a0(gi\u00e0 affettata \u00e8 priva di scarti e solo la confezione finisce nel cestino),\u00a0\u00e8\u00a0<strong>versatile e salva tempo\u00a0<\/strong>(si presta a tante ricette creative e invitanti e si pu\u00f2 abbinare a tanti cibi) ed ha un e\u00a0<strong>buon rapporto qualit\u00e0\/prezzo\u00a0<\/strong>(rispetto ad altri alimenti apparentemente pi\u00f9 accessibili, non ha scarti, non ha grasso ed \u00e8 fonte di proteine nobili).<\/p>\n<p><strong>La comodit\u00e0 d\u2019uso, la praticit\u00e0 e le innumerevoli occasioni di consumo<\/strong>\u00a0ne fanno un alimento dalle mille virt\u00f9: \u201c<em>La Bresaola della Valtellina IGP risponde alle tendenze attuali &#8211;\u00a0<\/em>commenta\u00a0<strong>Mauro Ferraresi, sociologo dei consumi dello IULM &#8211;\u00a0<\/strong><em>\u00e8 un prodotto versatile, rapido e comodo che si adatta a pasti che richiedono poco tempo di preparazione, adattandosi perfettamente alle nuove abitudini culinarie degli italiani. Oltre alla praticit\u00e0 in cucina, offre ulteriori plus: una volta tolto il budello \u00e8 priva di scarti, il che contribuisce a ridurre gli sprechi alimentari. Infatti, del prodotto gi\u00e0 affettato che acquistiamo, solo l\u2019involucro esterno finisce nel cestino\u201d.<\/em><\/p>\n<p><strong>La Bresaola della Valtellina IGP<\/strong>\u00a0si sposa, inoltre, con moltissime ricette, dalle pi\u00f9 semplici e veloci alle pi\u00f9 complesse e ricercate,\u00a0da interpretare in modo tradizionale o contemporaneo, con leggerezza, esotismo e sperimentazione<\/p>\n<p>&nbsp;<\/p>\n<p><a href=\"https:\/\/www.bresaolavaltellina.it\/ricette\/\">Scopri le ricette\u00a0<\/a><\/p>\n<p>&nbsp;<\/p>\n","protected":false},"excerpt":{"rendered":"<p>La comodit\u00e0 d\u2019uso, la praticit\u00e0 e le innumerevoli occasioni di consumo\u00a0ne fanno un alimento dalle mille virt\u00f9. La Bresaola della Valtellina IGP \u00e8 prodotto versatile, rapido e comodo che si [&hellip;]<\/p>\n","protected":false},"author":5,"featured_media":4373,"comment_status":"closed","ping_status":"closed","sticky":false,"template":"","format":"standard","meta":{"_acf_changed":false,"footnotes":""},"categories":[1],"tags":[],"class_list":["post-4337","post","type-post","status-publish","format-standard","has-post-thumbnail","hentry","category-news"],"acf":[],"yoast_head":"<!-- This site is optimized with the Yoast SEO plugin v24.8.1 - https:\/\/yoast.com\/wordpress\/plugins\/seo\/ -->\n<title>Salumi Italia - BRESAOLA DELLA VALTELLINA IGP: PRONTA ALL&#039;USO, SALVA ENERGIA, ANTI-SPRECO, SALVA TEMPO<\/title>\n<meta name=\"robots\" content=\"index, follow, max-snippet:-1, max-image-preview:large, max-video-preview:-1\" \/>\n<link rel=\"canonical\" href=\"https:\/\/salumitalia.it\/news\/bresaola-della-valtellina-igp-pronta-alluso-salva-energia-anti-spreco-salva-tempo\/\" \/>\n<meta property=\"og:locale\" content=\"en_US\" \/>\n<meta property=\"og:type\" content=\"article\" \/>\n<meta property=\"og:title\" content=\"Salumi Italia - BRESAOLA DELLA VALTELLINA IGP: PRONTA ALL&#039;USO, SALVA ENERGIA, ANTI-SPRECO, SALVA TEMPO\" \/>\n<meta property=\"og:description\" content=\"La comodit\u00e0 d\u2019uso, la praticit\u00e0 e le innumerevoli occasioni di consumo\u00a0ne fanno un alimento dalle mille virt\u00f9. La Bresaola della Valtellina IGP \u00e8 prodotto versatile, rapido e comodo che si [&hellip;]\" \/>\n<meta property=\"og:url\" content=\"https:\/\/salumitalia.it\/news\/bresaola-della-valtellina-igp-pronta-alluso-salva-energia-anti-spreco-salva-tempo\/\" \/>\n<meta property=\"og:site_name\" content=\"Salumi Italia\" \/>\n<meta property=\"article:published_time\" content=\"2024-01-23T14:52:18+00:00\" \/>\n<meta property=\"article:modified_time\" content=\"2024-01-30T10:18:02+00:00\" \/>\n<meta property=\"og:image\" content=\"https:\/\/salumitalia.it\/wp-content\/uploads\/2024\/01\/BRESAOLA_gennaio.jpg\" \/>\n\t<meta property=\"og:image:width\" content=\"1181\" \/>\n\t<meta property=\"og:image:height\" content=\"1181\" \/>\n\t<meta property=\"og:image:type\" content=\"image\/jpeg\" \/>\n<meta name=\"author\" content=\"Stefano Parisi\" \/>\n<meta name=\"twitter:card\" content=\"summary_large_image\" \/>\n<meta name=\"twitter:label1\" content=\"Written by\" \/>\n\t<meta name=\"twitter:data1\" content=\"Stefano Parisi\" \/>\n\t<meta name=\"twitter:label2\" content=\"Est. reading time\" \/>\n\t<meta name=\"twitter:data2\" content=\"3 minutes\" \/>\n<script type=\"application\/ld+json\" class=\"yoast-schema-graph\">{\"@context\":\"https:\/\/schema.org\",\"@graph\":[{\"@type\":\"WebPage\",\"@id\":\"https:\/\/salumitalia.it\/news\/bresaola-della-valtellina-igp-pronta-alluso-salva-energia-anti-spreco-salva-tempo\/\",\"url\":\"https:\/\/salumitalia.it\/news\/bresaola-della-valtellina-igp-pronta-alluso-salva-energia-anti-spreco-salva-tempo\/\",\"name\":\"Salumi Italia - BRESAOLA DELLA VALTELLINA IGP: PRONTA ALL'USO, SALVA ENERGIA, ANTI-SPRECO, SALVA TEMPO\",\"isPartOf\":{\"@id\":\"https:\/\/salumitalia.it\/#website\"},\"primaryImageOfPage\":{\"@id\":\"https:\/\/salumitalia.it\/news\/bresaola-della-valtellina-igp-pronta-alluso-salva-energia-anti-spreco-salva-tempo\/#primaryimage\"},\"image\":{\"@id\":\"https:\/\/salumitalia.it\/news\/bresaola-della-valtellina-igp-pronta-alluso-salva-energia-anti-spreco-salva-tempo\/#primaryimage\"},\"thumbnailUrl\":\"https:\/\/salumitalia.it\/wp-content\/uploads\/2024\/01\/BRESAOLA_gennaio.jpg\",\"datePublished\":\"2024-01-23T14:52:18+00:00\",\"dateModified\":\"2024-01-30T10:18:02+00:00\",\"author\":{\"@id\":\"https:\/\/salumitalia.it\/#\/schema\/person\/97fc7518eb94af827f7984af0598ae06\"},\"breadcrumb\":{\"@id\":\"https:\/\/salumitalia.it\/news\/bresaola-della-valtellina-igp-pronta-alluso-salva-energia-anti-spreco-salva-tempo\/#breadcrumb\"},\"inLanguage\":\"en-US\",\"potentialAction\":[{\"@type\":\"ReadAction\",\"target\":[\"https:\/\/salumitalia.it\/news\/bresaola-della-valtellina-igp-pronta-alluso-salva-energia-anti-spreco-salva-tempo\/\"]}]},{\"@type\":\"ImageObject\",\"inLanguage\":\"en-US\",\"@id\":\"https:\/\/salumitalia.it\/news\/bresaola-della-valtellina-igp-pronta-alluso-salva-energia-anti-spreco-salva-tempo\/#primaryimage\",\"url\":\"https:\/\/salumitalia.it\/wp-content\/uploads\/2024\/01\/BRESAOLA_gennaio.jpg\",\"contentUrl\":\"https:\/\/salumitalia.it\/wp-content\/uploads\/2024\/01\/BRESAOLA_gennaio.jpg\",\"width\":1181,\"height\":1181},{\"@type\":\"BreadcrumbList\",\"@id\":\"https:\/\/salumitalia.it\/news\/bresaola-della-valtellina-igp-pronta-alluso-salva-energia-anti-spreco-salva-tempo\/#breadcrumb\",\"itemListElement\":[{\"@type\":\"ListItem\",\"position\":1,\"name\":\"Home\",\"item\":\"https:\/\/salumitalia.it\/en\/\"},{\"@type\":\"ListItem\",\"position\":2,\"name\":\"BRESAOLA DELLA VALTELLINA IGP: PRONTA ALL&#8217;USO, SALVA ENERGIA, ANTI-SPRECO, SALVA TEMPO\"}]},{\"@type\":\"WebSite\",\"@id\":\"https:\/\/salumitalia.it\/#website\",\"url\":\"https:\/\/salumitalia.it\/\",\"name\":\"Salumi Italia\",\"description\":\"\",\"potentialAction\":[{\"@type\":\"SearchAction\",\"target\":{\"@type\":\"EntryPoint\",\"urlTemplate\":\"https:\/\/salumitalia.it\/?s={search_term_string}\"},\"query-input\":{\"@type\":\"PropertyValueSpecification\",\"valueRequired\":true,\"valueName\":\"search_term_string\"}}],\"inLanguage\":\"en-US\"},{\"@type\":\"Person\",\"@id\":\"https:\/\/salumitalia.it\/#\/schema\/person\/97fc7518eb94af827f7984af0598ae06\",\"name\":\"Stefano Parisi\",\"image\":{\"@type\":\"ImageObject\",\"inLanguage\":\"en-US\",\"@id\":\"https:\/\/salumitalia.it\/#\/schema\/person\/image\/\",\"url\":\"https:\/\/secure.gravatar.com\/avatar\/8d04f5816680fb9894ef6d8bd1dda235bb15aaa30080ccd649226c646a556a0a?s=96&d=mm&r=g\",\"contentUrl\":\"https:\/\/secure.gravatar.com\/avatar\/8d04f5816680fb9894ef6d8bd1dda235bb15aaa30080ccd649226c646a556a0a?s=96&d=mm&r=g\",\"caption\":\"Stefano Parisi\"},\"url\":\"https:\/\/salumitalia.it\/en\/author\/parisiassica-it\/\"}]}<\/script>\n<!-- \/ Yoast SEO plugin. -->","yoast_head_json":{"title":"Salumi Italia - BRESAOLA DELLA VALTELLINA IGP: PRONTA ALL'USO, SALVA ENERGIA, ANTI-SPRECO, SALVA TEMPO","robots":{"index":"index","follow":"follow","max-snippet":"max-snippet:-1","max-image-preview":"max-image-preview:large","max-video-preview":"max-video-preview:-1"},"canonical":"https:\/\/salumitalia.it\/news\/bresaola-della-valtellina-igp-pronta-alluso-salva-energia-anti-spreco-salva-tempo\/","og_locale":"en_US","og_type":"article","og_title":"Salumi Italia - BRESAOLA DELLA VALTELLINA IGP: PRONTA ALL'USO, SALVA ENERGIA, ANTI-SPRECO, SALVA TEMPO","og_description":"La comodit\u00e0 d\u2019uso, la praticit\u00e0 e le innumerevoli occasioni di consumo\u00a0ne fanno un alimento dalle mille virt\u00f9. La Bresaola della Valtellina IGP \u00e8 prodotto versatile, rapido e comodo che si [&hellip;]","og_url":"https:\/\/salumitalia.it\/news\/bresaola-della-valtellina-igp-pronta-alluso-salva-energia-anti-spreco-salva-tempo\/","og_site_name":"Salumi Italia","article_published_time":"2024-01-23T14:52:18+00:00","article_modified_time":"2024-01-30T10:18:02+00:00","og_image":[{"width":1181,"height":1181,"url":"https:\/\/salumitalia.it\/wp-content\/uploads\/2024\/01\/BRESAOLA_gennaio.jpg","type":"image\/jpeg"}],"author":"Stefano Parisi","twitter_card":"summary_large_image","twitter_misc":{"Written by":"Stefano Parisi","Est. reading time":"3 minutes"},"schema":{"@context":"https:\/\/schema.org","@graph":[{"@type":"WebPage","@id":"https:\/\/salumitalia.it\/news\/bresaola-della-valtellina-igp-pronta-alluso-salva-energia-anti-spreco-salva-tempo\/","url":"https:\/\/salumitalia.it\/news\/bresaola-della-valtellina-igp-pronta-alluso-salva-energia-anti-spreco-salva-tempo\/","name":"Salumi Italia - BRESAOLA DELLA VALTELLINA IGP: PRONTA ALL'USO, SALVA ENERGIA, ANTI-SPRECO, SALVA TEMPO","isPartOf":{"@id":"https:\/\/salumitalia.it\/#website"},"primaryImageOfPage":{"@id":"https:\/\/salumitalia.it\/news\/bresaola-della-valtellina-igp-pronta-alluso-salva-energia-anti-spreco-salva-tempo\/#primaryimage"},"image":{"@id":"https:\/\/salumitalia.it\/news\/bresaola-della-valtellina-igp-pronta-alluso-salva-energia-anti-spreco-salva-tempo\/#primaryimage"},"thumbnailUrl":"https:\/\/salumitalia.it\/wp-content\/uploads\/2024\/01\/BRESAOLA_gennaio.jpg","datePublished":"2024-01-23T14:52:18+00:00","dateModified":"2024-01-30T10:18:02+00:00","author":{"@id":"https:\/\/salumitalia.it\/#\/schema\/person\/97fc7518eb94af827f7984af0598ae06"},"breadcrumb":{"@id":"https:\/\/salumitalia.it\/news\/bresaola-della-valtellina-igp-pronta-alluso-salva-energia-anti-spreco-salva-tempo\/#breadcrumb"},"inLanguage":"en-US","potentialAction":[{"@type":"ReadAction","target":["https:\/\/salumitalia.it\/news\/bresaola-della-valtellina-igp-pronta-alluso-salva-energia-anti-spreco-salva-tempo\/"]}]},{"@type":"ImageObject","inLanguage":"en-US","@id":"https:\/\/salumitalia.it\/news\/bresaola-della-valtellina-igp-pronta-alluso-salva-energia-anti-spreco-salva-tempo\/#primaryimage","url":"https:\/\/salumitalia.it\/wp-content\/uploads\/2024\/01\/BRESAOLA_gennaio.jpg","contentUrl":"https:\/\/salumitalia.it\/wp-content\/uploads\/2024\/01\/BRESAOLA_gennaio.jpg","width":1181,"height":1181},{"@type":"BreadcrumbList","@id":"https:\/\/salumitalia.it\/news\/bresaola-della-valtellina-igp-pronta-alluso-salva-energia-anti-spreco-salva-tempo\/#breadcrumb","itemListElement":[{"@type":"ListItem","position":1,"name":"Home","item":"https:\/\/salumitalia.it\/en\/"},{"@type":"ListItem","position":2,"name":"BRESAOLA DELLA VALTELLINA IGP: PRONTA ALL&#8217;USO, SALVA ENERGIA, ANTI-SPRECO, SALVA TEMPO"}]},{"@type":"WebSite","@id":"https:\/\/salumitalia.it\/#website","url":"https:\/\/salumitalia.it\/","name":"Salumi Italia","description":"","potentialAction":[{"@type":"SearchAction","target":{"@type":"EntryPoint","urlTemplate":"https:\/\/salumitalia.it\/?s={search_term_string}"},"query-input":{"@type":"PropertyValueSpecification","valueRequired":true,"valueName":"search_term_string"}}],"inLanguage":"en-US"},{"@type":"Person","@id":"https:\/\/salumitalia.it\/#\/schema\/person\/97fc7518eb94af827f7984af0598ae06","name":"Stefano Parisi","image":{"@type":"ImageObject","inLanguage":"en-US","@id":"https:\/\/salumitalia.it\/#\/schema\/person\/image\/","url":"https:\/\/secure.gravatar.com\/avatar\/8d04f5816680fb9894ef6d8bd1dda235bb15aaa30080ccd649226c646a556a0a?s=96&d=mm&r=g","contentUrl":"https:\/\/secure.gravatar.com\/avatar\/8d04f5816680fb9894ef6d8bd1dda235bb15aaa30080ccd649226c646a556a0a?s=96&d=mm&r=g","caption":"Stefano Parisi"},"url":"https:\/\/salumitalia.it\/en\/author\/parisiassica-it\/"}]}},"_links":{"self":[{"href":"https:\/\/salumitalia.it\/en\/wp-json\/wp\/v2\/posts\/4337","targetHints":{"allow":["GET"]}}],"collection":[{"href":"https:\/\/salumitalia.it\/en\/wp-json\/wp\/v2\/posts"}],"about":[{"href":"https:\/\/salumitalia.it\/en\/wp-json\/wp\/v2\/types\/post"}],"author":[{"embeddable":true,"href":"https:\/\/salumitalia.it\/en\/wp-json\/wp\/v2\/users\/5"}],"replies":[{"embeddable":true,"href":"https:\/\/salumitalia.it\/en\/wp-json\/wp\/v2\/comments?post=4337"}],"version-history":[{"count":3,"href":"https:\/\/salumitalia.it\/en\/wp-json\/wp\/v2\/posts\/4337\/revisions"}],"predecessor-version":[{"id":4384,"href":"https:\/\/salumitalia.it\/en\/wp-json\/wp\/v2\/posts\/4337\/revisions\/4384"}],"wp:featuredmedia":[{"embeddable":true,"href":"https:\/\/salumitalia.it\/en\/wp-json\/wp\/v2\/media\/4373"}],"wp:attachment":[{"href":"https:\/\/salumitalia.it\/en\/wp-json\/wp\/v2\/media?parent=4337"}],"wp:term":[{"taxonomy":"category","embeddable":true,"href":"https:\/\/salumitalia.it\/en\/wp-json\/wp\/v2\/categories?post=4337"},{"taxonomy":"post_tag","embeddable":true,"href":"https:\/\/salumitalia.it\/en\/wp-json\/wp\/v2\/tags?post=4337"}],"curies":[{"name":"wp","href":"https:\/\/api.w.org\/{rel}","templated":true}]}}