{"id":4170,"date":"2023-09-20T15:16:24","date_gmt":"2023-09-20T13:16:24","guid":{"rendered":"https:\/\/www.isitsalumi.it\/?p=4170"},"modified":"2023-10-25T15:18:02","modified_gmt":"2023-10-25T13:18:02","slug":"consorzio-cacciatore-italiano-il-merenda-day","status":"publish","type":"post","link":"https:\/\/salumitalia.it\/en\/news\/consorzio-cacciatore-italiano-il-merenda-day\/","title":{"rendered":"CONSORZIO CACCIATORE ITALIANO: IL MERENDA DAY \u00a0"},"content":{"rendered":"<p>Che sia met\u00e0 mattina o met\u00e0 pomeriggio, \u00e8 sempre tempo di una pausa gustosa e rigenerante e quindi di un buon panino con il Salame Cacciatore Italiano!<\/p>\n<p>La merenda \u00e8 infatti un vero e proprio rito tutto italiano, amato da ciascuno di noi; un momento identitario dell\u2019alimentazione del nostro Paese e di quelli mediterranei che nel tempo si \u00e8 trasformato per i mutati stili di vita ed \u00e8 stato soggetto ad una significativa evoluzione.<\/p>\n<p>Sembra che l\u2019usanza di fare merenda si diffuse nell\u2019800, per \u201cpremiare\u201d e ritemprare i contadini che lavoravano nei campi per molte ore, poi con gli anni \u201950 e l\u2019inizio del boom economico, quando gran parte della popolazione inizi\u00f2 ad arricchire l\u2019alimentazione giornaliera con piccoli spuntini intermedi, la merenda divenne un rito dedicato ai bambini e si celebrava con la preparazione di golosi stuzzichini assemblati con prodotti del territorio.<\/p>\n<p>Ed \u00e8 proprio per discutere della sua evoluzione e per passare in rassegna le principali merende della tradizione, tra le quali non poteva mancare certo pane e salame, antico abbinamento dal buon equilibrio nutrizionale, ricarica energetica utile dopo compiti, salti e giochi, che il Consorzio Cacciatore Italiano ha deciso di celebrare la giornata ad essa dedicata. <\/p>\n<p>Nel giardino della suggestiva Cascina Cuccagna, cascina settecentesca nel cuore di Milano, personalit\u00e0 di spicco del mondo food e nutrizionisti esperti ci hanno rivelato e condiviso la formula della \u201cmerenda perfetta\u201d per trarne il massimo valore anche da un punto di vista nutrizionale. <\/p>\n<p>La formula per la merenda perfetta, ideata da Alex Sorini Revelli e Susanna Cutini, docenti di culture e politiche alimentari dell\u2019Universit\u00e0 San Raffaele Roma, si basa sul calcolo di 7 elementi chiave a cui vengono assegnati punteggi soggettivi tra 5 e 10 che danno come risultato finale l\u2019indice della merenda perfetta. <\/p>\n<p>Ecco quindi svelata la formula che ci permetter\u00e0 di calcolare l\u2019indice della nostra merenda perfetta:<\/p>\n<p>Biodiversit\u00e0+Semplicit\u00e0+Bellezza+Bont\u00e0+Tempo: Quantit\u00e0xConvivialit\u00e0 = MP<br \/>\nMP (*Risultato di riferimento fra 30 e 100)<\/p>\n<p>Stesso lato scientifico del tavolo per la Dott.ssa Evelina Flachi, nutrizionista esperta e specialista in Scienza dell\u2019Alimentazione, secondo cui l\u2019evoluzione del panino al salame \u00e8 frutto di adattamento ed innovazione dove la tradizione si mescola con l\u2019originalit\u00e0, il piacere e la genuinit\u00e0. Ad oggi, \u00e8 un\u2019icona del Made in Italy ancora apprezzato per la sua semplicit\u00e0, ma allo stesso tempo si presta ad infinite combinazioni di sapori e ingredienti, soddisfacendo i gusti di tutti e rappresentando un\u2019opzione nutriente ed equilibrata, da inserire nella variet\u00e0 delle nostre abitudini alimentari. <\/p>\n<p>La Dott.ssa Flachi ha regalato ai presenti un focus su alimentazione e infanzia, illustrando i benefici delle merende genuine e figlie del folclore, attente alla stagionalit\u00e0 delle materie prime e alla compresenza di proteine, vitamine e carboidrati. Meno grassi saturi e sale&#8230;ma ancora tutto il gusto di sempre! <\/p>\n<p>Si pu\u00f2 riassumere cos\u00ec l&#8217;evoluzione del Salame Cacciatore Italiano negli ultimi anni, che ha contribuito a confermarlo come protagonista della nostra quotidianit\u00e0, in quanto un panino con il salame rappresenta una vera e propria ricarica di nutrienti, garantendo anche l&#8217;apporto di tutti gli aminoacidi. Inoltre, la presenza di magnesio e potassio sottolinea il ruolo chiave di questo alimento prima e dopo l&#8217;attivit\u00e0 fisica, senza dimenticarci i carboidrati del pane, vera e propria energia immediata per l&#8217;organismo. <\/p>\n<p>A partire quindi dalla merenda dei nostri figli e fino alle necessit\u00e0 di noi adulti, il panino al salame rappresenta ancora oggi un momento di pausa golosa e sostanziosa, condita dalla convivialit\u00e0 e dalla qualit\u00e0. <\/p>\n<p> Dalla teoria\u2026all\u2019assaggio! Al termine dell\u2019evento, lo chef Nicola Cavallaro ha realizzato il \u201cPanino perfetto\u201d, seguendo le indicazioni nutrizionali della dott.ssa Evelina Flachi: panino integrale con Salame Cacciatore accompagnato da foglie di lattuga, che conferiscono croccantezza al morso, il tutto armonizzato da un hummus di ceci, che rappresenta la parte cremosa, dando gusto e armonia al panino, il cui risultato \u00e8 uno spuntino nutriente, completo e gustoso, che rispetta le regole nutrizionali e l\u2019abbinamento delle diverse consistenze.<\/p>\n<p><strong><a href=\"https:\/\/salumitalia.it\/wp-content\/uploads\/2023\/10\/OpuscoloMerendaDay-2.pdf\">Scarica l&#8217;opuscolo Merenda Day<\/a><\/strong><\/p>\n","protected":false},"excerpt":{"rendered":"<p>Che sia met\u00e0 mattina o met\u00e0 pomeriggio, \u00e8 sempre tempo di una pausa gustosa e rigenerante e quindi di un buon panino con il Salame Cacciatore Italiano! La merenda \u00e8 [&hellip;]<\/p>\n","protected":false},"author":5,"featured_media":4171,"comment_status":"closed","ping_status":"closed","sticky":false,"template":"","format":"standard","meta":{"_acf_changed":false,"footnotes":""},"categories":[1],"tags":[],"class_list":["post-4170","post","type-post","status-publish","format-standard","has-post-thumbnail","hentry","category-news"],"acf":[],"yoast_head":"<!-- This site is optimized with the Yoast SEO plugin v24.8.1 - https:\/\/yoast.com\/wordpress\/plugins\/seo\/ -->\n<title>Salumi Italia - CONSORZIO CACCIATORE ITALIANO: IL MERENDA DAY \u00a0<\/title>\n<meta name=\"robots\" content=\"index, follow, max-snippet:-1, max-image-preview:large, max-video-preview:-1\" \/>\n<link rel=\"canonical\" href=\"https:\/\/salumitalia.it\/news\/consorzio-cacciatore-italiano-il-merenda-day\/\" \/>\n<meta property=\"og:locale\" content=\"en_US\" \/>\n<meta property=\"og:type\" content=\"article\" \/>\n<meta property=\"og:title\" content=\"Salumi Italia - CONSORZIO CACCIATORE ITALIANO: IL MERENDA DAY \u00a0\" \/>\n<meta property=\"og:description\" content=\"Che sia met\u00e0 mattina o met\u00e0 pomeriggio, \u00e8 sempre tempo di una pausa gustosa e rigenerante e quindi di un buon panino con il Salame Cacciatore Italiano! La merenda \u00e8 [&hellip;]\" \/>\n<meta property=\"og:url\" content=\"https:\/\/salumitalia.it\/news\/consorzio-cacciatore-italiano-il-merenda-day\/\" \/>\n<meta property=\"og:site_name\" content=\"Salumi Italia\" \/>\n<meta property=\"article:published_time\" content=\"2023-09-20T13:16:24+00:00\" \/>\n<meta property=\"article:modified_time\" content=\"2023-10-25T13:18:02+00:00\" \/>\n<meta property=\"og:image\" content=\"https:\/\/salumitalia.it\/wp-content\/uploads\/2023\/10\/merenda-day.jpg\" \/>\n\t<meta property=\"og:image:width\" content=\"1181\" \/>\n\t<meta property=\"og:image:height\" content=\"1181\" \/>\n\t<meta property=\"og:image:type\" content=\"image\/jpeg\" \/>\n<meta name=\"author\" content=\"Stefano Parisi\" \/>\n<meta name=\"twitter:card\" content=\"summary_large_image\" \/>\n<meta name=\"twitter:label1\" content=\"Written by\" \/>\n\t<meta name=\"twitter:data1\" content=\"Stefano Parisi\" \/>\n\t<meta name=\"twitter:label2\" content=\"Est. reading time\" \/>\n\t<meta name=\"twitter:data2\" content=\"4 minutes\" \/>\n<script type=\"application\/ld+json\" class=\"yoast-schema-graph\">{\"@context\":\"https:\/\/schema.org\",\"@graph\":[{\"@type\":\"WebPage\",\"@id\":\"https:\/\/salumitalia.it\/news\/consorzio-cacciatore-italiano-il-merenda-day\/\",\"url\":\"https:\/\/salumitalia.it\/news\/consorzio-cacciatore-italiano-il-merenda-day\/\",\"name\":\"Salumi Italia - CONSORZIO CACCIATORE ITALIANO: IL MERENDA DAY \u00a0\",\"isPartOf\":{\"@id\":\"https:\/\/salumitalia.it\/#website\"},\"primaryImageOfPage\":{\"@id\":\"https:\/\/salumitalia.it\/news\/consorzio-cacciatore-italiano-il-merenda-day\/#primaryimage\"},\"image\":{\"@id\":\"https:\/\/salumitalia.it\/news\/consorzio-cacciatore-italiano-il-merenda-day\/#primaryimage\"},\"thumbnailUrl\":\"https:\/\/salumitalia.it\/wp-content\/uploads\/2023\/10\/merenda-day.jpg\",\"datePublished\":\"2023-09-20T13:16:24+00:00\",\"dateModified\":\"2023-10-25T13:18:02+00:00\",\"author\":{\"@id\":\"https:\/\/salumitalia.it\/#\/schema\/person\/97fc7518eb94af827f7984af0598ae06\"},\"breadcrumb\":{\"@id\":\"https:\/\/salumitalia.it\/news\/consorzio-cacciatore-italiano-il-merenda-day\/#breadcrumb\"},\"inLanguage\":\"en-US\",\"potentialAction\":[{\"@type\":\"ReadAction\",\"target\":[\"https:\/\/salumitalia.it\/news\/consorzio-cacciatore-italiano-il-merenda-day\/\"]}]},{\"@type\":\"ImageObject\",\"inLanguage\":\"en-US\",\"@id\":\"https:\/\/salumitalia.it\/news\/consorzio-cacciatore-italiano-il-merenda-day\/#primaryimage\",\"url\":\"https:\/\/salumitalia.it\/wp-content\/uploads\/2023\/10\/merenda-day.jpg\",\"contentUrl\":\"https:\/\/salumitalia.it\/wp-content\/uploads\/2023\/10\/merenda-day.jpg\",\"width\":1181,\"height\":1181},{\"@type\":\"BreadcrumbList\",\"@id\":\"https:\/\/salumitalia.it\/news\/consorzio-cacciatore-italiano-il-merenda-day\/#breadcrumb\",\"itemListElement\":[{\"@type\":\"ListItem\",\"position\":1,\"name\":\"Home\",\"item\":\"https:\/\/salumitalia.it\/en\/\"},{\"@type\":\"ListItem\",\"position\":2,\"name\":\"CONSORZIO CACCIATORE ITALIANO: IL MERENDA DAY \u00a0\"}]},{\"@type\":\"WebSite\",\"@id\":\"https:\/\/salumitalia.it\/#website\",\"url\":\"https:\/\/salumitalia.it\/\",\"name\":\"Salumi Italia\",\"description\":\"\",\"potentialAction\":[{\"@type\":\"SearchAction\",\"target\":{\"@type\":\"EntryPoint\",\"urlTemplate\":\"https:\/\/salumitalia.it\/?s={search_term_string}\"},\"query-input\":{\"@type\":\"PropertyValueSpecification\",\"valueRequired\":true,\"valueName\":\"search_term_string\"}}],\"inLanguage\":\"en-US\"},{\"@type\":\"Person\",\"@id\":\"https:\/\/salumitalia.it\/#\/schema\/person\/97fc7518eb94af827f7984af0598ae06\",\"name\":\"Stefano Parisi\",\"image\":{\"@type\":\"ImageObject\",\"inLanguage\":\"en-US\",\"@id\":\"https:\/\/salumitalia.it\/#\/schema\/person\/image\/\",\"url\":\"https:\/\/secure.gravatar.com\/avatar\/8d04f5816680fb9894ef6d8bd1dda235bb15aaa30080ccd649226c646a556a0a?s=96&d=mm&r=g\",\"contentUrl\":\"https:\/\/secure.gravatar.com\/avatar\/8d04f5816680fb9894ef6d8bd1dda235bb15aaa30080ccd649226c646a556a0a?s=96&d=mm&r=g\",\"caption\":\"Stefano Parisi\"},\"url\":\"https:\/\/salumitalia.it\/en\/author\/parisiassica-it\/\"}]}<\/script>\n<!-- \/ Yoast SEO plugin. -->","yoast_head_json":{"title":"Salumi Italia - CONSORZIO CACCIATORE ITALIANO: IL MERENDA DAY \u00a0","robots":{"index":"index","follow":"follow","max-snippet":"max-snippet:-1","max-image-preview":"max-image-preview:large","max-video-preview":"max-video-preview:-1"},"canonical":"https:\/\/salumitalia.it\/news\/consorzio-cacciatore-italiano-il-merenda-day\/","og_locale":"en_US","og_type":"article","og_title":"Salumi Italia - CONSORZIO CACCIATORE ITALIANO: IL MERENDA DAY \u00a0","og_description":"Che sia met\u00e0 mattina o met\u00e0 pomeriggio, \u00e8 sempre tempo di una pausa gustosa e rigenerante e quindi di un buon panino con il Salame Cacciatore Italiano! La merenda \u00e8 [&hellip;]","og_url":"https:\/\/salumitalia.it\/news\/consorzio-cacciatore-italiano-il-merenda-day\/","og_site_name":"Salumi Italia","article_published_time":"2023-09-20T13:16:24+00:00","article_modified_time":"2023-10-25T13:18:02+00:00","og_image":[{"width":1181,"height":1181,"url":"https:\/\/salumitalia.it\/wp-content\/uploads\/2023\/10\/merenda-day.jpg","type":"image\/jpeg"}],"author":"Stefano Parisi","twitter_card":"summary_large_image","twitter_misc":{"Written by":"Stefano Parisi","Est. reading time":"4 minutes"},"schema":{"@context":"https:\/\/schema.org","@graph":[{"@type":"WebPage","@id":"https:\/\/salumitalia.it\/news\/consorzio-cacciatore-italiano-il-merenda-day\/","url":"https:\/\/salumitalia.it\/news\/consorzio-cacciatore-italiano-il-merenda-day\/","name":"Salumi Italia - CONSORZIO CACCIATORE ITALIANO: IL MERENDA DAY \u00a0","isPartOf":{"@id":"https:\/\/salumitalia.it\/#website"},"primaryImageOfPage":{"@id":"https:\/\/salumitalia.it\/news\/consorzio-cacciatore-italiano-il-merenda-day\/#primaryimage"},"image":{"@id":"https:\/\/salumitalia.it\/news\/consorzio-cacciatore-italiano-il-merenda-day\/#primaryimage"},"thumbnailUrl":"https:\/\/salumitalia.it\/wp-content\/uploads\/2023\/10\/merenda-day.jpg","datePublished":"2023-09-20T13:16:24+00:00","dateModified":"2023-10-25T13:18:02+00:00","author":{"@id":"https:\/\/salumitalia.it\/#\/schema\/person\/97fc7518eb94af827f7984af0598ae06"},"breadcrumb":{"@id":"https:\/\/salumitalia.it\/news\/consorzio-cacciatore-italiano-il-merenda-day\/#breadcrumb"},"inLanguage":"en-US","potentialAction":[{"@type":"ReadAction","target":["https:\/\/salumitalia.it\/news\/consorzio-cacciatore-italiano-il-merenda-day\/"]}]},{"@type":"ImageObject","inLanguage":"en-US","@id":"https:\/\/salumitalia.it\/news\/consorzio-cacciatore-italiano-il-merenda-day\/#primaryimage","url":"https:\/\/salumitalia.it\/wp-content\/uploads\/2023\/10\/merenda-day.jpg","contentUrl":"https:\/\/salumitalia.it\/wp-content\/uploads\/2023\/10\/merenda-day.jpg","width":1181,"height":1181},{"@type":"BreadcrumbList","@id":"https:\/\/salumitalia.it\/news\/consorzio-cacciatore-italiano-il-merenda-day\/#breadcrumb","itemListElement":[{"@type":"ListItem","position":1,"name":"Home","item":"https:\/\/salumitalia.it\/en\/"},{"@type":"ListItem","position":2,"name":"CONSORZIO CACCIATORE ITALIANO: IL MERENDA DAY \u00a0"}]},{"@type":"WebSite","@id":"https:\/\/salumitalia.it\/#website","url":"https:\/\/salumitalia.it\/","name":"Salumi Italia","description":"","potentialAction":[{"@type":"SearchAction","target":{"@type":"EntryPoint","urlTemplate":"https:\/\/salumitalia.it\/?s={search_term_string}"},"query-input":{"@type":"PropertyValueSpecification","valueRequired":true,"valueName":"search_term_string"}}],"inLanguage":"en-US"},{"@type":"Person","@id":"https:\/\/salumitalia.it\/#\/schema\/person\/97fc7518eb94af827f7984af0598ae06","name":"Stefano Parisi","image":{"@type":"ImageObject","inLanguage":"en-US","@id":"https:\/\/salumitalia.it\/#\/schema\/person\/image\/","url":"https:\/\/secure.gravatar.com\/avatar\/8d04f5816680fb9894ef6d8bd1dda235bb15aaa30080ccd649226c646a556a0a?s=96&d=mm&r=g","contentUrl":"https:\/\/secure.gravatar.com\/avatar\/8d04f5816680fb9894ef6d8bd1dda235bb15aaa30080ccd649226c646a556a0a?s=96&d=mm&r=g","caption":"Stefano Parisi"},"url":"https:\/\/salumitalia.it\/en\/author\/parisiassica-it\/"}]}},"_links":{"self":[{"href":"https:\/\/salumitalia.it\/en\/wp-json\/wp\/v2\/posts\/4170","targetHints":{"allow":["GET"]}}],"collection":[{"href":"https:\/\/salumitalia.it\/en\/wp-json\/wp\/v2\/posts"}],"about":[{"href":"https:\/\/salumitalia.it\/en\/wp-json\/wp\/v2\/types\/post"}],"author":[{"embeddable":true,"href":"https:\/\/salumitalia.it\/en\/wp-json\/wp\/v2\/users\/5"}],"replies":[{"embeddable":true,"href":"https:\/\/salumitalia.it\/en\/wp-json\/wp\/v2\/comments?post=4170"}],"version-history":[{"count":2,"href":"https:\/\/salumitalia.it\/en\/wp-json\/wp\/v2\/posts\/4170\/revisions"}],"predecessor-version":[{"id":4181,"href":"https:\/\/salumitalia.it\/en\/wp-json\/wp\/v2\/posts\/4170\/revisions\/4181"}],"wp:featuredmedia":[{"embeddable":true,"href":"https:\/\/salumitalia.it\/en\/wp-json\/wp\/v2\/media\/4171"}],"wp:attachment":[{"href":"https:\/\/salumitalia.it\/en\/wp-json\/wp\/v2\/media?parent=4170"}],"wp:term":[{"taxonomy":"category","embeddable":true,"href":"https:\/\/salumitalia.it\/en\/wp-json\/wp\/v2\/categories?post=4170"},{"taxonomy":"post_tag","embeddable":true,"href":"https:\/\/salumitalia.it\/en\/wp-json\/wp\/v2\/tags?post=4170"}],"curies":[{"name":"wp","href":"https:\/\/api.w.org\/{rel}","templated":true}]}}