{"id":7001,"date":"2025-11-24T12:53:54","date_gmt":"2025-11-24T11:53:54","guid":{"rendered":"https:\/\/salumitalia.it\/?p=7001"},"modified":"2025-12-01T15:39:18","modified_gmt":"2025-12-01T14:39:18","slug":"litalia-che-produce-rinasce-nei-territori-inaugurato-lampliamento-del-salumificio-gagliardi-allinsegna-dei-distretti-del-cibo","status":"publish","type":"post","link":"https:\/\/salumitalia.it\/de\/news\/litalia-che-produce-rinasce-nei-territori-inaugurato-lampliamento-del-salumificio-gagliardi-allinsegna-dei-distretti-del-cibo\/","title":{"rendered":"L\u2019ITALIA CHE PRODUCE RINASCE NEI TERRITORI: I MINISTRI LOLLOBRIGIDA E FOTI CELEBRANO GLI INVESTIMENTI NEL DISTRETTO DEL CIBO DEI SALUMI DOP PIACENTINI"},"content":{"rendered":"<p>Venerd\u00ec 22 novembre scorso \u00e8 stata un&#8217;importante giornata per l&#8217;agroalimentare italiano e per il territorio piacentino con l&#8217;inaugurazione dell&#8217;ampliamento del <strong>Salumificio Gagliardi<\/strong>. L\u2019evento ha rappresentato la prima, tangibile evidenza dell\u2019operativit\u00e0 e dei risultati concreti ottenuti grazie ai <strong>Distretti del Cibo<\/strong>, strumenti strategici per lo sviluppo delle filiere e dei territori.<\/p>\n<p>A tagliare il nastro, simbolo di un\u2019Italia che investe e guarda al futuro, sono stati il Ministro dell\u2019Agricoltura, della Sovranit\u00e0 Alimentare e delle Foreste, <strong>Francesco Lollobrigida<\/strong>, e il Ministro per gli Affari Europei, il PNRR e le Politiche di Coesione, <strong>Tommaso Foti<\/strong>. La presenza istituzionale di alto livello includeva anche il Presidente della Consulta Nazionale dei Distretti del Cibo, <strong>Angelo Barone<\/strong>, il Commissario Straordinario alla Peste Suina Africana, <strong>Giovanni Filippini<\/strong>, il Direttore Generale ISMEA, <strong>Sergio Marchi<\/strong>, e l\u2019Assessore all\u2019Agricoltura della Regione Emilia- Romagna, <strong>Alessio Mammi<\/strong>. Tanti gli invitati del settore, tra cui il Presidente di Assica, <strong>Lorenzo Beretta<\/strong>, e il Direttore di Salumitalia, <strong>Cristiano Loddo <\/strong>oltre alle Istituzioni locali il Sindaco di S. Giorgio Piacentino, il Prefetto di Piacenza Dott.ssa Patrizia Palmisani e il Questore di Piacenza Gianpaolo Bonafini e tanti rappresentanti di Distretti del Cibo arrivati da ogni parte del Paese.<\/p>\n<p><strong>Eccellenza produttiva e innovazione tecnologica<\/strong><\/p>\n<p>Dopo la cerimonia, il titolare Gagliardi ha accompagnato la delegazione in una visita approfondita ai nuovi reparti. L\u2019ampliamento \u00e8 parte integrante del progetto presentato dal <strong>Distretto del Cibo dei Salumi DOP Piacentini<\/strong> nell\u2019ambito del primo bando del Ministero dell\u2019Agricoltura.<\/p>\n<p>Il percorso ha toccato i nuovi locali dedicati alla lavorazione delle DOP Piacentine e l\u2019<strong>importante sala di affettamento<\/strong>, vero fiore all&#8217;occhiello per la tecnologia impiegata. A suscitare particolare ammirazione nel Ministro Lollobrigida sono state le <strong>cantine di stagionatura<\/strong>, descritte come &#8220;vere casseforti&#8221; del salumificio, dove migliaia di <strong>Coppe Piacentine, Salami Piacentini e Pancette Piacentine<\/strong> compiono il loro essenziale processo di maturazione.<\/p>\n<p><a href=\"https:\/\/salumitalia.it\/news\/litalia-che-produce-rinasce-nei-territori-inaugurato-lampliamento-del-salumificio-gagliardi-allinsegna-dei-distretti-del-cibo\/attachment\/foto_1-2\/\" rel=\"attachment wp-att-7002\"><img loading=\"lazy\" decoding=\"async\" class=\"aligncenter wp-image-7002 \" src=\"https:\/\/salumitalia.it\/wp-content\/uploads\/2025\/11\/Foto_1-1-300x202.jpg\" alt=\"\" width=\"407\" height=\"274\" srcset=\"https:\/\/salumitalia.it\/wp-content\/uploads\/2025\/11\/Foto_1-1-300x202.jpg 300w, https:\/\/salumitalia.it\/wp-content\/uploads\/2025\/11\/Foto_1-1.jpg 436w\" sizes=\"auto, (max-width: 407px) 100vw, 407px\" \/><\/a><\/p>\n<p><strong>Il valore socio-economico del Distretto DOP Piacentino<\/strong><\/p>\n<p>La visita allo stabilimento \u00e8 stata seguita dalla tavola rotonda dal titolo: <strong>\u201cSviluppo del Distretto del Cibo Salumi DOP Piacentini per la sostenibilit\u00e0 economica \u2013 ambientale della filiera e del territorio\u201d.<\/strong><\/p>\n<p>A condurre l\u2019incontro, <strong>Roberto Belli<\/strong>, Direttore del Consorzio di Tutela Salumi DOP Piacentini, che ha aperto il dibattito ricordando la figura di Gian Piero Gagliardi, fondatore e primo presidente del Consorzio nel 1971.<\/p>\n<p>Belli ha illustrato il mastodontico progetto del Distretto: un <strong>investimento totale di 14.700.000 euro<\/strong>, sostenuto dal MASAF con un contributo di 13.500.000 euro a favore dei <strong>13 beneficiari<\/strong> (otto salumifici e cinque aziende suinicole) e una prima <em>tranche<\/em> contributiva della Regione Emilia- Romagna di 300.000 euro.<\/p>\n<p>Il Direttore ha rimarcato il <strong>valore sociale cruciale<\/strong> di questa iniziativa, che per la prima volta fa dialogare e collaborare attivamente il comparto della trasformazione con quello della produzione, condividendo e comprendendo reciprocamente le rispettive problematiche. Questo modello virtuoso permette di affrontare congiuntamente temi come la <strong>giusta remunerazione<\/strong>, unito all\u2019impegno per un maggiore benessere animale, qualit\u00e0 delle carni e rispetto per l\u2019ambiente. La riprova di questa sinergia \u00e8 stata la condivisione del problema della Peste Suina Africana (PSA).<\/p>\n<p>&nbsp;<\/p>\n<p><a href=\"https:\/\/salumitalia.it\/news\/litalia-che-produce-rinasce-nei-territori-inaugurato-lampliamento-del-salumificio-gagliardi-allinsegna-dei-distretti-del-cibo\/attachment\/foto_2-2\/\" rel=\"attachment wp-att-7006\"><img loading=\"lazy\" decoding=\"async\" class=\"aligncenter wp-image-7006 \" src=\"https:\/\/salumitalia.it\/wp-content\/uploads\/2025\/11\/Foto_2-1-300x215.jpg\" alt=\"\" width=\"389\" height=\"279\" srcset=\"https:\/\/salumitalia.it\/wp-content\/uploads\/2025\/11\/Foto_2-1-300x215.jpg 300w, https:\/\/salumitalia.it\/wp-content\/uploads\/2025\/11\/Foto_2-1.jpg 390w\" sizes=\"auto, (max-width: 389px) 100vw, 389px\" \/><\/a><\/p>\n<p><strong>La voce delle Istituzioni<\/strong><\/p>\n<p>Il <strong>Ministro Lollobrigida<\/strong> ha esordito congratulandosi con la famiglia Gagliardi per l\u2019investimento, che ha portato alla creazione di nuovi posti di lavoro. <em>&#8220;Gli italiani, di fronte alle difficolt\u00e0, hanno l\u2019innata capacit\u00e0 di <strong>trasformare il problema in opportunit\u00e0<\/strong>,&#8221;<\/em> ha dichiarato il Ministro, sottolineando come anche di fronte alla PSA, la filiera abbia saputo alzare l\u2019asticella per la qualit\u00e0 dei salumi e per la sicurezza e l&#8217;ammodernamento degli allevamenti. Il Ministro ha poi ribadito il valore inestimabile della <strong>candidatura della cucina italiana a Patrimonio Culturale Immateriale dell\u2019Umanit\u00e0 UNESCO<\/strong>, un traguardo storico per tutte le produzioni nazionali.<\/p>\n<p><strong>Barone: La necessit\u00e0 di risorse per i Distretti<\/strong><\/p>\n<p><strong>Angelo Barone<\/strong>, Presidente della Consulta Nazionale dei Distretti del Cibo, ha confermato che la diffusione e il successo dei Distretti del cibo sono una realt\u00e0 non pi\u00f9 trascurabile su tutto il territorio nazionale. Ha lanciato un appello per trovare urgentemente le risorse, circa <strong>400 milioni di euro<\/strong>, necessarie per finanziare tutti i progetti presentati con il secondo bando, data la loro pronta realizzabilit\u00e0 e la capacit\u00e0 di arricchire i rispettivi territori. Con questa finalit\u00e0 ha chiesto di estendere, quali beneficiari, i criteri di applicazione del Fondo rotativo Contratti di filiera anche ai partecipanti al 2 bando contratti distretti del cibo di cui al decreto direttoriale n. 0678624 del 30.12.2024<\/p>\n<p><strong>Commissario Filippini: un passo avanti contro la PSA<\/strong><\/p>\n<p>Il <strong>Dott. Giovanni Filippini<\/strong> ha portato una notizia incoraggiante: <strong>dieci comuni del piacentino<\/strong> sono passati dalla zona tre alla zona due, un risultato frutto di un\u2019azione sinergica esemplare che ha coinvolto la USL locale e altri attori. &#8220;La ricerca delle carcasse \u00e8 fondamentale perch\u00e9 questo virus dura nelle ossa dei cinghiali colpiti oltre due anni,&#8221; ha spiegato il Commissario, paragonando il rischio di nuove infezioni a una <strong>spada di Damocle<\/strong>. Ha quindi ribadito l\u2019importanza di una biosicurezza sempre pi\u00f9 performante negli allevamenti, definendo i <strong>cacciatori e i cani molecolari come il nostro esercito<\/strong> nella lotta al virus.<\/p>\n<p>Il Direttore Generale <strong>Sergio Marchi (ISMEA)<\/strong> ha presentato dati rassicuranti sull\u2019andamento delle esportazioni e sulla gestione delle risorse destinate alla crescita dell&#8217;agricoltura italiana.<\/p>\n<p>Le conclusioni della giornata sono state affidate all\u2019Assessore all\u2019Agricoltura <strong>Alessio Mammi<\/strong>, il quale ha sottolineato che l\u2019Emilia-Romagna \u00e8 la regione con il maggior numero di prodotti tutelati \u2013 ben <strong>44<\/strong> \u2013 e ha annunciato l&#8217;arrivo del 45\u00b0 prodotto, l\u2019<em>Erbazzone<\/em>. Mammi ha lodato l&#8217;avvedutezza del Consorzio Salumi Piacentini nell&#8217;aver attivato per primo in regione un Distretto del Cibo cos\u00ec performante e ha assicurato l&#8217;impegno dell&#8217;Assessorato e della Regione a sostenere l&#8217;opera del Commissario Filippini per l&#8217;eradicazione definitiva della PSA nei territori piacentini.<\/p>\n<p>&nbsp;<\/p>\n","protected":false},"excerpt":{"rendered":"<p>Venerd\u00ec 22 novembre scorso \u00e8 stata un&#8217;importante giornata per l&#8217;agroalimentare italiano e per il territorio piacentino con l&#8217;inaugurazione dell&#8217;ampliamento del Salumificio Gagliardi. L\u2019evento ha rappresentato la prima, tangibile evidenza dell\u2019operativit\u00e0 [&hellip;]<\/p>\n","protected":false},"author":8,"featured_media":7010,"comment_status":"closed","ping_status":"closed","sticky":false,"template":"","format":"standard","meta":{"_acf_changed":false,"footnotes":""},"categories":[1],"tags":[],"class_list":["post-7001","post","type-post","status-publish","format-standard","has-post-thumbnail","hentry","category-news"],"acf":[],"yoast_head":"<!-- This site is optimized with the Yoast SEO plugin v24.8.1 - https:\/\/yoast.com\/wordpress\/plugins\/seo\/ -->\n<title>Salumi Italia - L\u2019ITALIA CHE PRODUCE RINASCE NEI TERRITORI: I MINISTRI LOLLOBRIGIDA E FOTI CELEBRANO GLI INVESTIMENTI NEL DISTRETTO DEL CIBO DEI SALUMI DOP PIACENTINI<\/title>\n<meta name=\"robots\" content=\"index, follow, max-snippet:-1, max-image-preview:large, max-video-preview:-1\" \/>\n<link rel=\"canonical\" href=\"https:\/\/salumitalia.it\/news\/litalia-che-produce-rinasce-nei-territori-inaugurato-lampliamento-del-salumificio-gagliardi-allinsegna-dei-distretti-del-cibo\/\" \/>\n<meta property=\"og:locale\" content=\"de_DE\" \/>\n<meta property=\"og:type\" content=\"article\" \/>\n<meta property=\"og:title\" content=\"Salumi Italia - L\u2019ITALIA CHE PRODUCE RINASCE NEI TERRITORI: I MINISTRI LOLLOBRIGIDA E FOTI CELEBRANO GLI INVESTIMENTI NEL DISTRETTO DEL CIBO DEI SALUMI DOP PIACENTINI\" \/>\n<meta property=\"og:description\" content=\"Venerd\u00ec 22 novembre scorso \u00e8 stata un&#8217;importante giornata per l&#8217;agroalimentare italiano e per il territorio piacentino con l&#8217;inaugurazione dell&#8217;ampliamento del Salumificio Gagliardi. L\u2019evento ha rappresentato la prima, tangibile evidenza dell\u2019operativit\u00e0 [&hellip;]\" \/>\n<meta property=\"og:url\" content=\"https:\/\/salumitalia.it\/news\/litalia-che-produce-rinasce-nei-territori-inaugurato-lampliamento-del-salumificio-gagliardi-allinsegna-dei-distretti-del-cibo\/\" \/>\n<meta property=\"og:site_name\" content=\"Salumi Italia\" \/>\n<meta property=\"article:published_time\" content=\"2025-11-24T11:53:54+00:00\" \/>\n<meta property=\"article:modified_time\" content=\"2025-12-01T14:39:18+00:00\" \/>\n<meta property=\"og:image\" content=\"https:\/\/salumitalia.it\/wp-content\/uploads\/2025\/11\/gagliardi-copia.jpg\" \/>\n\t<meta property=\"og:image:width\" content=\"1181\" \/>\n\t<meta property=\"og:image:height\" content=\"1181\" \/>\n\t<meta property=\"og:image:type\" content=\"image\/jpeg\" \/>\n<meta name=\"author\" content=\"andreap\" \/>\n<meta name=\"twitter:card\" content=\"summary_large_image\" \/>\n<meta name=\"twitter:label1\" content=\"Written by\" \/>\n\t<meta name=\"twitter:data1\" content=\"andreap\" \/>\n\t<meta name=\"twitter:label2\" content=\"Est. reading time\" \/>\n\t<meta name=\"twitter:data2\" content=\"6 minutes\" \/>\n<script type=\"application\/ld+json\" class=\"yoast-schema-graph\">{\"@context\":\"https:\/\/schema.org\",\"@graph\":[{\"@type\":\"WebPage\",\"@id\":\"https:\/\/salumitalia.it\/news\/litalia-che-produce-rinasce-nei-territori-inaugurato-lampliamento-del-salumificio-gagliardi-allinsegna-dei-distretti-del-cibo\/\",\"url\":\"https:\/\/salumitalia.it\/news\/litalia-che-produce-rinasce-nei-territori-inaugurato-lampliamento-del-salumificio-gagliardi-allinsegna-dei-distretti-del-cibo\/\",\"name\":\"Salumi Italia - L\u2019ITALIA CHE PRODUCE RINASCE NEI TERRITORI: I MINISTRI LOLLOBRIGIDA E FOTI CELEBRANO GLI INVESTIMENTI NEL DISTRETTO DEL CIBO DEI SALUMI DOP PIACENTINI\",\"isPartOf\":{\"@id\":\"https:\/\/salumitalia.it\/#website\"},\"primaryImageOfPage\":{\"@id\":\"https:\/\/salumitalia.it\/news\/litalia-che-produce-rinasce-nei-territori-inaugurato-lampliamento-del-salumificio-gagliardi-allinsegna-dei-distretti-del-cibo\/#primaryimage\"},\"image\":{\"@id\":\"https:\/\/salumitalia.it\/news\/litalia-che-produce-rinasce-nei-territori-inaugurato-lampliamento-del-salumificio-gagliardi-allinsegna-dei-distretti-del-cibo\/#primaryimage\"},\"thumbnailUrl\":\"https:\/\/salumitalia.it\/wp-content\/uploads\/2025\/11\/gagliardi-copia.jpg\",\"datePublished\":\"2025-11-24T11:53:54+00:00\",\"dateModified\":\"2025-12-01T14:39:18+00:00\",\"author\":{\"@id\":\"https:\/\/salumitalia.it\/#\/schema\/person\/3874baf67ccdb44dd23f99127289b14e\"},\"breadcrumb\":{\"@id\":\"https:\/\/salumitalia.it\/news\/litalia-che-produce-rinasce-nei-territori-inaugurato-lampliamento-del-salumificio-gagliardi-allinsegna-dei-distretti-del-cibo\/#breadcrumb\"},\"inLanguage\":\"de-DE\",\"potentialAction\":[{\"@type\":\"ReadAction\",\"target\":[\"https:\/\/salumitalia.it\/news\/litalia-che-produce-rinasce-nei-territori-inaugurato-lampliamento-del-salumificio-gagliardi-allinsegna-dei-distretti-del-cibo\/\"]}]},{\"@type\":\"ImageObject\",\"inLanguage\":\"de-DE\",\"@id\":\"https:\/\/salumitalia.it\/news\/litalia-che-produce-rinasce-nei-territori-inaugurato-lampliamento-del-salumificio-gagliardi-allinsegna-dei-distretti-del-cibo\/#primaryimage\",\"url\":\"https:\/\/salumitalia.it\/wp-content\/uploads\/2025\/11\/gagliardi-copia.jpg\",\"contentUrl\":\"https:\/\/salumitalia.it\/wp-content\/uploads\/2025\/11\/gagliardi-copia.jpg\",\"width\":1181,\"height\":1181},{\"@type\":\"BreadcrumbList\",\"@id\":\"https:\/\/salumitalia.it\/news\/litalia-che-produce-rinasce-nei-territori-inaugurato-lampliamento-del-salumificio-gagliardi-allinsegna-dei-distretti-del-cibo\/#breadcrumb\",\"itemListElement\":[{\"@type\":\"ListItem\",\"position\":1,\"name\":\"Home\",\"item\":\"https:\/\/salumitalia.it\/de\/\"},{\"@type\":\"ListItem\",\"position\":2,\"name\":\"L\u2019ITALIA CHE PRODUCE RINASCE NEI TERRITORI: I MINISTRI LOLLOBRIGIDA E FOTI CELEBRANO GLI INVESTIMENTI NEL DISTRETTO DEL CIBO DEI SALUMI DOP PIACENTINI\"}]},{\"@type\":\"WebSite\",\"@id\":\"https:\/\/salumitalia.it\/#website\",\"url\":\"https:\/\/salumitalia.it\/\",\"name\":\"Salumi Italia\",\"description\":\"\",\"potentialAction\":[{\"@type\":\"SearchAction\",\"target\":{\"@type\":\"EntryPoint\",\"urlTemplate\":\"https:\/\/salumitalia.it\/?s={search_term_string}\"},\"query-input\":{\"@type\":\"PropertyValueSpecification\",\"valueRequired\":true,\"valueName\":\"search_term_string\"}}],\"inLanguage\":\"de-DE\"},{\"@type\":\"Person\",\"@id\":\"https:\/\/salumitalia.it\/#\/schema\/person\/3874baf67ccdb44dd23f99127289b14e\",\"name\":\"andreap\",\"image\":{\"@type\":\"ImageObject\",\"inLanguage\":\"de-DE\",\"@id\":\"https:\/\/salumitalia.it\/#\/schema\/person\/image\/\",\"url\":\"https:\/\/secure.gravatar.com\/avatar\/c7b59fd01eeef1a3679e704c7cd6fef67862b516f782c06db84b6ef1a267527f?s=96&d=mm&r=g\",\"contentUrl\":\"https:\/\/secure.gravatar.com\/avatar\/c7b59fd01eeef1a3679e704c7cd6fef67862b516f782c06db84b6ef1a267527f?s=96&d=mm&r=g\",\"caption\":\"andreap\"},\"url\":\"https:\/\/salumitalia.it\/de\/author\/andreap\/\"}]}<\/script>\n<!-- \/ Yoast SEO plugin. -->","yoast_head_json":{"title":"Salumi Italia - L\u2019ITALIA CHE PRODUCE RINASCE NEI TERRITORI: I MINISTRI LOLLOBRIGIDA E FOTI CELEBRANO GLI INVESTIMENTI NEL DISTRETTO DEL CIBO DEI SALUMI DOP PIACENTINI","robots":{"index":"index","follow":"follow","max-snippet":"max-snippet:-1","max-image-preview":"max-image-preview:large","max-video-preview":"max-video-preview:-1"},"canonical":"https:\/\/salumitalia.it\/news\/litalia-che-produce-rinasce-nei-territori-inaugurato-lampliamento-del-salumificio-gagliardi-allinsegna-dei-distretti-del-cibo\/","og_locale":"de_DE","og_type":"article","og_title":"Salumi Italia - L\u2019ITALIA CHE PRODUCE RINASCE NEI TERRITORI: I MINISTRI LOLLOBRIGIDA E FOTI CELEBRANO GLI INVESTIMENTI NEL DISTRETTO DEL CIBO DEI SALUMI DOP PIACENTINI","og_description":"Venerd\u00ec 22 novembre scorso \u00e8 stata un&#8217;importante giornata per l&#8217;agroalimentare italiano e per il territorio piacentino con l&#8217;inaugurazione dell&#8217;ampliamento del Salumificio Gagliardi. L\u2019evento ha rappresentato la prima, tangibile evidenza dell\u2019operativit\u00e0 [&hellip;]","og_url":"https:\/\/salumitalia.it\/news\/litalia-che-produce-rinasce-nei-territori-inaugurato-lampliamento-del-salumificio-gagliardi-allinsegna-dei-distretti-del-cibo\/","og_site_name":"Salumi Italia","article_published_time":"2025-11-24T11:53:54+00:00","article_modified_time":"2025-12-01T14:39:18+00:00","og_image":[{"width":1181,"height":1181,"url":"https:\/\/salumitalia.it\/wp-content\/uploads\/2025\/11\/gagliardi-copia.jpg","type":"image\/jpeg"}],"author":"andreap","twitter_card":"summary_large_image","twitter_misc":{"Written by":"andreap","Est. reading time":"6 minutes"},"schema":{"@context":"https:\/\/schema.org","@graph":[{"@type":"WebPage","@id":"https:\/\/salumitalia.it\/news\/litalia-che-produce-rinasce-nei-territori-inaugurato-lampliamento-del-salumificio-gagliardi-allinsegna-dei-distretti-del-cibo\/","url":"https:\/\/salumitalia.it\/news\/litalia-che-produce-rinasce-nei-territori-inaugurato-lampliamento-del-salumificio-gagliardi-allinsegna-dei-distretti-del-cibo\/","name":"Salumi Italia - L\u2019ITALIA CHE PRODUCE RINASCE NEI TERRITORI: I MINISTRI LOLLOBRIGIDA E FOTI CELEBRANO GLI INVESTIMENTI NEL DISTRETTO DEL CIBO DEI SALUMI DOP PIACENTINI","isPartOf":{"@id":"https:\/\/salumitalia.it\/#website"},"primaryImageOfPage":{"@id":"https:\/\/salumitalia.it\/news\/litalia-che-produce-rinasce-nei-territori-inaugurato-lampliamento-del-salumificio-gagliardi-allinsegna-dei-distretti-del-cibo\/#primaryimage"},"image":{"@id":"https:\/\/salumitalia.it\/news\/litalia-che-produce-rinasce-nei-territori-inaugurato-lampliamento-del-salumificio-gagliardi-allinsegna-dei-distretti-del-cibo\/#primaryimage"},"thumbnailUrl":"https:\/\/salumitalia.it\/wp-content\/uploads\/2025\/11\/gagliardi-copia.jpg","datePublished":"2025-11-24T11:53:54+00:00","dateModified":"2025-12-01T14:39:18+00:00","author":{"@id":"https:\/\/salumitalia.it\/#\/schema\/person\/3874baf67ccdb44dd23f99127289b14e"},"breadcrumb":{"@id":"https:\/\/salumitalia.it\/news\/litalia-che-produce-rinasce-nei-territori-inaugurato-lampliamento-del-salumificio-gagliardi-allinsegna-dei-distretti-del-cibo\/#breadcrumb"},"inLanguage":"de-DE","potentialAction":[{"@type":"ReadAction","target":["https:\/\/salumitalia.it\/news\/litalia-che-produce-rinasce-nei-territori-inaugurato-lampliamento-del-salumificio-gagliardi-allinsegna-dei-distretti-del-cibo\/"]}]},{"@type":"ImageObject","inLanguage":"de-DE","@id":"https:\/\/salumitalia.it\/news\/litalia-che-produce-rinasce-nei-territori-inaugurato-lampliamento-del-salumificio-gagliardi-allinsegna-dei-distretti-del-cibo\/#primaryimage","url":"https:\/\/salumitalia.it\/wp-content\/uploads\/2025\/11\/gagliardi-copia.jpg","contentUrl":"https:\/\/salumitalia.it\/wp-content\/uploads\/2025\/11\/gagliardi-copia.jpg","width":1181,"height":1181},{"@type":"BreadcrumbList","@id":"https:\/\/salumitalia.it\/news\/litalia-che-produce-rinasce-nei-territori-inaugurato-lampliamento-del-salumificio-gagliardi-allinsegna-dei-distretti-del-cibo\/#breadcrumb","itemListElement":[{"@type":"ListItem","position":1,"name":"Home","item":"https:\/\/salumitalia.it\/de\/"},{"@type":"ListItem","position":2,"name":"L\u2019ITALIA CHE PRODUCE RINASCE NEI TERRITORI: I MINISTRI LOLLOBRIGIDA E FOTI CELEBRANO GLI INVESTIMENTI NEL DISTRETTO DEL CIBO DEI SALUMI DOP PIACENTINI"}]},{"@type":"WebSite","@id":"https:\/\/salumitalia.it\/#website","url":"https:\/\/salumitalia.it\/","name":"Salumi Italia","description":"","potentialAction":[{"@type":"SearchAction","target":{"@type":"EntryPoint","urlTemplate":"https:\/\/salumitalia.it\/?s={search_term_string}"},"query-input":{"@type":"PropertyValueSpecification","valueRequired":true,"valueName":"search_term_string"}}],"inLanguage":"de-DE"},{"@type":"Person","@id":"https:\/\/salumitalia.it\/#\/schema\/person\/3874baf67ccdb44dd23f99127289b14e","name":"andreap","image":{"@type":"ImageObject","inLanguage":"de-DE","@id":"https:\/\/salumitalia.it\/#\/schema\/person\/image\/","url":"https:\/\/secure.gravatar.com\/avatar\/c7b59fd01eeef1a3679e704c7cd6fef67862b516f782c06db84b6ef1a267527f?s=96&d=mm&r=g","contentUrl":"https:\/\/secure.gravatar.com\/avatar\/c7b59fd01eeef1a3679e704c7cd6fef67862b516f782c06db84b6ef1a267527f?s=96&d=mm&r=g","caption":"andreap"},"url":"https:\/\/salumitalia.it\/de\/author\/andreap\/"}]}},"_links":{"self":[{"href":"https:\/\/salumitalia.it\/de\/wp-json\/wp\/v2\/posts\/7001","targetHints":{"allow":["GET"]}}],"collection":[{"href":"https:\/\/salumitalia.it\/de\/wp-json\/wp\/v2\/posts"}],"about":[{"href":"https:\/\/salumitalia.it\/de\/wp-json\/wp\/v2\/types\/post"}],"author":[{"embeddable":true,"href":"https:\/\/salumitalia.it\/de\/wp-json\/wp\/v2\/users\/8"}],"replies":[{"embeddable":true,"href":"https:\/\/salumitalia.it\/de\/wp-json\/wp\/v2\/comments?post=7001"}],"version-history":[{"count":6,"href":"https:\/\/salumitalia.it\/de\/wp-json\/wp\/v2\/posts\/7001\/revisions"}],"predecessor-version":[{"id":7038,"href":"https:\/\/salumitalia.it\/de\/wp-json\/wp\/v2\/posts\/7001\/revisions\/7038"}],"wp:featuredmedia":[{"embeddable":true,"href":"https:\/\/salumitalia.it\/de\/wp-json\/wp\/v2\/media\/7010"}],"wp:attachment":[{"href":"https:\/\/salumitalia.it\/de\/wp-json\/wp\/v2\/media?parent=7001"}],"wp:term":[{"taxonomy":"category","embeddable":true,"href":"https:\/\/salumitalia.it\/de\/wp-json\/wp\/v2\/categories?post=7001"},{"taxonomy":"post_tag","embeddable":true,"href":"https:\/\/salumitalia.it\/de\/wp-json\/wp\/v2\/tags?post=7001"}],"curies":[{"name":"wp","href":"https:\/\/api.w.org\/{rel}","templated":true}]}}