{"id":6882,"date":"2025-11-23T18:26:03","date_gmt":"2025-11-23T17:26:03","guid":{"rendered":"https:\/\/salumitalia.it\/?p=6882"},"modified":"2025-11-27T09:57:45","modified_gmt":"2025-11-27T08:57:45","slug":"la-finocchiona-igp-in-onda-su-la7-con-la-nuova-campagna-tv","status":"publish","type":"post","link":"https:\/\/salumitalia.it\/de\/news\/la-finocchiona-igp-in-onda-su-la7-con-la-nuova-campagna-tv\/","title":{"rendered":"LA FINOCCHIONA IGP IN ONDA SU LA7 CON LA NUOVA CAMPAGNA TV"},"content":{"rendered":"<p style=\"text-align: justify;\"><span style=\"font-family: 'Aptos',sans-serif;\">Il Consorzio di Tutela della Finocchiona IGP lancia la nuova campagna televisiva nazionale, on-air su <b>LA7<\/b> dal <strong>23 novembre al 6 dicembre<\/strong>. Per due settimane, lo spot dedicato alla celebre specialit\u00e0 toscana accompagna il pubblico dell\u2019emittente nazionale, valorizzando le qualit\u00e0 uniche della Finocchiona IGP in un periodo strategico come quello che precede le festivit\u00e0 natalizie.<\/span><\/p>\n<p style=\"text-align: justify;\"><span style=\"font-family: 'Aptos',sans-serif;\">Lo <strong>spot, della durata di 10 secondi<\/strong>, ideato per mettere in risalto le principali caratteristiche distintive della Finocchiona IGP &#8211; profumo inconfondibile di finocchietto, equilibrio aromatico, lavorazione tradizionale e autenticit\u00e0 del prodotto certificato &#8211; viene trasmesso <strong>per un totale di 60 passaggi<\/strong>. La campagna include anche la presenza all\u2019interno dei <strong>Superspot delle trasmissioni serali<\/strong> e una rotazione durante gli <strong>approfondimenti informativi<\/strong>, momenti in cui LA7 registra una forte attenzione e fidelizzazione da parte del pubblico.<\/span><\/p>\n<p style=\"text-align: justify;\"><span style=\"font-family: 'Aptos',sans-serif;\">Questa nuova attivit\u00e0 di comunicazione si inserisce nel percorso intrapreso dal Consorzio con il progetto <em>Gusto<\/em>, proseguendo l\u2019impegno volto a far conoscere e riconoscere la qualit\u00e0 della Finocchiona IGP attraverso iniziative televisive ad ampia visibilit\u00e0. La collocazione nel periodo prenatalizio conferma la volont\u00e0 di valorizzare un prodotto che, per tradizione e versatilit\u00e0, \u00e8 particolarmente apprezzato sulle tavole delle feste.<\/span><\/p>\n<p style=\"text-align: justify;\"><span style=\"font-family: 'Aptos',sans-serif;\">Il Consorzio di Tutela della Finocchiona IGP continua cos\u00ec a investire su una comunicazione capace di raccontare, in modo immediato ed efficace, la storia, il territorio e la qualit\u00e0 che fanno della Finocchiona IGP una delle eccellenze della salumeria italiana pi\u00f9 apprezzate, <strong>rafforzando il legame tra prodotto e consumatore e contribuendo a consolidarne la riconoscibilit\u00e0 e il valore sul mercato nazionale.<\/strong><\/span><\/p>\n<p>&nbsp;<\/p>\n<p style=\"text-align: justify;\"><span style=\"font-family: 'Aptos',sans-serif;\"><strong><a href=\"https:\/\/salumitalia.it\/wp-content\/uploads\/2025\/11\/PROFUMO-DI-TOSCANA.mp4\" target=\"_blank\" rel=\"attachment noopener wp-att-6888\"><img loading=\"lazy\" decoding=\"async\" class=\"alignleft wp-image-6888 size-thumbnail\" src=\"https:\/\/salumitalia.it\/wp-content\/uploads\/2025\/11\/spot-150x150.jpg\" alt=\"\" width=\"150\" height=\"150\" \/><\/a><\/strong><\/span><\/p>\n","protected":false},"excerpt":{"rendered":"<p>Il Consorzio di Tutela della Finocchiona IGP lancia la nuova campagna televisiva nazionale, on-air su LA7 dal 23 novembre al 6 dicembre. Per due settimane, lo spot dedicato alla celebre [&hellip;]<\/p>\n","protected":false},"author":8,"featured_media":6883,"comment_status":"closed","ping_status":"closed","sticky":false,"template":"","format":"standard","meta":{"_acf_changed":false,"footnotes":""},"categories":[1],"tags":[],"class_list":["post-6882","post","type-post","status-publish","format-standard","has-post-thumbnail","hentry","category-news"],"acf":[],"yoast_head":"<!-- This site is optimized with the Yoast SEO plugin v24.8.1 - https:\/\/yoast.com\/wordpress\/plugins\/seo\/ -->\n<title>Salumi Italia - LA FINOCCHIONA IGP IN ONDA SU LA7 CON LA NUOVA CAMPAGNA TV<\/title>\n<meta name=\"robots\" content=\"index, follow, max-snippet:-1, max-image-preview:large, max-video-preview:-1\" \/>\n<link rel=\"canonical\" href=\"https:\/\/salumitalia.it\/news\/la-finocchiona-igp-in-onda-su-la7-con-la-nuova-campagna-tv\/\" \/>\n<meta property=\"og:locale\" content=\"de_DE\" \/>\n<meta property=\"og:type\" content=\"article\" \/>\n<meta property=\"og:title\" content=\"Salumi Italia - LA FINOCCHIONA IGP IN ONDA SU LA7 CON LA NUOVA CAMPAGNA TV\" \/>\n<meta property=\"og:description\" content=\"Il Consorzio di Tutela della Finocchiona IGP lancia la nuova campagna televisiva nazionale, on-air su LA7 dal 23 novembre al 6 dicembre. Per due settimane, lo spot dedicato alla celebre [&hellip;]\" \/>\n<meta property=\"og:url\" content=\"https:\/\/salumitalia.it\/news\/la-finocchiona-igp-in-onda-su-la7-con-la-nuova-campagna-tv\/\" \/>\n<meta property=\"og:site_name\" content=\"Salumi Italia\" \/>\n<meta property=\"article:published_time\" content=\"2025-11-23T17:26:03+00:00\" \/>\n<meta property=\"article:modified_time\" content=\"2025-11-27T08:57:45+00:00\" \/>\n<meta property=\"og:image\" content=\"https:\/\/salumitalia.it\/wp-content\/uploads\/2025\/11\/finocchiona-copia.jpg\" \/>\n\t<meta property=\"og:image:width\" content=\"1181\" \/>\n\t<meta property=\"og:image:height\" content=\"1181\" \/>\n\t<meta property=\"og:image:type\" content=\"image\/jpeg\" \/>\n<meta name=\"author\" content=\"andreap\" \/>\n<meta name=\"twitter:card\" content=\"summary_large_image\" \/>\n<meta name=\"twitter:label1\" content=\"Written by\" \/>\n\t<meta name=\"twitter:data1\" content=\"andreap\" \/>\n\t<meta name=\"twitter:label2\" content=\"Est. reading time\" \/>\n\t<meta name=\"twitter:data2\" content=\"2 minutes\" \/>\n<script type=\"application\/ld+json\" class=\"yoast-schema-graph\">{\"@context\":\"https:\/\/schema.org\",\"@graph\":[{\"@type\":\"WebPage\",\"@id\":\"https:\/\/salumitalia.it\/news\/la-finocchiona-igp-in-onda-su-la7-con-la-nuova-campagna-tv\/\",\"url\":\"https:\/\/salumitalia.it\/news\/la-finocchiona-igp-in-onda-su-la7-con-la-nuova-campagna-tv\/\",\"name\":\"Salumi Italia - LA FINOCCHIONA IGP IN ONDA SU LA7 CON LA NUOVA CAMPAGNA TV\",\"isPartOf\":{\"@id\":\"https:\/\/salumitalia.it\/#website\"},\"primaryImageOfPage\":{\"@id\":\"https:\/\/salumitalia.it\/news\/la-finocchiona-igp-in-onda-su-la7-con-la-nuova-campagna-tv\/#primaryimage\"},\"image\":{\"@id\":\"https:\/\/salumitalia.it\/news\/la-finocchiona-igp-in-onda-su-la7-con-la-nuova-campagna-tv\/#primaryimage\"},\"thumbnailUrl\":\"https:\/\/salumitalia.it\/wp-content\/uploads\/2025\/11\/finocchiona-copia.jpg\",\"datePublished\":\"2025-11-23T17:26:03+00:00\",\"dateModified\":\"2025-11-27T08:57:45+00:00\",\"author\":{\"@id\":\"https:\/\/salumitalia.it\/#\/schema\/person\/3874baf67ccdb44dd23f99127289b14e\"},\"breadcrumb\":{\"@id\":\"https:\/\/salumitalia.it\/news\/la-finocchiona-igp-in-onda-su-la7-con-la-nuova-campagna-tv\/#breadcrumb\"},\"inLanguage\":\"de-DE\",\"potentialAction\":[{\"@type\":\"ReadAction\",\"target\":[\"https:\/\/salumitalia.it\/news\/la-finocchiona-igp-in-onda-su-la7-con-la-nuova-campagna-tv\/\"]}]},{\"@type\":\"ImageObject\",\"inLanguage\":\"de-DE\",\"@id\":\"https:\/\/salumitalia.it\/news\/la-finocchiona-igp-in-onda-su-la7-con-la-nuova-campagna-tv\/#primaryimage\",\"url\":\"https:\/\/salumitalia.it\/wp-content\/uploads\/2025\/11\/finocchiona-copia.jpg\",\"contentUrl\":\"https:\/\/salumitalia.it\/wp-content\/uploads\/2025\/11\/finocchiona-copia.jpg\",\"width\":1181,\"height\":1181},{\"@type\":\"BreadcrumbList\",\"@id\":\"https:\/\/salumitalia.it\/news\/la-finocchiona-igp-in-onda-su-la7-con-la-nuova-campagna-tv\/#breadcrumb\",\"itemListElement\":[{\"@type\":\"ListItem\",\"position\":1,\"name\":\"Home\",\"item\":\"https:\/\/salumitalia.it\/de\/\"},{\"@type\":\"ListItem\",\"position\":2,\"name\":\"LA FINOCCHIONA IGP IN ONDA SU LA7 CON LA NUOVA CAMPAGNA TV\"}]},{\"@type\":\"WebSite\",\"@id\":\"https:\/\/salumitalia.it\/#website\",\"url\":\"https:\/\/salumitalia.it\/\",\"name\":\"Salumi Italia\",\"description\":\"\",\"potentialAction\":[{\"@type\":\"SearchAction\",\"target\":{\"@type\":\"EntryPoint\",\"urlTemplate\":\"https:\/\/salumitalia.it\/?s={search_term_string}\"},\"query-input\":{\"@type\":\"PropertyValueSpecification\",\"valueRequired\":true,\"valueName\":\"search_term_string\"}}],\"inLanguage\":\"de-DE\"},{\"@type\":\"Person\",\"@id\":\"https:\/\/salumitalia.it\/#\/schema\/person\/3874baf67ccdb44dd23f99127289b14e\",\"name\":\"andreap\",\"image\":{\"@type\":\"ImageObject\",\"inLanguage\":\"de-DE\",\"@id\":\"https:\/\/salumitalia.it\/#\/schema\/person\/image\/\",\"url\":\"https:\/\/secure.gravatar.com\/avatar\/c7b59fd01eeef1a3679e704c7cd6fef67862b516f782c06db84b6ef1a267527f?s=96&d=mm&r=g\",\"contentUrl\":\"https:\/\/secure.gravatar.com\/avatar\/c7b59fd01eeef1a3679e704c7cd6fef67862b516f782c06db84b6ef1a267527f?s=96&d=mm&r=g\",\"caption\":\"andreap\"},\"url\":\"https:\/\/salumitalia.it\/de\/author\/andreap\/\"}]}<\/script>\n<!-- \/ Yoast SEO plugin. -->","yoast_head_json":{"title":"Salumi Italia - LA FINOCCHIONA IGP IN ONDA SU LA7 CON LA NUOVA CAMPAGNA TV","robots":{"index":"index","follow":"follow","max-snippet":"max-snippet:-1","max-image-preview":"max-image-preview:large","max-video-preview":"max-video-preview:-1"},"canonical":"https:\/\/salumitalia.it\/news\/la-finocchiona-igp-in-onda-su-la7-con-la-nuova-campagna-tv\/","og_locale":"de_DE","og_type":"article","og_title":"Salumi Italia - LA FINOCCHIONA IGP IN ONDA SU LA7 CON LA NUOVA CAMPAGNA TV","og_description":"Il Consorzio di Tutela della Finocchiona IGP lancia la nuova campagna televisiva nazionale, on-air su LA7 dal 23 novembre al 6 dicembre. Per due settimane, lo spot dedicato alla celebre [&hellip;]","og_url":"https:\/\/salumitalia.it\/news\/la-finocchiona-igp-in-onda-su-la7-con-la-nuova-campagna-tv\/","og_site_name":"Salumi Italia","article_published_time":"2025-11-23T17:26:03+00:00","article_modified_time":"2025-11-27T08:57:45+00:00","og_image":[{"width":1181,"height":1181,"url":"https:\/\/salumitalia.it\/wp-content\/uploads\/2025\/11\/finocchiona-copia.jpg","type":"image\/jpeg"}],"author":"andreap","twitter_card":"summary_large_image","twitter_misc":{"Written by":"andreap","Est. reading time":"2 minutes"},"schema":{"@context":"https:\/\/schema.org","@graph":[{"@type":"WebPage","@id":"https:\/\/salumitalia.it\/news\/la-finocchiona-igp-in-onda-su-la7-con-la-nuova-campagna-tv\/","url":"https:\/\/salumitalia.it\/news\/la-finocchiona-igp-in-onda-su-la7-con-la-nuova-campagna-tv\/","name":"Salumi Italia - LA FINOCCHIONA IGP IN ONDA SU LA7 CON LA NUOVA CAMPAGNA TV","isPartOf":{"@id":"https:\/\/salumitalia.it\/#website"},"primaryImageOfPage":{"@id":"https:\/\/salumitalia.it\/news\/la-finocchiona-igp-in-onda-su-la7-con-la-nuova-campagna-tv\/#primaryimage"},"image":{"@id":"https:\/\/salumitalia.it\/news\/la-finocchiona-igp-in-onda-su-la7-con-la-nuova-campagna-tv\/#primaryimage"},"thumbnailUrl":"https:\/\/salumitalia.it\/wp-content\/uploads\/2025\/11\/finocchiona-copia.jpg","datePublished":"2025-11-23T17:26:03+00:00","dateModified":"2025-11-27T08:57:45+00:00","author":{"@id":"https:\/\/salumitalia.it\/#\/schema\/person\/3874baf67ccdb44dd23f99127289b14e"},"breadcrumb":{"@id":"https:\/\/salumitalia.it\/news\/la-finocchiona-igp-in-onda-su-la7-con-la-nuova-campagna-tv\/#breadcrumb"},"inLanguage":"de-DE","potentialAction":[{"@type":"ReadAction","target":["https:\/\/salumitalia.it\/news\/la-finocchiona-igp-in-onda-su-la7-con-la-nuova-campagna-tv\/"]}]},{"@type":"ImageObject","inLanguage":"de-DE","@id":"https:\/\/salumitalia.it\/news\/la-finocchiona-igp-in-onda-su-la7-con-la-nuova-campagna-tv\/#primaryimage","url":"https:\/\/salumitalia.it\/wp-content\/uploads\/2025\/11\/finocchiona-copia.jpg","contentUrl":"https:\/\/salumitalia.it\/wp-content\/uploads\/2025\/11\/finocchiona-copia.jpg","width":1181,"height":1181},{"@type":"BreadcrumbList","@id":"https:\/\/salumitalia.it\/news\/la-finocchiona-igp-in-onda-su-la7-con-la-nuova-campagna-tv\/#breadcrumb","itemListElement":[{"@type":"ListItem","position":1,"name":"Home","item":"https:\/\/salumitalia.it\/de\/"},{"@type":"ListItem","position":2,"name":"LA FINOCCHIONA IGP IN ONDA SU LA7 CON LA NUOVA CAMPAGNA TV"}]},{"@type":"WebSite","@id":"https:\/\/salumitalia.it\/#website","url":"https:\/\/salumitalia.it\/","name":"Salumi Italia","description":"","potentialAction":[{"@type":"SearchAction","target":{"@type":"EntryPoint","urlTemplate":"https:\/\/salumitalia.it\/?s={search_term_string}"},"query-input":{"@type":"PropertyValueSpecification","valueRequired":true,"valueName":"search_term_string"}}],"inLanguage":"de-DE"},{"@type":"Person","@id":"https:\/\/salumitalia.it\/#\/schema\/person\/3874baf67ccdb44dd23f99127289b14e","name":"andreap","image":{"@type":"ImageObject","inLanguage":"de-DE","@id":"https:\/\/salumitalia.it\/#\/schema\/person\/image\/","url":"https:\/\/secure.gravatar.com\/avatar\/c7b59fd01eeef1a3679e704c7cd6fef67862b516f782c06db84b6ef1a267527f?s=96&d=mm&r=g","contentUrl":"https:\/\/secure.gravatar.com\/avatar\/c7b59fd01eeef1a3679e704c7cd6fef67862b516f782c06db84b6ef1a267527f?s=96&d=mm&r=g","caption":"andreap"},"url":"https:\/\/salumitalia.it\/de\/author\/andreap\/"}]}},"_links":{"self":[{"href":"https:\/\/salumitalia.it\/de\/wp-json\/wp\/v2\/posts\/6882","targetHints":{"allow":["GET"]}}],"collection":[{"href":"https:\/\/salumitalia.it\/de\/wp-json\/wp\/v2\/posts"}],"about":[{"href":"https:\/\/salumitalia.it\/de\/wp-json\/wp\/v2\/types\/post"}],"author":[{"embeddable":true,"href":"https:\/\/salumitalia.it\/de\/wp-json\/wp\/v2\/users\/8"}],"replies":[{"embeddable":true,"href":"https:\/\/salumitalia.it\/de\/wp-json\/wp\/v2\/comments?post=6882"}],"version-history":[{"count":4,"href":"https:\/\/salumitalia.it\/de\/wp-json\/wp\/v2\/posts\/6882\/revisions"}],"predecessor-version":[{"id":6900,"href":"https:\/\/salumitalia.it\/de\/wp-json\/wp\/v2\/posts\/6882\/revisions\/6900"}],"wp:featuredmedia":[{"embeddable":true,"href":"https:\/\/salumitalia.it\/de\/wp-json\/wp\/v2\/media\/6883"}],"wp:attachment":[{"href":"https:\/\/salumitalia.it\/de\/wp-json\/wp\/v2\/media?parent=6882"}],"wp:term":[{"taxonomy":"category","embeddable":true,"href":"https:\/\/salumitalia.it\/de\/wp-json\/wp\/v2\/categories?post=6882"},{"taxonomy":"post_tag","embeddable":true,"href":"https:\/\/salumitalia.it\/de\/wp-json\/wp\/v2\/tags?post=6882"}],"curies":[{"name":"wp","href":"https:\/\/api.w.org\/{rel}","templated":true}]}}