{"id":5761,"date":"2025-03-31T15:13:25","date_gmt":"2025-03-31T13:13:25","guid":{"rendered":"https:\/\/www.isitsalumi.it\/?p=5761"},"modified":"2025-03-31T15:32:00","modified_gmt":"2025-03-31T13:32:00","slug":"la-parola-a-7","status":"publish","type":"post","link":"https:\/\/salumitalia.it\/de\/news\/la-parola-a-7\/","title":{"rendered":"LA PAROLA A.."},"content":{"rendered":"<h5><span style=\"color: #175402;\"><strong>FABIO VIANI, PRESIDENTE DEL CONSORZIO DEL PROSCIUTTO TOSCANO<\/strong><\/span><\/h5>\n<ul>\n<li><em><strong>Presidente, \u00e8 di qualche settimana fa la sua conferma alla presidenza del Consorzio del Prosciutto Toscano.<\/strong><\/em><\/li>\n<\/ul>\n<p>Esatto. Sono onorato della rinnovata fiducia dimostratami dai miei consiglieri. Inizio il mio terzo mandato consecutivo, la prima nomina risale infatti al 2019. Presidenza a parte, sono all\u2019interno del Consiglio di Amministrazione da tanti anni, a dimostrazione di quanto \u2013 anche a livello personale \u2013 credo nella forza e nel valore del sistema consortile, soprattutto per un prodotto come il nostro fortemente radicato nel territorio della nostra Regione.<\/p>\n<ul>\n<li><em><strong>Come \u00e8 cambiato lo scenario attuale rispetto agli anni scorsi e quali sono le sfide e le criticit\u00e0 a cui dovr\u00e0 prestare particolare attenzione?<\/strong><\/em><\/li>\n<\/ul>\n<p>Senza dubbio, in generale per tutti i settori, lo scenario economico e produttivo \u00e8 in continua evoluzione. Se guardiamo il nostro, negli ultimi anni, si sono alternati una serie di eventi che hanno generato un\u2019onda d\u2019urto sulla stabilit\u00e0 delle nostre aziende. Il Covid prima, l\u2019aumento dei costi energetici, l\u2019inflazione e negli ultimi due anni la PSA hanno portato i nostri produttori a muoversi in un contesto spesso incerto e instabile. Infatti, quello che preoccupa oggi maggiormente le aziende \u00e8 l\u2019incertezza che trovano sul mercato in termini di disponibilit\u00e0 e prezzi della materia prima.<\/p>\n<ul>\n<li><em><strong>Cosa auspica per il prossimo futuro per le aziende di produzione dei salumi?<\/strong><\/em><\/li>\n<\/ul>\n<p>Fondamentale che le aziende possano operare in un contesto di maggiore stabilit\u00e0 che consentirebbe loro di lavorare con maggiore tranquillit\u00e0 e slancio verso il futuro.<\/p>\n<ul>\n<li><strong><em>Come Consorzio invece, quali sono le iniziative in programma per valorizzare e favorire la conoscenza del Prosciutto Toscano DOP sui mercati e verso il consumatore?<\/em><\/strong><\/li>\n<\/ul>\n<p>Per il prossimo triennio la promozione sar\u00e0 il cardine dell\u2019attivit\u00e0 del Consorzio. Svilupperemo un piano di promozione che comprende iniziative continuative per garantire la visibilit\u00e0 del Prosciutto Toscano in Italia e all\u2019estero.<br \/>\nSicuramente, rimarr\u00e0 forte il presidio delle principali Fiere di settore, italiane ed estere. Primo appuntamento, al prossimo Tuttofood, in programma a maggio, dove saremo presenti con uno stand istituzionale e un palinsesto di appuntamenti informativi\/divulgativi e di degustazione del prodotto.<br \/>\nRimane, infine, fattore determinante la volont\u00e0 di collaborazione e dialogo con le Istituzioni per percorrere insieme nuove strade e assicurare alle aziende la stabilit\u00e0 necessaria ad operare, investire e innovare.<\/p>\n<p>&nbsp;<\/p>\n","protected":false},"excerpt":{"rendered":"<p>FABIO VIANI, PRESIDENTE DEL CONSORZIO DEL PROSCIUTTO TOSCANO Presidente, \u00e8 di qualche settimana fa la sua conferma alla presidenza del Consorzio del Prosciutto Toscano. Esatto. Sono onorato della rinnovata fiducia [&hellip;]<\/p>\n","protected":false},"author":5,"featured_media":5782,"comment_status":"closed","ping_status":"closed","sticky":false,"template":"","format":"standard","meta":{"_acf_changed":false,"footnotes":""},"categories":[1],"tags":[],"class_list":["post-5761","post","type-post","status-publish","format-standard","has-post-thumbnail","hentry","category-news"],"acf":[],"yoast_head":"<!-- This site is optimized with the Yoast SEO plugin v24.8.1 - https:\/\/yoast.com\/wordpress\/plugins\/seo\/ -->\n<title>Salumi Italia - LA PAROLA A..<\/title>\n<meta name=\"robots\" content=\"index, follow, max-snippet:-1, max-image-preview:large, max-video-preview:-1\" \/>\n<link rel=\"canonical\" href=\"https:\/\/salumitalia.it\/news\/la-parola-a-7\/\" \/>\n<meta property=\"og:locale\" content=\"de_DE\" \/>\n<meta property=\"og:type\" content=\"article\" \/>\n<meta property=\"og:title\" content=\"Salumi Italia - LA PAROLA A..\" \/>\n<meta property=\"og:description\" content=\"FABIO VIANI, PRESIDENTE DEL CONSORZIO DEL PROSCIUTTO TOSCANO Presidente, \u00e8 di qualche settimana fa la sua conferma alla presidenza del Consorzio del Prosciutto Toscano. Esatto. Sono onorato della rinnovata fiducia [&hellip;]\" \/>\n<meta property=\"og:url\" content=\"https:\/\/salumitalia.it\/news\/la-parola-a-7\/\" \/>\n<meta property=\"og:site_name\" content=\"Salumi Italia\" \/>\n<meta property=\"article:published_time\" content=\"2025-03-31T13:13:25+00:00\" \/>\n<meta property=\"article:modified_time\" content=\"2025-03-31T13:32:00+00:00\" \/>\n<meta property=\"og:image\" content=\"https:\/\/salumitalia.it\/wp-content\/uploads\/2025\/03\/TOSCANO_marzo-2-copia.png\" \/>\n\t<meta property=\"og:image:width\" content=\"1181\" \/>\n\t<meta property=\"og:image:height\" content=\"1181\" \/>\n\t<meta property=\"og:image:type\" content=\"image\/png\" \/>\n<meta name=\"author\" content=\"Stefano Parisi\" \/>\n<meta name=\"twitter:card\" content=\"summary_large_image\" \/>\n<meta name=\"twitter:label1\" content=\"Written by\" \/>\n\t<meta name=\"twitter:data1\" content=\"Stefano Parisi\" \/>\n\t<meta name=\"twitter:label2\" content=\"Est. reading time\" \/>\n\t<meta name=\"twitter:data2\" content=\"3 minutes\" \/>\n<script type=\"application\/ld+json\" class=\"yoast-schema-graph\">{\"@context\":\"https:\/\/schema.org\",\"@graph\":[{\"@type\":\"WebPage\",\"@id\":\"https:\/\/salumitalia.it\/news\/la-parola-a-7\/\",\"url\":\"https:\/\/salumitalia.it\/news\/la-parola-a-7\/\",\"name\":\"Salumi Italia - LA PAROLA A..\",\"isPartOf\":{\"@id\":\"https:\/\/salumitalia.it\/#website\"},\"primaryImageOfPage\":{\"@id\":\"https:\/\/salumitalia.it\/news\/la-parola-a-7\/#primaryimage\"},\"image\":{\"@id\":\"https:\/\/salumitalia.it\/news\/la-parola-a-7\/#primaryimage\"},\"thumbnailUrl\":\"https:\/\/salumitalia.it\/wp-content\/uploads\/2025\/03\/TOSCANO_marzo-2-copia.png\",\"datePublished\":\"2025-03-31T13:13:25+00:00\",\"dateModified\":\"2025-03-31T13:32:00+00:00\",\"author\":{\"@id\":\"https:\/\/salumitalia.it\/#\/schema\/person\/97fc7518eb94af827f7984af0598ae06\"},\"breadcrumb\":{\"@id\":\"https:\/\/salumitalia.it\/news\/la-parola-a-7\/#breadcrumb\"},\"inLanguage\":\"de-DE\",\"potentialAction\":[{\"@type\":\"ReadAction\",\"target\":[\"https:\/\/salumitalia.it\/news\/la-parola-a-7\/\"]}]},{\"@type\":\"ImageObject\",\"inLanguage\":\"de-DE\",\"@id\":\"https:\/\/salumitalia.it\/news\/la-parola-a-7\/#primaryimage\",\"url\":\"https:\/\/salumitalia.it\/wp-content\/uploads\/2025\/03\/TOSCANO_marzo-2-copia.png\",\"contentUrl\":\"https:\/\/salumitalia.it\/wp-content\/uploads\/2025\/03\/TOSCANO_marzo-2-copia.png\",\"width\":1181,\"height\":1181},{\"@type\":\"BreadcrumbList\",\"@id\":\"https:\/\/salumitalia.it\/news\/la-parola-a-7\/#breadcrumb\",\"itemListElement\":[{\"@type\":\"ListItem\",\"position\":1,\"name\":\"Home\",\"item\":\"https:\/\/salumitalia.it\/de\/\"},{\"@type\":\"ListItem\",\"position\":2,\"name\":\"LA PAROLA A..\"}]},{\"@type\":\"WebSite\",\"@id\":\"https:\/\/salumitalia.it\/#website\",\"url\":\"https:\/\/salumitalia.it\/\",\"name\":\"Salumi Italia\",\"description\":\"\",\"potentialAction\":[{\"@type\":\"SearchAction\",\"target\":{\"@type\":\"EntryPoint\",\"urlTemplate\":\"https:\/\/salumitalia.it\/?s={search_term_string}\"},\"query-input\":{\"@type\":\"PropertyValueSpecification\",\"valueRequired\":true,\"valueName\":\"search_term_string\"}}],\"inLanguage\":\"de-DE\"},{\"@type\":\"Person\",\"@id\":\"https:\/\/salumitalia.it\/#\/schema\/person\/97fc7518eb94af827f7984af0598ae06\",\"name\":\"Stefano Parisi\",\"image\":{\"@type\":\"ImageObject\",\"inLanguage\":\"de-DE\",\"@id\":\"https:\/\/salumitalia.it\/#\/schema\/person\/image\/\",\"url\":\"https:\/\/secure.gravatar.com\/avatar\/8d04f5816680fb9894ef6d8bd1dda235bb15aaa30080ccd649226c646a556a0a?s=96&d=mm&r=g\",\"contentUrl\":\"https:\/\/secure.gravatar.com\/avatar\/8d04f5816680fb9894ef6d8bd1dda235bb15aaa30080ccd649226c646a556a0a?s=96&d=mm&r=g\",\"caption\":\"Stefano Parisi\"},\"url\":\"https:\/\/salumitalia.it\/de\/author\/parisiassica-it\/\"}]}<\/script>\n<!-- \/ Yoast SEO plugin. -->","yoast_head_json":{"title":"Salumi Italia - LA PAROLA A..","robots":{"index":"index","follow":"follow","max-snippet":"max-snippet:-1","max-image-preview":"max-image-preview:large","max-video-preview":"max-video-preview:-1"},"canonical":"https:\/\/salumitalia.it\/news\/la-parola-a-7\/","og_locale":"de_DE","og_type":"article","og_title":"Salumi Italia - LA PAROLA A..","og_description":"FABIO VIANI, PRESIDENTE DEL CONSORZIO DEL PROSCIUTTO TOSCANO Presidente, \u00e8 di qualche settimana fa la sua conferma alla presidenza del Consorzio del Prosciutto Toscano. Esatto. Sono onorato della rinnovata fiducia [&hellip;]","og_url":"https:\/\/salumitalia.it\/news\/la-parola-a-7\/","og_site_name":"Salumi Italia","article_published_time":"2025-03-31T13:13:25+00:00","article_modified_time":"2025-03-31T13:32:00+00:00","og_image":[{"width":1181,"height":1181,"url":"https:\/\/salumitalia.it\/wp-content\/uploads\/2025\/03\/TOSCANO_marzo-2-copia.png","type":"image\/png"}],"author":"Stefano Parisi","twitter_card":"summary_large_image","twitter_misc":{"Written by":"Stefano Parisi","Est. reading time":"3 minutes"},"schema":{"@context":"https:\/\/schema.org","@graph":[{"@type":"WebPage","@id":"https:\/\/salumitalia.it\/news\/la-parola-a-7\/","url":"https:\/\/salumitalia.it\/news\/la-parola-a-7\/","name":"Salumi Italia - LA PAROLA A..","isPartOf":{"@id":"https:\/\/salumitalia.it\/#website"},"primaryImageOfPage":{"@id":"https:\/\/salumitalia.it\/news\/la-parola-a-7\/#primaryimage"},"image":{"@id":"https:\/\/salumitalia.it\/news\/la-parola-a-7\/#primaryimage"},"thumbnailUrl":"https:\/\/salumitalia.it\/wp-content\/uploads\/2025\/03\/TOSCANO_marzo-2-copia.png","datePublished":"2025-03-31T13:13:25+00:00","dateModified":"2025-03-31T13:32:00+00:00","author":{"@id":"https:\/\/salumitalia.it\/#\/schema\/person\/97fc7518eb94af827f7984af0598ae06"},"breadcrumb":{"@id":"https:\/\/salumitalia.it\/news\/la-parola-a-7\/#breadcrumb"},"inLanguage":"de-DE","potentialAction":[{"@type":"ReadAction","target":["https:\/\/salumitalia.it\/news\/la-parola-a-7\/"]}]},{"@type":"ImageObject","inLanguage":"de-DE","@id":"https:\/\/salumitalia.it\/news\/la-parola-a-7\/#primaryimage","url":"https:\/\/salumitalia.it\/wp-content\/uploads\/2025\/03\/TOSCANO_marzo-2-copia.png","contentUrl":"https:\/\/salumitalia.it\/wp-content\/uploads\/2025\/03\/TOSCANO_marzo-2-copia.png","width":1181,"height":1181},{"@type":"BreadcrumbList","@id":"https:\/\/salumitalia.it\/news\/la-parola-a-7\/#breadcrumb","itemListElement":[{"@type":"ListItem","position":1,"name":"Home","item":"https:\/\/salumitalia.it\/de\/"},{"@type":"ListItem","position":2,"name":"LA PAROLA A.."}]},{"@type":"WebSite","@id":"https:\/\/salumitalia.it\/#website","url":"https:\/\/salumitalia.it\/","name":"Salumi Italia","description":"","potentialAction":[{"@type":"SearchAction","target":{"@type":"EntryPoint","urlTemplate":"https:\/\/salumitalia.it\/?s={search_term_string}"},"query-input":{"@type":"PropertyValueSpecification","valueRequired":true,"valueName":"search_term_string"}}],"inLanguage":"de-DE"},{"@type":"Person","@id":"https:\/\/salumitalia.it\/#\/schema\/person\/97fc7518eb94af827f7984af0598ae06","name":"Stefano Parisi","image":{"@type":"ImageObject","inLanguage":"de-DE","@id":"https:\/\/salumitalia.it\/#\/schema\/person\/image\/","url":"https:\/\/secure.gravatar.com\/avatar\/8d04f5816680fb9894ef6d8bd1dda235bb15aaa30080ccd649226c646a556a0a?s=96&d=mm&r=g","contentUrl":"https:\/\/secure.gravatar.com\/avatar\/8d04f5816680fb9894ef6d8bd1dda235bb15aaa30080ccd649226c646a556a0a?s=96&d=mm&r=g","caption":"Stefano Parisi"},"url":"https:\/\/salumitalia.it\/de\/author\/parisiassica-it\/"}]}},"_links":{"self":[{"href":"https:\/\/salumitalia.it\/de\/wp-json\/wp\/v2\/posts\/5761","targetHints":{"allow":["GET"]}}],"collection":[{"href":"https:\/\/salumitalia.it\/de\/wp-json\/wp\/v2\/posts"}],"about":[{"href":"https:\/\/salumitalia.it\/de\/wp-json\/wp\/v2\/types\/post"}],"author":[{"embeddable":true,"href":"https:\/\/salumitalia.it\/de\/wp-json\/wp\/v2\/users\/5"}],"replies":[{"embeddable":true,"href":"https:\/\/salumitalia.it\/de\/wp-json\/wp\/v2\/comments?post=5761"}],"version-history":[{"count":5,"href":"https:\/\/salumitalia.it\/de\/wp-json\/wp\/v2\/posts\/5761\/revisions"}],"predecessor-version":[{"id":5793,"href":"https:\/\/salumitalia.it\/de\/wp-json\/wp\/v2\/posts\/5761\/revisions\/5793"}],"wp:featuredmedia":[{"embeddable":true,"href":"https:\/\/salumitalia.it\/de\/wp-json\/wp\/v2\/media\/5782"}],"wp:attachment":[{"href":"https:\/\/salumitalia.it\/de\/wp-json\/wp\/v2\/media?parent=5761"}],"wp:term":[{"taxonomy":"category","embeddable":true,"href":"https:\/\/salumitalia.it\/de\/wp-json\/wp\/v2\/categories?post=5761"},{"taxonomy":"post_tag","embeddable":true,"href":"https:\/\/salumitalia.it\/de\/wp-json\/wp\/v2\/tags?post=5761"}],"curies":[{"name":"wp","href":"https:\/\/api.w.org\/{rel}","templated":true}]}}