{"id":5717,"date":"2025-03-27T10:14:22","date_gmt":"2025-03-27T09:14:22","guid":{"rendered":"https:\/\/www.isitsalumi.it\/?p=5717"},"modified":"2025-03-31T15:25:54","modified_gmt":"2025-03-31T13:25:54","slug":"prosciutto-di-modena-dop-incremento-delle-cosce-avviate-alla-produzione-crescita-del-preaffettato-bene-lexport","status":"publish","type":"post","link":"https:\/\/salumitalia.it\/de\/news\/prosciutto-di-modena-dop-incremento-delle-cosce-avviate-alla-produzione-crescita-del-preaffettato-bene-lexport\/","title":{"rendered":"PROSCIUTTO DI MODENA DOP:   INCREMENTO DELLE COSCE AVVIATE ALLA PRODUZIONE. CRESCITA DEL PREAFFETTATO. BENE L\u2019EXPORT."},"content":{"rendered":"<div>Il <strong>Prosciutto di Modena DOP<\/strong> continua a dimostrare la sua resilienza e il suo prestigio nel panorama gastronomico italiano con un incremento significativo, pari al <strong>+20%<\/strong>, rispetto al 2023, delle <strong>cosce avviate alla produzione<\/strong>. Sono stati infatti 37.746 i prosciutti marchiati avviati alla produzione <strong>nel 2024<\/strong>, rispetto ai 31.486 del 2023, per un <strong>valore alla produzione di circa 4 milioni di euro<\/strong>.<\/div>\n<div><\/div>\n<div>Per quanto riguarda le vendite, si \u00e8 registrato un calo passando dalle 47.533 unit\u00e0 del 2023 alle 34.271 del 2024, con una riduzione del 28%. Questo calo \u00e8 stato determinato in prima battuta dall\u2019incremento del costo della materia prima, a causa della diffusione della PSA che ha ridotto significativamente il quantitativo di merce disponibile, a cui si sono aggiunti altri fattori economici globali (aumento del costo dell\u2019energia in primis) che hanno impattato sul settore alimentare.<\/div>\n<div><\/div>\n<div>Dato positivo quello rappresentato dalla produzione di <strong>vaschette di preaffettato<\/strong> che ha visto un <strong>incremento del 6,5%<\/strong>, passando dalle 642.704 del 2023 alle <strong>683.788 del 2024<\/strong>, a testimonianza che i consumatori continuano ad orientarsi verso questa tipologia di consumo. Praticit\u00e0, possibilit\u00e0 di conservazione pi\u00f9 lunga &#8211; senza rinunciare a qualit\u00e0, freschezza e gusto &#8211; rappresentano la combinazione vincente che porta questo segmento ad espandere la propria quota di mercato.<\/div>\n<div><\/div>\n<div><strong>L\u2019export del Prosciutto di Modena DOP<\/strong> si mantiene stabile, con una <strong>quota compresa tra il 7% e l\u20198%<\/strong>, <strong>con gli Stati Uniti che si confermano primo partner per quanto riguarda il mercato estero.<\/strong> \u201c<em>Questo dato \u00e8 un segnale positivo a dimostrazione che il nostro prodotto continua a guadagnare riconoscimento e apprezzamento a livello internazionale\u201d<\/em> &#8211; commenta la <strong>presidente del Consorzio Giorgia Vitali<\/strong>. \u201c<em>Per questo, auspichiamo e rimaniamo fiduciosi che le Istituzioni, in questo momento cos\u00ec delicato, possano trovare i giusti accordi che garantiscano alle aziende di continuare ad esportare senza subire aggravi e sanzioni.\u00a0 La cooperazione commerciale \u00e8 essenziale per la crescita e il successo di tutti.&#8221;<\/em><\/div>\n<div><\/div>\n<div>Il Consorzio del Prosciutto di Modena DOP, attraverso le sue aziende, si impegna a garantire la qualit\u00e0 e l\u2019autenticit\u00e0 del prodotto, nonostante le sfide che il mercato impone, a dimostrazione della passione e della dedizione dei produttori locali che continuano a lavorare con impegno per mantenere viva la tradizione del Prosciutto di Modena DOP.<\/div>\n","protected":false},"excerpt":{"rendered":"<p>Il Prosciutto di Modena DOP continua a dimostrare la sua resilienza e il suo prestigio nel panorama gastronomico italiano con un incremento significativo, pari al +20%, rispetto al 2023, delle [&hellip;]<\/p>\n","protected":false},"author":5,"featured_media":5740,"comment_status":"closed","ping_status":"closed","sticky":false,"template":"","format":"standard","meta":{"_acf_changed":false,"footnotes":""},"categories":[1],"tags":[],"class_list":["post-5717","post","type-post","status-publish","format-standard","has-post-thumbnail","hentry","category-news"],"acf":[],"yoast_head":"<!-- This site is optimized with the Yoast SEO plugin v24.8.1 - https:\/\/yoast.com\/wordpress\/plugins\/seo\/ -->\n<title>Salumi Italia - PROSCIUTTO DI MODENA DOP:  INCREMENTO DELLE COSCE AVVIATE ALLA PRODUZIONE. CRESCITA DEL PREAFFETTATO. BENE L\u2019EXPORT.<\/title>\n<meta name=\"robots\" content=\"index, follow, max-snippet:-1, max-image-preview:large, max-video-preview:-1\" \/>\n<link rel=\"canonical\" href=\"https:\/\/salumitalia.it\/news\/prosciutto-di-modena-dop-incremento-delle-cosce-avviate-alla-produzione-crescita-del-preaffettato-bene-lexport\/\" \/>\n<meta property=\"og:locale\" content=\"de_DE\" \/>\n<meta property=\"og:type\" content=\"article\" \/>\n<meta property=\"og:title\" content=\"Salumi Italia - PROSCIUTTO DI MODENA DOP:  INCREMENTO DELLE COSCE AVVIATE ALLA PRODUZIONE. CRESCITA DEL PREAFFETTATO. BENE L\u2019EXPORT.\" \/>\n<meta property=\"og:description\" content=\"Il Prosciutto di Modena DOP continua a dimostrare la sua resilienza e il suo prestigio nel panorama gastronomico italiano con un incremento significativo, pari al +20%, rispetto al 2023, delle [&hellip;]\" \/>\n<meta property=\"og:url\" content=\"https:\/\/salumitalia.it\/news\/prosciutto-di-modena-dop-incremento-delle-cosce-avviate-alla-produzione-crescita-del-preaffettato-bene-lexport\/\" \/>\n<meta property=\"og:site_name\" content=\"Salumi Italia\" \/>\n<meta property=\"article:published_time\" content=\"2025-03-27T09:14:22+00:00\" \/>\n<meta property=\"article:modified_time\" content=\"2025-03-31T13:25:54+00:00\" \/>\n<meta property=\"og:image\" content=\"https:\/\/salumitalia.it\/wp-content\/uploads\/2025\/03\/P-MODENA_marzo-copia.png\" \/>\n\t<meta property=\"og:image:width\" content=\"1181\" \/>\n\t<meta property=\"og:image:height\" content=\"1181\" \/>\n\t<meta property=\"og:image:type\" content=\"image\/png\" \/>\n<meta name=\"author\" content=\"Stefano Parisi\" \/>\n<meta name=\"twitter:card\" content=\"summary_large_image\" \/>\n<meta name=\"twitter:label1\" content=\"Written by\" \/>\n\t<meta name=\"twitter:data1\" content=\"Stefano Parisi\" \/>\n\t<meta name=\"twitter:label2\" content=\"Est. reading time\" \/>\n\t<meta name=\"twitter:data2\" content=\"3 minutes\" \/>\n<script type=\"application\/ld+json\" class=\"yoast-schema-graph\">{\"@context\":\"https:\/\/schema.org\",\"@graph\":[{\"@type\":\"WebPage\",\"@id\":\"https:\/\/salumitalia.it\/news\/prosciutto-di-modena-dop-incremento-delle-cosce-avviate-alla-produzione-crescita-del-preaffettato-bene-lexport\/\",\"url\":\"https:\/\/salumitalia.it\/news\/prosciutto-di-modena-dop-incremento-delle-cosce-avviate-alla-produzione-crescita-del-preaffettato-bene-lexport\/\",\"name\":\"Salumi Italia - PROSCIUTTO DI MODENA DOP: INCREMENTO DELLE COSCE AVVIATE ALLA PRODUZIONE. CRESCITA DEL PREAFFETTATO. BENE L\u2019EXPORT.\",\"isPartOf\":{\"@id\":\"https:\/\/salumitalia.it\/#website\"},\"primaryImageOfPage\":{\"@id\":\"https:\/\/salumitalia.it\/news\/prosciutto-di-modena-dop-incremento-delle-cosce-avviate-alla-produzione-crescita-del-preaffettato-bene-lexport\/#primaryimage\"},\"image\":{\"@id\":\"https:\/\/salumitalia.it\/news\/prosciutto-di-modena-dop-incremento-delle-cosce-avviate-alla-produzione-crescita-del-preaffettato-bene-lexport\/#primaryimage\"},\"thumbnailUrl\":\"https:\/\/salumitalia.it\/wp-content\/uploads\/2025\/03\/P-MODENA_marzo-copia.png\",\"datePublished\":\"2025-03-27T09:14:22+00:00\",\"dateModified\":\"2025-03-31T13:25:54+00:00\",\"author\":{\"@id\":\"https:\/\/salumitalia.it\/#\/schema\/person\/97fc7518eb94af827f7984af0598ae06\"},\"breadcrumb\":{\"@id\":\"https:\/\/salumitalia.it\/news\/prosciutto-di-modena-dop-incremento-delle-cosce-avviate-alla-produzione-crescita-del-preaffettato-bene-lexport\/#breadcrumb\"},\"inLanguage\":\"de-DE\",\"potentialAction\":[{\"@type\":\"ReadAction\",\"target\":[\"https:\/\/salumitalia.it\/news\/prosciutto-di-modena-dop-incremento-delle-cosce-avviate-alla-produzione-crescita-del-preaffettato-bene-lexport\/\"]}]},{\"@type\":\"ImageObject\",\"inLanguage\":\"de-DE\",\"@id\":\"https:\/\/salumitalia.it\/news\/prosciutto-di-modena-dop-incremento-delle-cosce-avviate-alla-produzione-crescita-del-preaffettato-bene-lexport\/#primaryimage\",\"url\":\"https:\/\/salumitalia.it\/wp-content\/uploads\/2025\/03\/P-MODENA_marzo-copia.png\",\"contentUrl\":\"https:\/\/salumitalia.it\/wp-content\/uploads\/2025\/03\/P-MODENA_marzo-copia.png\",\"width\":1181,\"height\":1181},{\"@type\":\"BreadcrumbList\",\"@id\":\"https:\/\/salumitalia.it\/news\/prosciutto-di-modena-dop-incremento-delle-cosce-avviate-alla-produzione-crescita-del-preaffettato-bene-lexport\/#breadcrumb\",\"itemListElement\":[{\"@type\":\"ListItem\",\"position\":1,\"name\":\"Home\",\"item\":\"https:\/\/salumitalia.it\/de\/\"},{\"@type\":\"ListItem\",\"position\":2,\"name\":\"PROSCIUTTO DI MODENA DOP: INCREMENTO DELLE COSCE AVVIATE ALLA PRODUZIONE. CRESCITA DEL PREAFFETTATO. BENE L\u2019EXPORT.\"}]},{\"@type\":\"WebSite\",\"@id\":\"https:\/\/salumitalia.it\/#website\",\"url\":\"https:\/\/salumitalia.it\/\",\"name\":\"Salumi Italia\",\"description\":\"\",\"potentialAction\":[{\"@type\":\"SearchAction\",\"target\":{\"@type\":\"EntryPoint\",\"urlTemplate\":\"https:\/\/salumitalia.it\/?s={search_term_string}\"},\"query-input\":{\"@type\":\"PropertyValueSpecification\",\"valueRequired\":true,\"valueName\":\"search_term_string\"}}],\"inLanguage\":\"de-DE\"},{\"@type\":\"Person\",\"@id\":\"https:\/\/salumitalia.it\/#\/schema\/person\/97fc7518eb94af827f7984af0598ae06\",\"name\":\"Stefano Parisi\",\"image\":{\"@type\":\"ImageObject\",\"inLanguage\":\"de-DE\",\"@id\":\"https:\/\/salumitalia.it\/#\/schema\/person\/image\/\",\"url\":\"https:\/\/secure.gravatar.com\/avatar\/8d04f5816680fb9894ef6d8bd1dda235bb15aaa30080ccd649226c646a556a0a?s=96&d=mm&r=g\",\"contentUrl\":\"https:\/\/secure.gravatar.com\/avatar\/8d04f5816680fb9894ef6d8bd1dda235bb15aaa30080ccd649226c646a556a0a?s=96&d=mm&r=g\",\"caption\":\"Stefano Parisi\"},\"url\":\"https:\/\/salumitalia.it\/de\/author\/parisiassica-it\/\"}]}<\/script>\n<!-- \/ Yoast SEO plugin. -->","yoast_head_json":{"title":"Salumi Italia - PROSCIUTTO DI MODENA DOP:  INCREMENTO DELLE COSCE AVVIATE ALLA PRODUZIONE. CRESCITA DEL PREAFFETTATO. BENE L\u2019EXPORT.","robots":{"index":"index","follow":"follow","max-snippet":"max-snippet:-1","max-image-preview":"max-image-preview:large","max-video-preview":"max-video-preview:-1"},"canonical":"https:\/\/salumitalia.it\/news\/prosciutto-di-modena-dop-incremento-delle-cosce-avviate-alla-produzione-crescita-del-preaffettato-bene-lexport\/","og_locale":"de_DE","og_type":"article","og_title":"Salumi Italia - PROSCIUTTO DI MODENA DOP:  INCREMENTO DELLE COSCE AVVIATE ALLA PRODUZIONE. CRESCITA DEL PREAFFETTATO. BENE L\u2019EXPORT.","og_description":"Il Prosciutto di Modena DOP continua a dimostrare la sua resilienza e il suo prestigio nel panorama gastronomico italiano con un incremento significativo, pari al +20%, rispetto al 2023, delle [&hellip;]","og_url":"https:\/\/salumitalia.it\/news\/prosciutto-di-modena-dop-incremento-delle-cosce-avviate-alla-produzione-crescita-del-preaffettato-bene-lexport\/","og_site_name":"Salumi Italia","article_published_time":"2025-03-27T09:14:22+00:00","article_modified_time":"2025-03-31T13:25:54+00:00","og_image":[{"width":1181,"height":1181,"url":"https:\/\/salumitalia.it\/wp-content\/uploads\/2025\/03\/P-MODENA_marzo-copia.png","type":"image\/png"}],"author":"Stefano Parisi","twitter_card":"summary_large_image","twitter_misc":{"Written by":"Stefano Parisi","Est. reading time":"3 minutes"},"schema":{"@context":"https:\/\/schema.org","@graph":[{"@type":"WebPage","@id":"https:\/\/salumitalia.it\/news\/prosciutto-di-modena-dop-incremento-delle-cosce-avviate-alla-produzione-crescita-del-preaffettato-bene-lexport\/","url":"https:\/\/salumitalia.it\/news\/prosciutto-di-modena-dop-incremento-delle-cosce-avviate-alla-produzione-crescita-del-preaffettato-bene-lexport\/","name":"Salumi Italia - PROSCIUTTO DI MODENA DOP: INCREMENTO DELLE COSCE AVVIATE ALLA PRODUZIONE. CRESCITA DEL PREAFFETTATO. BENE L\u2019EXPORT.","isPartOf":{"@id":"https:\/\/salumitalia.it\/#website"},"primaryImageOfPage":{"@id":"https:\/\/salumitalia.it\/news\/prosciutto-di-modena-dop-incremento-delle-cosce-avviate-alla-produzione-crescita-del-preaffettato-bene-lexport\/#primaryimage"},"image":{"@id":"https:\/\/salumitalia.it\/news\/prosciutto-di-modena-dop-incremento-delle-cosce-avviate-alla-produzione-crescita-del-preaffettato-bene-lexport\/#primaryimage"},"thumbnailUrl":"https:\/\/salumitalia.it\/wp-content\/uploads\/2025\/03\/P-MODENA_marzo-copia.png","datePublished":"2025-03-27T09:14:22+00:00","dateModified":"2025-03-31T13:25:54+00:00","author":{"@id":"https:\/\/salumitalia.it\/#\/schema\/person\/97fc7518eb94af827f7984af0598ae06"},"breadcrumb":{"@id":"https:\/\/salumitalia.it\/news\/prosciutto-di-modena-dop-incremento-delle-cosce-avviate-alla-produzione-crescita-del-preaffettato-bene-lexport\/#breadcrumb"},"inLanguage":"de-DE","potentialAction":[{"@type":"ReadAction","target":["https:\/\/salumitalia.it\/news\/prosciutto-di-modena-dop-incremento-delle-cosce-avviate-alla-produzione-crescita-del-preaffettato-bene-lexport\/"]}]},{"@type":"ImageObject","inLanguage":"de-DE","@id":"https:\/\/salumitalia.it\/news\/prosciutto-di-modena-dop-incremento-delle-cosce-avviate-alla-produzione-crescita-del-preaffettato-bene-lexport\/#primaryimage","url":"https:\/\/salumitalia.it\/wp-content\/uploads\/2025\/03\/P-MODENA_marzo-copia.png","contentUrl":"https:\/\/salumitalia.it\/wp-content\/uploads\/2025\/03\/P-MODENA_marzo-copia.png","width":1181,"height":1181},{"@type":"BreadcrumbList","@id":"https:\/\/salumitalia.it\/news\/prosciutto-di-modena-dop-incremento-delle-cosce-avviate-alla-produzione-crescita-del-preaffettato-bene-lexport\/#breadcrumb","itemListElement":[{"@type":"ListItem","position":1,"name":"Home","item":"https:\/\/salumitalia.it\/de\/"},{"@type":"ListItem","position":2,"name":"PROSCIUTTO DI MODENA DOP: INCREMENTO DELLE COSCE AVVIATE ALLA PRODUZIONE. CRESCITA DEL PREAFFETTATO. BENE L\u2019EXPORT."}]},{"@type":"WebSite","@id":"https:\/\/salumitalia.it\/#website","url":"https:\/\/salumitalia.it\/","name":"Salumi Italia","description":"","potentialAction":[{"@type":"SearchAction","target":{"@type":"EntryPoint","urlTemplate":"https:\/\/salumitalia.it\/?s={search_term_string}"},"query-input":{"@type":"PropertyValueSpecification","valueRequired":true,"valueName":"search_term_string"}}],"inLanguage":"de-DE"},{"@type":"Person","@id":"https:\/\/salumitalia.it\/#\/schema\/person\/97fc7518eb94af827f7984af0598ae06","name":"Stefano Parisi","image":{"@type":"ImageObject","inLanguage":"de-DE","@id":"https:\/\/salumitalia.it\/#\/schema\/person\/image\/","url":"https:\/\/secure.gravatar.com\/avatar\/8d04f5816680fb9894ef6d8bd1dda235bb15aaa30080ccd649226c646a556a0a?s=96&d=mm&r=g","contentUrl":"https:\/\/secure.gravatar.com\/avatar\/8d04f5816680fb9894ef6d8bd1dda235bb15aaa30080ccd649226c646a556a0a?s=96&d=mm&r=g","caption":"Stefano Parisi"},"url":"https:\/\/salumitalia.it\/de\/author\/parisiassica-it\/"}]}},"_links":{"self":[{"href":"https:\/\/salumitalia.it\/de\/wp-json\/wp\/v2\/posts\/5717","targetHints":{"allow":["GET"]}}],"collection":[{"href":"https:\/\/salumitalia.it\/de\/wp-json\/wp\/v2\/posts"}],"about":[{"href":"https:\/\/salumitalia.it\/de\/wp-json\/wp\/v2\/types\/post"}],"author":[{"embeddable":true,"href":"https:\/\/salumitalia.it\/de\/wp-json\/wp\/v2\/users\/5"}],"replies":[{"embeddable":true,"href":"https:\/\/salumitalia.it\/de\/wp-json\/wp\/v2\/comments?post=5717"}],"version-history":[{"count":3,"href":"https:\/\/salumitalia.it\/de\/wp-json\/wp\/v2\/posts\/5717\/revisions"}],"predecessor-version":[{"id":5798,"href":"https:\/\/salumitalia.it\/de\/wp-json\/wp\/v2\/posts\/5717\/revisions\/5798"}],"wp:featuredmedia":[{"embeddable":true,"href":"https:\/\/salumitalia.it\/de\/wp-json\/wp\/v2\/media\/5740"}],"wp:attachment":[{"href":"https:\/\/salumitalia.it\/de\/wp-json\/wp\/v2\/media?parent=5717"}],"wp:term":[{"taxonomy":"category","embeddable":true,"href":"https:\/\/salumitalia.it\/de\/wp-json\/wp\/v2\/categories?post=5717"},{"taxonomy":"post_tag","embeddable":true,"href":"https:\/\/salumitalia.it\/de\/wp-json\/wp\/v2\/tags?post=5717"}],"curies":[{"name":"wp","href":"https:\/\/api.w.org\/{rel}","templated":true}]}}