{"id":5617,"date":"2024-12-20T15:03:34","date_gmt":"2024-12-20T14:03:34","guid":{"rendered":"https:\/\/www.isitsalumi.it\/?p=5617"},"modified":"2024-12-23T16:12:50","modified_gmt":"2024-12-23T15:12:50","slug":"accordo-ue-mercosur-raggiunta-lintesa-politica-sullaccordo-di-paternariato","status":"publish","type":"post","link":"https:\/\/salumitalia.it\/de\/news\/accordo-ue-mercosur-raggiunta-lintesa-politica-sullaccordo-di-paternariato\/","title":{"rendered":"ACCORDO UE\/MERCOSUR: RAGGIUNTA L&#8217;INTESA POLITICA SULL&#8217;ACCORDO DI PATERNARIATO"},"content":{"rendered":"<p>Il 29 giugno 2019, l\u2019Unione europea e il Mercosur (Brasile, Argentina, Paraguay e Uruguay) hanno concluso i negoziati per un accordo commerciale; lo scorso 6 dicembre, la Presidente della Commissione europea Ursula von der Leyen e i suoi omologhi dei quattro Paesi Mercosur hanno portato il loro accordo al livello successivo, sottoscrivendo l\u2019<strong>accordo politico per una partnership innovativa<\/strong>.<\/p>\n<p>Questo accordo, che giunge in un momento cruciale per entrambe le parti, offre l\u2019opportunit\u00e0 di benefici reciproci notevoli per effetto del <strong>rafforzamento della cooperazione geopolitica ed economica<\/strong>, oltre che in materia di sostenibilit\u00e0 e sicurezza. In particolare,<\/p>\n<p>\u2022 rafforzer\u00e0 il commercio strategico e i legami politici tra partner affidabili che condividono gli stessi principi<br \/>\n\u2022 sosterr\u00e0 la crescita economica, stimoler\u00e0 la competitivit\u00e0 e rafforzer\u00e0 la resilienza di entrambe le parti schiudendo opportunit\u00e0 commerciali e di investimento e assicurando un accesso sostenibile alle materie prime e alla relativa trasformazione<br \/>\n\u2022 costituisce una pietra miliare per il contrasto del cambiamento climatico, con impegni forti, specifici e misurabili per fermare la deforestazione<br \/>\n\u2022 prende in considerazione gli interessi di tutti gli europei, compresi quelli del comparto agricolo dell&#8217;UE, che riveste un&#8217;importanza fondamentale. Contribuir\u00e0 all&#8217;aumento delle esportazioni agroalimentari dell\u2019UE tutelando nel contempo i settori sensibili<br \/>\n\u2022 preserva gli standard dell&#8217;UE per quanto concerne la salute animale e la sicurezza alimentare impedendo l&#8217;ingresso nel nostro mercato di prodotti non sicuri.<\/p>\n<p>Al momento appaiono incerte le prospettive\/tempistiche sul perfezionamento dell\u2019accordo per l\u2019acceso dibattito sviluppatosi nell\u2019Unione europea dove alcuni Stati membri UE (a cominciare dalla Francia) hanno manifestato contrariet\u00e0 o comunque forti riserve a difesa degli agricoltori europei, mentre altri Stati membri sostengono l\u2019opportunit\u00e0 dell\u2019intesa. Il testo dell\u2019accordo \u00e8 stato pubblicato sul sito web della Commissione europea e dovr\u00e0 essere verificato da giuristi-linguisti e tradotto in tutte le lingue ufficiali dell\u2019UE. Una volta concluse queste fasi, la Commissione sottoporr\u00e0 una proposta al Consiglio e al Parlamento per la firma e la conclusione.<\/p>\n<p>Gli uffici della Commissione hanno stimato che, una volta in vigore, <strong>l\u2019Accordo favorir\u00e0 il commercio e gli investimenti bilaterali riducendo le barriere tariffarie e non tariffarie<\/strong> (<strong>consentir\u00e0 alle aziende europee di risparmiare oltre 4 miliardi di dazi all\u2019anno<\/strong>), definendo regole condivise, a esempio, nel settore dei diritti di propriet\u00e0 intellettuale (comprese le Indicazioni Geografiche), degli standard di sicurezza alimentare, della concorrenza e delle buone pratiche.<br \/>\nL\u2019accordo dovrebbe anche garantire meno restrizioni per questioni legate alla sanit\u00e0 animale, prevedendo il <strong>riconoscimento del \u201cprincipio di regionalizzazione<\/strong>\u201d.<\/p>\n<p>&nbsp;<\/p>\n","protected":false},"excerpt":{"rendered":"<p>Il 29 giugno 2019, l\u2019Unione europea e il Mercosur (Brasile, Argentina, Paraguay e Uruguay) hanno concluso i negoziati per un accordo commerciale; lo scorso 6 dicembre, la Presidente della Commissione [&hellip;]<\/p>\n","protected":false},"author":5,"featured_media":5626,"comment_status":"closed","ping_status":"closed","sticky":false,"template":"","format":"standard","meta":{"_acf_changed":false,"footnotes":""},"categories":[1],"tags":[],"class_list":["post-5617","post","type-post","status-publish","format-standard","has-post-thumbnail","hentry","category-news"],"acf":[],"yoast_head":"<!-- This site is optimized with the Yoast SEO plugin v24.8.1 - https:\/\/yoast.com\/wordpress\/plugins\/seo\/ -->\n<title>Salumi Italia - ACCORDO UE\/MERCOSUR: RAGGIUNTA L&#039;INTESA POLITICA SULL&#039;ACCORDO DI PATERNARIATO<\/title>\n<meta name=\"robots\" content=\"index, follow, max-snippet:-1, max-image-preview:large, max-video-preview:-1\" \/>\n<link rel=\"canonical\" href=\"https:\/\/salumitalia.it\/news\/accordo-ue-mercosur-raggiunta-lintesa-politica-sullaccordo-di-paternariato\/\" \/>\n<meta property=\"og:locale\" content=\"de_DE\" \/>\n<meta property=\"og:type\" content=\"article\" \/>\n<meta property=\"og:title\" content=\"Salumi Italia - ACCORDO UE\/MERCOSUR: RAGGIUNTA L&#039;INTESA POLITICA SULL&#039;ACCORDO DI PATERNARIATO\" \/>\n<meta property=\"og:description\" content=\"Il 29 giugno 2019, l\u2019Unione europea e il Mercosur (Brasile, Argentina, Paraguay e Uruguay) hanno concluso i negoziati per un accordo commerciale; lo scorso 6 dicembre, la Presidente della Commissione [&hellip;]\" \/>\n<meta property=\"og:url\" content=\"https:\/\/salumitalia.it\/news\/accordo-ue-mercosur-raggiunta-lintesa-politica-sullaccordo-di-paternariato\/\" \/>\n<meta property=\"og:site_name\" content=\"Salumi Italia\" \/>\n<meta property=\"article:published_time\" content=\"2024-12-20T14:03:34+00:00\" \/>\n<meta property=\"article:modified_time\" content=\"2024-12-23T15:12:50+00:00\" \/>\n<meta property=\"og:image\" content=\"https:\/\/salumitalia.it\/wp-content\/uploads\/2024\/12\/UE-mercosur.png\" \/>\n\t<meta property=\"og:image:width\" content=\"1181\" \/>\n\t<meta property=\"og:image:height\" content=\"1181\" \/>\n\t<meta property=\"og:image:type\" content=\"image\/png\" \/>\n<meta name=\"author\" content=\"Stefano Parisi\" \/>\n<meta name=\"twitter:card\" content=\"summary_large_image\" \/>\n<meta name=\"twitter:label1\" content=\"Written by\" \/>\n\t<meta name=\"twitter:data1\" content=\"Stefano Parisi\" \/>\n\t<meta name=\"twitter:label2\" content=\"Est. reading time\" \/>\n\t<meta name=\"twitter:data2\" content=\"3 minutes\" \/>\n<script type=\"application\/ld+json\" class=\"yoast-schema-graph\">{\"@context\":\"https:\/\/schema.org\",\"@graph\":[{\"@type\":\"WebPage\",\"@id\":\"https:\/\/salumitalia.it\/news\/accordo-ue-mercosur-raggiunta-lintesa-politica-sullaccordo-di-paternariato\/\",\"url\":\"https:\/\/salumitalia.it\/news\/accordo-ue-mercosur-raggiunta-lintesa-politica-sullaccordo-di-paternariato\/\",\"name\":\"Salumi Italia - ACCORDO UE\/MERCOSUR: RAGGIUNTA L'INTESA POLITICA SULL'ACCORDO DI PATERNARIATO\",\"isPartOf\":{\"@id\":\"https:\/\/salumitalia.it\/#website\"},\"primaryImageOfPage\":{\"@id\":\"https:\/\/salumitalia.it\/news\/accordo-ue-mercosur-raggiunta-lintesa-politica-sullaccordo-di-paternariato\/#primaryimage\"},\"image\":{\"@id\":\"https:\/\/salumitalia.it\/news\/accordo-ue-mercosur-raggiunta-lintesa-politica-sullaccordo-di-paternariato\/#primaryimage\"},\"thumbnailUrl\":\"https:\/\/salumitalia.it\/wp-content\/uploads\/2024\/12\/UE-mercosur.png\",\"datePublished\":\"2024-12-20T14:03:34+00:00\",\"dateModified\":\"2024-12-23T15:12:50+00:00\",\"author\":{\"@id\":\"https:\/\/salumitalia.it\/#\/schema\/person\/97fc7518eb94af827f7984af0598ae06\"},\"breadcrumb\":{\"@id\":\"https:\/\/salumitalia.it\/news\/accordo-ue-mercosur-raggiunta-lintesa-politica-sullaccordo-di-paternariato\/#breadcrumb\"},\"inLanguage\":\"de-DE\",\"potentialAction\":[{\"@type\":\"ReadAction\",\"target\":[\"https:\/\/salumitalia.it\/news\/accordo-ue-mercosur-raggiunta-lintesa-politica-sullaccordo-di-paternariato\/\"]}]},{\"@type\":\"ImageObject\",\"inLanguage\":\"de-DE\",\"@id\":\"https:\/\/salumitalia.it\/news\/accordo-ue-mercosur-raggiunta-lintesa-politica-sullaccordo-di-paternariato\/#primaryimage\",\"url\":\"https:\/\/salumitalia.it\/wp-content\/uploads\/2024\/12\/UE-mercosur.png\",\"contentUrl\":\"https:\/\/salumitalia.it\/wp-content\/uploads\/2024\/12\/UE-mercosur.png\",\"width\":1181,\"height\":1181},{\"@type\":\"BreadcrumbList\",\"@id\":\"https:\/\/salumitalia.it\/news\/accordo-ue-mercosur-raggiunta-lintesa-politica-sullaccordo-di-paternariato\/#breadcrumb\",\"itemListElement\":[{\"@type\":\"ListItem\",\"position\":1,\"name\":\"Home\",\"item\":\"https:\/\/salumitalia.it\/de\/\"},{\"@type\":\"ListItem\",\"position\":2,\"name\":\"ACCORDO UE\/MERCOSUR: RAGGIUNTA L&#8217;INTESA POLITICA SULL&#8217;ACCORDO DI PATERNARIATO\"}]},{\"@type\":\"WebSite\",\"@id\":\"https:\/\/salumitalia.it\/#website\",\"url\":\"https:\/\/salumitalia.it\/\",\"name\":\"Salumi Italia\",\"description\":\"\",\"potentialAction\":[{\"@type\":\"SearchAction\",\"target\":{\"@type\":\"EntryPoint\",\"urlTemplate\":\"https:\/\/salumitalia.it\/?s={search_term_string}\"},\"query-input\":{\"@type\":\"PropertyValueSpecification\",\"valueRequired\":true,\"valueName\":\"search_term_string\"}}],\"inLanguage\":\"de-DE\"},{\"@type\":\"Person\",\"@id\":\"https:\/\/salumitalia.it\/#\/schema\/person\/97fc7518eb94af827f7984af0598ae06\",\"name\":\"Stefano Parisi\",\"image\":{\"@type\":\"ImageObject\",\"inLanguage\":\"de-DE\",\"@id\":\"https:\/\/salumitalia.it\/#\/schema\/person\/image\/\",\"url\":\"https:\/\/secure.gravatar.com\/avatar\/8d04f5816680fb9894ef6d8bd1dda235bb15aaa30080ccd649226c646a556a0a?s=96&d=mm&r=g\",\"contentUrl\":\"https:\/\/secure.gravatar.com\/avatar\/8d04f5816680fb9894ef6d8bd1dda235bb15aaa30080ccd649226c646a556a0a?s=96&d=mm&r=g\",\"caption\":\"Stefano Parisi\"},\"url\":\"https:\/\/salumitalia.it\/de\/author\/parisiassica-it\/\"}]}<\/script>\n<!-- \/ Yoast SEO plugin. -->","yoast_head_json":{"title":"Salumi Italia - ACCORDO UE\/MERCOSUR: RAGGIUNTA L'INTESA POLITICA SULL'ACCORDO DI PATERNARIATO","robots":{"index":"index","follow":"follow","max-snippet":"max-snippet:-1","max-image-preview":"max-image-preview:large","max-video-preview":"max-video-preview:-1"},"canonical":"https:\/\/salumitalia.it\/news\/accordo-ue-mercosur-raggiunta-lintesa-politica-sullaccordo-di-paternariato\/","og_locale":"de_DE","og_type":"article","og_title":"Salumi Italia - ACCORDO UE\/MERCOSUR: RAGGIUNTA L'INTESA POLITICA SULL'ACCORDO DI PATERNARIATO","og_description":"Il 29 giugno 2019, l\u2019Unione europea e il Mercosur (Brasile, Argentina, Paraguay e Uruguay) hanno concluso i negoziati per un accordo commerciale; lo scorso 6 dicembre, la Presidente della Commissione [&hellip;]","og_url":"https:\/\/salumitalia.it\/news\/accordo-ue-mercosur-raggiunta-lintesa-politica-sullaccordo-di-paternariato\/","og_site_name":"Salumi Italia","article_published_time":"2024-12-20T14:03:34+00:00","article_modified_time":"2024-12-23T15:12:50+00:00","og_image":[{"width":1181,"height":1181,"url":"https:\/\/salumitalia.it\/wp-content\/uploads\/2024\/12\/UE-mercosur.png","type":"image\/png"}],"author":"Stefano Parisi","twitter_card":"summary_large_image","twitter_misc":{"Written by":"Stefano Parisi","Est. reading time":"3 minutes"},"schema":{"@context":"https:\/\/schema.org","@graph":[{"@type":"WebPage","@id":"https:\/\/salumitalia.it\/news\/accordo-ue-mercosur-raggiunta-lintesa-politica-sullaccordo-di-paternariato\/","url":"https:\/\/salumitalia.it\/news\/accordo-ue-mercosur-raggiunta-lintesa-politica-sullaccordo-di-paternariato\/","name":"Salumi Italia - ACCORDO UE\/MERCOSUR: RAGGIUNTA L'INTESA POLITICA SULL'ACCORDO DI PATERNARIATO","isPartOf":{"@id":"https:\/\/salumitalia.it\/#website"},"primaryImageOfPage":{"@id":"https:\/\/salumitalia.it\/news\/accordo-ue-mercosur-raggiunta-lintesa-politica-sullaccordo-di-paternariato\/#primaryimage"},"image":{"@id":"https:\/\/salumitalia.it\/news\/accordo-ue-mercosur-raggiunta-lintesa-politica-sullaccordo-di-paternariato\/#primaryimage"},"thumbnailUrl":"https:\/\/salumitalia.it\/wp-content\/uploads\/2024\/12\/UE-mercosur.png","datePublished":"2024-12-20T14:03:34+00:00","dateModified":"2024-12-23T15:12:50+00:00","author":{"@id":"https:\/\/salumitalia.it\/#\/schema\/person\/97fc7518eb94af827f7984af0598ae06"},"breadcrumb":{"@id":"https:\/\/salumitalia.it\/news\/accordo-ue-mercosur-raggiunta-lintesa-politica-sullaccordo-di-paternariato\/#breadcrumb"},"inLanguage":"de-DE","potentialAction":[{"@type":"ReadAction","target":["https:\/\/salumitalia.it\/news\/accordo-ue-mercosur-raggiunta-lintesa-politica-sullaccordo-di-paternariato\/"]}]},{"@type":"ImageObject","inLanguage":"de-DE","@id":"https:\/\/salumitalia.it\/news\/accordo-ue-mercosur-raggiunta-lintesa-politica-sullaccordo-di-paternariato\/#primaryimage","url":"https:\/\/salumitalia.it\/wp-content\/uploads\/2024\/12\/UE-mercosur.png","contentUrl":"https:\/\/salumitalia.it\/wp-content\/uploads\/2024\/12\/UE-mercosur.png","width":1181,"height":1181},{"@type":"BreadcrumbList","@id":"https:\/\/salumitalia.it\/news\/accordo-ue-mercosur-raggiunta-lintesa-politica-sullaccordo-di-paternariato\/#breadcrumb","itemListElement":[{"@type":"ListItem","position":1,"name":"Home","item":"https:\/\/salumitalia.it\/de\/"},{"@type":"ListItem","position":2,"name":"ACCORDO UE\/MERCOSUR: RAGGIUNTA L&#8217;INTESA POLITICA SULL&#8217;ACCORDO DI PATERNARIATO"}]},{"@type":"WebSite","@id":"https:\/\/salumitalia.it\/#website","url":"https:\/\/salumitalia.it\/","name":"Salumi Italia","description":"","potentialAction":[{"@type":"SearchAction","target":{"@type":"EntryPoint","urlTemplate":"https:\/\/salumitalia.it\/?s={search_term_string}"},"query-input":{"@type":"PropertyValueSpecification","valueRequired":true,"valueName":"search_term_string"}}],"inLanguage":"de-DE"},{"@type":"Person","@id":"https:\/\/salumitalia.it\/#\/schema\/person\/97fc7518eb94af827f7984af0598ae06","name":"Stefano Parisi","image":{"@type":"ImageObject","inLanguage":"de-DE","@id":"https:\/\/salumitalia.it\/#\/schema\/person\/image\/","url":"https:\/\/secure.gravatar.com\/avatar\/8d04f5816680fb9894ef6d8bd1dda235bb15aaa30080ccd649226c646a556a0a?s=96&d=mm&r=g","contentUrl":"https:\/\/secure.gravatar.com\/avatar\/8d04f5816680fb9894ef6d8bd1dda235bb15aaa30080ccd649226c646a556a0a?s=96&d=mm&r=g","caption":"Stefano Parisi"},"url":"https:\/\/salumitalia.it\/de\/author\/parisiassica-it\/"}]}},"_links":{"self":[{"href":"https:\/\/salumitalia.it\/de\/wp-json\/wp\/v2\/posts\/5617","targetHints":{"allow":["GET"]}}],"collection":[{"href":"https:\/\/salumitalia.it\/de\/wp-json\/wp\/v2\/posts"}],"about":[{"href":"https:\/\/salumitalia.it\/de\/wp-json\/wp\/v2\/types\/post"}],"author":[{"embeddable":true,"href":"https:\/\/salumitalia.it\/de\/wp-json\/wp\/v2\/users\/5"}],"replies":[{"embeddable":true,"href":"https:\/\/salumitalia.it\/de\/wp-json\/wp\/v2\/comments?post=5617"}],"version-history":[{"count":3,"href":"https:\/\/salumitalia.it\/de\/wp-json\/wp\/v2\/posts\/5617\/revisions"}],"predecessor-version":[{"id":5657,"href":"https:\/\/salumitalia.it\/de\/wp-json\/wp\/v2\/posts\/5617\/revisions\/5657"}],"wp:featuredmedia":[{"embeddable":true,"href":"https:\/\/salumitalia.it\/de\/wp-json\/wp\/v2\/media\/5626"}],"wp:attachment":[{"href":"https:\/\/salumitalia.it\/de\/wp-json\/wp\/v2\/media?parent=5617"}],"wp:term":[{"taxonomy":"category","embeddable":true,"href":"https:\/\/salumitalia.it\/de\/wp-json\/wp\/v2\/categories?post=5617"},{"taxonomy":"post_tag","embeddable":true,"href":"https:\/\/salumitalia.it\/de\/wp-json\/wp\/v2\/tags?post=5617"}],"curies":[{"name":"wp","href":"https:\/\/api.w.org\/{rel}","templated":true}]}}