{"id":5422,"date":"2024-11-29T12:03:22","date_gmt":"2024-11-29T11:03:22","guid":{"rendered":"https:\/\/www.isitsalumi.it\/?p=5422"},"modified":"2024-11-29T12:03:22","modified_gmt":"2024-11-29T11:03:22","slug":"la-parola-a-5","status":"publish","type":"post","link":"https:\/\/salumitalia.it\/de\/news\/la-parola-a-5\/","title":{"rendered":"LA PAROLA A.."},"content":{"rendered":"<h5><span style=\"color: #175402;\"><strong>PROF. FRANCESCO DIAMANTI, DIRETTORE DEL CENTRO DI RICERCA INTERDIPARTIMENTALE SULLA SICUREZZA ALIMENTARE (CRISA)<\/strong><\/span><\/h5>\n<ul>\n<li><em><strong>Professor Diamanti, vuole illustrarci brevemente di cosa si occupa il CRISA, il centro di ricerca interdipartimentale che lei dirige?<\/strong><\/em><\/li>\n<\/ul>\n<p>Come giustamente ha detto lei, il CRISA &#8211; nato nel 2024 &#8211; \u00e8 un <strong>centro di ricerca e si occupa nello specifico di tematiche relative al mondo degli alimenti<\/strong>, sotto due profili di studio, quello<strong> scientifico<\/strong> e quello<strong> giuridico<\/strong> ed \u00e8 per questo che il centro trova naturale sede presso il Dipartimento di Giurisprudenza dell\u2019Universit\u00e0 degli studi di Modena e Reggio Emilia.<br \/>\nIl CRISA &#8211; che ho il piacere e l\u2019onore di dirigere per il prossimo triennio &#8211; nasce da una sinergia quasi decennale tra i Dipartimenti di Scienze della Vita e quello di Giurisprudenza, attraverso una collaborazione resa possibile grazie anche a diversi progetti congiunti di ricerca (il primo risale al 2016). Collaborazione che, per fare un esempio, ha permesso negli anni di istituire anche un corso di diritto penale alimentare all&#8217;interno del Dipartimento di Scienze della Vita, con il quale, per dirla in maniera volutamente semplice, \u201cabbiamo insegnato il diritto penale alimentare agli scienziati\u201d.<br \/>\nQuesta proficua collaborazione \u00e8 proseguita poi negli anni, anche grazie al prezioso supporto del Professor Andrea Pulvirenti, microbiologo degli alimenti, Professore Associato presso il Dipartimento di Scienze della Vita, che \u00e8 diventato successivamente il riferimento per la parte scientifica che, insieme a quella normativa e giuridica che seguo io in prima persona, costituisce l\u2019asset portante del CRISA, che vede oggi un\u2019interazione e contaminazione reciproca e continua tra giuristi, scienziati in genere e tecnologi alimentari.<\/p>\n<ul>\n<li><strong><em>Prof. Diamanti, come sa, i Consorzi di Tutela e con essi le Associazioni di riferimento come ISIT, affiancano quotidianamente le aziende nel loro lavoro di promozione, valorizzazione e continuo studio di miglioramento qualitativo dei prodotti. A suo avviso, in che modo il CRISA potrebbe incontrare e supportare le esigenze dei Consorzi di Tutela sfruttando questa doppia anima, scientifica e normativa, che vi caratterizza?<\/em><\/strong><\/li>\n<\/ul>\n<p>Il CRISA si rivolge alle imprese agroalimentari a 360 \u00b0, avendo al nostro interno un know-how giuridico e un know-how scientifico specializzato nel settore degli alimenti.<br \/>\nPossiamo quindi, in primis, fornire alle imprese &#8211; e quindi anche ai Consorzi nel loro ruolo di aggregatore di aziende &#8211; ausilio nel campo della<strong> ricerca<\/strong>, partecipando con loro a bandi nazionali ed europei. In secondo luogo, possiamo essere un interlocutore importante per quanto riguarda la<strong> formazione<\/strong> e la <strong>consulenza<\/strong>, per creare e sedimentare una cultura giuridica in materia alimentare che riteniamo fondamentale debba esserci internamente alla singola azienda. L&#8217;Italia, lo sappiamo, \u00e8 all&#8217;avanguardia e punto di riferimento per quanto concerne le disposizioni e i controlli in termini di qualit\u00e0 e sicurezza e questo impone alle aziende di essere sempre al passo con i tempi. \u00c8 fondamentale \u2013 ma per niente scontato se pensiamo, in particolare, alle numerose piccole e medie realt\u00e0 aziendali che caratterizzano l\u2019ossatura produttiva del nostro Paese \u2013 che i processi aziendali siano studiati e implementati a quattro mani con giuristi, in particolare penalisti, avendo chiare a monte tutte le possibili implicazioni e sanzioni connesse al proprio ciclo produttivo.<br \/>\nLato Consorzi, invece, il CRISA pu\u00f2 rappresentare anche un partner accademico accreditato con cui attivare ricerche sul prodotto o di compliance legislativa, anche in risposta a bandi che a vari livelli \u2013 regionali, nazionali o europei \u2013 mettono a disposizione risorse in tal senso, con l\u2019obiettivo di creare progetti dedicati di ricerca, formazione e consulenza in materia scientifica ma, soprattutto, giuridica e penalistica nello specifico che possano essere di reale e fattivo supporto alle aziende.<\/p>\n<ul>\n<li><em><strong>Quali sono dunque Professore le conclusioni che possiamo trarre da questa chiacchierata?<\/strong><\/em><\/li>\n<\/ul>\n<p>Io direi che sono tre gli elementi che ho gi\u00e0 citato e su cui concentrare la nostra attenzione<strong>: ricerca, formazione e consulenza<\/strong>. Questi sono i servizi che possiamo offrire, sia <strong>in materia scientifica<\/strong> &#8211; nello specifico microbiologica &#8211; ma anche e soprattutto <strong>in quella giuridica, penalistica in particolare<\/strong>. Nello specifico, la consulenza giuridica \u00e8 la parte che spesso manca nelle aziende di produzione ed \u00e8 quindi di fondamentale importanza diffondere la cultura della consulenza e della formazione giuridica in materia alimentare. Poter entrare in un\u2019azienda e guardare con l&#8217;occhio del penalista i processi, sia organizzativi che produttivi, consente di dare la consulenza necessaria sotto vari profili, con l\u2019obiettivo di aiutare le aziende ad operare con i pi\u00f9 elevati standard di conformit\u00e0.<\/p>\n<ul>\n<li><strong><em>Professore, sappiamo che \u00e8 appena uscito un suo libro dal titolo: \u201cDiritto penale alimentare e tecnica legislativa. Uno studio sulla decodificazione\u201d. Vuole raccontarci brevemente di cosa tratta?<\/em><\/strong><\/li>\n<\/ul>\n<p>Diciamo subito che si tratta di un <strong>libro accademico<\/strong>, non di carattere divulgativo e pertanto si rivolge primariamente alla comunit\u00e0 scientifica. Fatta questa premessa, posso comunque dire che la mia monografia affronta il <strong>rapporto tra il diritto penale alimentare e la \u201ctecnica legislativa\u201d<\/strong>: si tratta, in altri termini, di uno studio di scienza della legislazione penale che spera di innescare un dibattito scientifico sull\u2019opportunit\u00e0, nel nostro tempo, di smettere di sognare stravolgimenti interni a un Codice penale vecchio e che non riusciamo a riformare, per progettare nuovi \u201cCodici di settore\u201d. Io, tra le altre cose, sostengo che in questo ambito servirebbe un codice nuovo, un vero e proprio &#8220;Codice Alimentare&#8221;. Vede, rimanendo sulla doverosa tutela degli interessi economici, le posso dire che il food \u00e8 oggi il pi\u00f9 importante datore di lavoro nel mondo: il numero elevatissimo di consorzi e di imprese che operano in questo ambito (grandi, medie, ma anche piccolissime), dimostra l\u2019importanza di progettare reati alimentari innovativi, che per\u00f2 attualmente non abbiamo. Alcune forme molto gravi di criminalit\u00e0 alimentare, come ad esempio il fenomeno dell&#8217;italian sounding o la contraffazione di DOP, IGP e STG, proliferano in un Paese come il nostro, in cui la disciplina penale alimentare rimane frammentata, inefficace e ben poco decifrabile.<\/p>\n<p>&nbsp;<\/p>\n","protected":false},"excerpt":{"rendered":"<p>PROF. FRANCESCO DIAMANTI, DIRETTORE DEL CENTRO DI RICERCA INTERDIPARTIMENTALE SULLA SICUREZZA ALIMENTARE (CRISA) Professor Diamanti, vuole illustrarci brevemente di cosa si occupa il CRISA, il centro di ricerca interdipartimentale che [&hellip;]<\/p>\n","protected":false},"author":5,"featured_media":5423,"comment_status":"closed","ping_status":"closed","sticky":false,"template":"","format":"standard","meta":{"_acf_changed":false,"footnotes":""},"categories":[1],"tags":[],"class_list":["post-5422","post","type-post","status-publish","format-standard","has-post-thumbnail","hentry","category-news"],"acf":[],"yoast_head":"<!-- This site is optimized with the Yoast SEO plugin v24.8.1 - https:\/\/yoast.com\/wordpress\/plugins\/seo\/ -->\n<title>Salumi Italia - LA PAROLA A..<\/title>\n<meta name=\"robots\" content=\"index, follow, max-snippet:-1, max-image-preview:large, max-video-preview:-1\" \/>\n<link rel=\"canonical\" href=\"https:\/\/salumitalia.it\/news\/la-parola-a-5\/\" \/>\n<meta property=\"og:locale\" content=\"de_DE\" \/>\n<meta property=\"og:type\" content=\"article\" \/>\n<meta property=\"og:title\" content=\"Salumi Italia - LA PAROLA A..\" \/>\n<meta property=\"og:description\" content=\"PROF. FRANCESCO DIAMANTI, DIRETTORE DEL CENTRO DI RICERCA INTERDIPARTIMENTALE SULLA SICUREZZA ALIMENTARE (CRISA) Professor Diamanti, vuole illustrarci brevemente di cosa si occupa il CRISA, il centro di ricerca interdipartimentale che [&hellip;]\" \/>\n<meta property=\"og:url\" content=\"https:\/\/salumitalia.it\/news\/la-parola-a-5\/\" \/>\n<meta property=\"og:site_name\" content=\"Salumi Italia\" \/>\n<meta property=\"article:published_time\" content=\"2024-11-29T11:03:22+00:00\" \/>\n<meta property=\"og:image\" content=\"https:\/\/salumitalia.it\/wp-content\/uploads\/2024\/11\/CRISA_novembre-Copia-copia.png\" \/>\n\t<meta property=\"og:image:width\" content=\"1181\" \/>\n\t<meta property=\"og:image:height\" content=\"1181\" \/>\n\t<meta property=\"og:image:type\" content=\"image\/png\" \/>\n<meta name=\"author\" content=\"Stefano Parisi\" \/>\n<meta name=\"twitter:card\" content=\"summary_large_image\" \/>\n<meta name=\"twitter:label1\" content=\"Written by\" \/>\n\t<meta name=\"twitter:data1\" content=\"Stefano Parisi\" \/>\n\t<meta name=\"twitter:label2\" content=\"Est. reading time\" \/>\n\t<meta name=\"twitter:data2\" content=\"6 minutes\" \/>\n<script type=\"application\/ld+json\" class=\"yoast-schema-graph\">{\"@context\":\"https:\/\/schema.org\",\"@graph\":[{\"@type\":\"WebPage\",\"@id\":\"https:\/\/salumitalia.it\/news\/la-parola-a-5\/\",\"url\":\"https:\/\/salumitalia.it\/news\/la-parola-a-5\/\",\"name\":\"Salumi Italia - LA PAROLA A..\",\"isPartOf\":{\"@id\":\"https:\/\/salumitalia.it\/#website\"},\"primaryImageOfPage\":{\"@id\":\"https:\/\/salumitalia.it\/news\/la-parola-a-5\/#primaryimage\"},\"image\":{\"@id\":\"https:\/\/salumitalia.it\/news\/la-parola-a-5\/#primaryimage\"},\"thumbnailUrl\":\"https:\/\/salumitalia.it\/wp-content\/uploads\/2024\/11\/CRISA_novembre-Copia-copia.png\",\"datePublished\":\"2024-11-29T11:03:22+00:00\",\"author\":{\"@id\":\"https:\/\/salumitalia.it\/#\/schema\/person\/97fc7518eb94af827f7984af0598ae06\"},\"breadcrumb\":{\"@id\":\"https:\/\/salumitalia.it\/news\/la-parola-a-5\/#breadcrumb\"},\"inLanguage\":\"de-DE\",\"potentialAction\":[{\"@type\":\"ReadAction\",\"target\":[\"https:\/\/salumitalia.it\/news\/la-parola-a-5\/\"]}]},{\"@type\":\"ImageObject\",\"inLanguage\":\"de-DE\",\"@id\":\"https:\/\/salumitalia.it\/news\/la-parola-a-5\/#primaryimage\",\"url\":\"https:\/\/salumitalia.it\/wp-content\/uploads\/2024\/11\/CRISA_novembre-Copia-copia.png\",\"contentUrl\":\"https:\/\/salumitalia.it\/wp-content\/uploads\/2024\/11\/CRISA_novembre-Copia-copia.png\",\"width\":1181,\"height\":1181},{\"@type\":\"BreadcrumbList\",\"@id\":\"https:\/\/salumitalia.it\/news\/la-parola-a-5\/#breadcrumb\",\"itemListElement\":[{\"@type\":\"ListItem\",\"position\":1,\"name\":\"Home\",\"item\":\"https:\/\/salumitalia.it\/de\/\"},{\"@type\":\"ListItem\",\"position\":2,\"name\":\"LA PAROLA A..\"}]},{\"@type\":\"WebSite\",\"@id\":\"https:\/\/salumitalia.it\/#website\",\"url\":\"https:\/\/salumitalia.it\/\",\"name\":\"Salumi Italia\",\"description\":\"\",\"potentialAction\":[{\"@type\":\"SearchAction\",\"target\":{\"@type\":\"EntryPoint\",\"urlTemplate\":\"https:\/\/salumitalia.it\/?s={search_term_string}\"},\"query-input\":{\"@type\":\"PropertyValueSpecification\",\"valueRequired\":true,\"valueName\":\"search_term_string\"}}],\"inLanguage\":\"de-DE\"},{\"@type\":\"Person\",\"@id\":\"https:\/\/salumitalia.it\/#\/schema\/person\/97fc7518eb94af827f7984af0598ae06\",\"name\":\"Stefano Parisi\",\"image\":{\"@type\":\"ImageObject\",\"inLanguage\":\"de-DE\",\"@id\":\"https:\/\/salumitalia.it\/#\/schema\/person\/image\/\",\"url\":\"https:\/\/secure.gravatar.com\/avatar\/8d04f5816680fb9894ef6d8bd1dda235bb15aaa30080ccd649226c646a556a0a?s=96&d=mm&r=g\",\"contentUrl\":\"https:\/\/secure.gravatar.com\/avatar\/8d04f5816680fb9894ef6d8bd1dda235bb15aaa30080ccd649226c646a556a0a?s=96&d=mm&r=g\",\"caption\":\"Stefano Parisi\"},\"url\":\"https:\/\/salumitalia.it\/de\/author\/parisiassica-it\/\"}]}<\/script>\n<!-- \/ Yoast SEO plugin. -->","yoast_head_json":{"title":"Salumi Italia - LA PAROLA A..","robots":{"index":"index","follow":"follow","max-snippet":"max-snippet:-1","max-image-preview":"max-image-preview:large","max-video-preview":"max-video-preview:-1"},"canonical":"https:\/\/salumitalia.it\/news\/la-parola-a-5\/","og_locale":"de_DE","og_type":"article","og_title":"Salumi Italia - LA PAROLA A..","og_description":"PROF. FRANCESCO DIAMANTI, DIRETTORE DEL CENTRO DI RICERCA INTERDIPARTIMENTALE SULLA SICUREZZA ALIMENTARE (CRISA) Professor Diamanti, vuole illustrarci brevemente di cosa si occupa il CRISA, il centro di ricerca interdipartimentale che [&hellip;]","og_url":"https:\/\/salumitalia.it\/news\/la-parola-a-5\/","og_site_name":"Salumi Italia","article_published_time":"2024-11-29T11:03:22+00:00","og_image":[{"width":1181,"height":1181,"url":"https:\/\/salumitalia.it\/wp-content\/uploads\/2024\/11\/CRISA_novembre-Copia-copia.png","type":"image\/png"}],"author":"Stefano Parisi","twitter_card":"summary_large_image","twitter_misc":{"Written by":"Stefano Parisi","Est. reading time":"6 minutes"},"schema":{"@context":"https:\/\/schema.org","@graph":[{"@type":"WebPage","@id":"https:\/\/salumitalia.it\/news\/la-parola-a-5\/","url":"https:\/\/salumitalia.it\/news\/la-parola-a-5\/","name":"Salumi Italia - LA PAROLA A..","isPartOf":{"@id":"https:\/\/salumitalia.it\/#website"},"primaryImageOfPage":{"@id":"https:\/\/salumitalia.it\/news\/la-parola-a-5\/#primaryimage"},"image":{"@id":"https:\/\/salumitalia.it\/news\/la-parola-a-5\/#primaryimage"},"thumbnailUrl":"https:\/\/salumitalia.it\/wp-content\/uploads\/2024\/11\/CRISA_novembre-Copia-copia.png","datePublished":"2024-11-29T11:03:22+00:00","author":{"@id":"https:\/\/salumitalia.it\/#\/schema\/person\/97fc7518eb94af827f7984af0598ae06"},"breadcrumb":{"@id":"https:\/\/salumitalia.it\/news\/la-parola-a-5\/#breadcrumb"},"inLanguage":"de-DE","potentialAction":[{"@type":"ReadAction","target":["https:\/\/salumitalia.it\/news\/la-parola-a-5\/"]}]},{"@type":"ImageObject","inLanguage":"de-DE","@id":"https:\/\/salumitalia.it\/news\/la-parola-a-5\/#primaryimage","url":"https:\/\/salumitalia.it\/wp-content\/uploads\/2024\/11\/CRISA_novembre-Copia-copia.png","contentUrl":"https:\/\/salumitalia.it\/wp-content\/uploads\/2024\/11\/CRISA_novembre-Copia-copia.png","width":1181,"height":1181},{"@type":"BreadcrumbList","@id":"https:\/\/salumitalia.it\/news\/la-parola-a-5\/#breadcrumb","itemListElement":[{"@type":"ListItem","position":1,"name":"Home","item":"https:\/\/salumitalia.it\/de\/"},{"@type":"ListItem","position":2,"name":"LA PAROLA A.."}]},{"@type":"WebSite","@id":"https:\/\/salumitalia.it\/#website","url":"https:\/\/salumitalia.it\/","name":"Salumi Italia","description":"","potentialAction":[{"@type":"SearchAction","target":{"@type":"EntryPoint","urlTemplate":"https:\/\/salumitalia.it\/?s={search_term_string}"},"query-input":{"@type":"PropertyValueSpecification","valueRequired":true,"valueName":"search_term_string"}}],"inLanguage":"de-DE"},{"@type":"Person","@id":"https:\/\/salumitalia.it\/#\/schema\/person\/97fc7518eb94af827f7984af0598ae06","name":"Stefano Parisi","image":{"@type":"ImageObject","inLanguage":"de-DE","@id":"https:\/\/salumitalia.it\/#\/schema\/person\/image\/","url":"https:\/\/secure.gravatar.com\/avatar\/8d04f5816680fb9894ef6d8bd1dda235bb15aaa30080ccd649226c646a556a0a?s=96&d=mm&r=g","contentUrl":"https:\/\/secure.gravatar.com\/avatar\/8d04f5816680fb9894ef6d8bd1dda235bb15aaa30080ccd649226c646a556a0a?s=96&d=mm&r=g","caption":"Stefano Parisi"},"url":"https:\/\/salumitalia.it\/de\/author\/parisiassica-it\/"}]}},"_links":{"self":[{"href":"https:\/\/salumitalia.it\/de\/wp-json\/wp\/v2\/posts\/5422","targetHints":{"allow":["GET"]}}],"collection":[{"href":"https:\/\/salumitalia.it\/de\/wp-json\/wp\/v2\/posts"}],"about":[{"href":"https:\/\/salumitalia.it\/de\/wp-json\/wp\/v2\/types\/post"}],"author":[{"embeddable":true,"href":"https:\/\/salumitalia.it\/de\/wp-json\/wp\/v2\/users\/5"}],"replies":[{"embeddable":true,"href":"https:\/\/salumitalia.it\/de\/wp-json\/wp\/v2\/comments?post=5422"}],"version-history":[{"count":3,"href":"https:\/\/salumitalia.it\/de\/wp-json\/wp\/v2\/posts\/5422\/revisions"}],"predecessor-version":[{"id":5471,"href":"https:\/\/salumitalia.it\/de\/wp-json\/wp\/v2\/posts\/5422\/revisions\/5471"}],"wp:featuredmedia":[{"embeddable":true,"href":"https:\/\/salumitalia.it\/de\/wp-json\/wp\/v2\/media\/5423"}],"wp:attachment":[{"href":"https:\/\/salumitalia.it\/de\/wp-json\/wp\/v2\/media?parent=5422"}],"wp:term":[{"taxonomy":"category","embeddable":true,"href":"https:\/\/salumitalia.it\/de\/wp-json\/wp\/v2\/categories?post=5422"},{"taxonomy":"post_tag","embeddable":true,"href":"https:\/\/salumitalia.it\/de\/wp-json\/wp\/v2\/tags?post=5422"}],"curies":[{"name":"wp","href":"https:\/\/api.w.org\/{rel}","templated":true}]}}