{"id":5325,"date":"2024-10-28T16:51:37","date_gmt":"2024-10-28T15:51:37","guid":{"rendered":"https:\/\/www.isitsalumi.it\/?p=5325"},"modified":"2024-10-31T16:39:29","modified_gmt":"2024-10-31T15:39:29","slug":"speck-alto-adige-igp-protagonista-in-tv-con-il-nuovo-spot","status":"publish","type":"post","link":"https:\/\/salumitalia.it\/de\/news\/speck-alto-adige-igp-protagonista-in-tv-con-il-nuovo-spot\/","title":{"rendered":"SPECK ALTO ADIGE IGP PROTAGONISTA IN TV CON IL NUOVO SPOT"},"content":{"rendered":"<p><strong>Lo Speck Alto Adige IGP torna in TV dopo 20 anni: al via la nuova campagna \u201cIl secondo che non ti aSPECKti\u201d<\/strong><\/p>\n<p>Il Consorzio dello Speck Alto Adige IGP lancia la nuova campagna firmata Grey Italia. Un nuovo approccio strategico per raccontare l\u2019eccellenza altoatesina come un secondo inaspettato, versatile, leggero, sfizioso e adatto proprio a tutti, adulti, bambini e amanti dello sport.<\/p>\n<p>Chi l\u2019ha detto che lo Speck Alto Adige IGP non possa essere un secondo piatto?\u00a0 Con il massimo di sale (del 5%), ricco di proteine, leggero, delicatamente affumicato grazie all&#8217;aria dell\u2019Alto Adige, versatile perch\u00e9 abbinabile a tutto ci\u00f2 che si vuole (formaggi, verdure, cereali, eccetera), sicuro perch\u00e9 garantito dal Consorzio di Tutela Speck Alto Adige e dal sapore\u2026 unico!<\/p>\n<p>Parte proprio da qui la nuova campagna &#8211; firmata dall\u2019agenzia Grey e dai registi Luca e Marcello Lucini &#8211; dedicata allo Speck Alto Adige IGP che, dopo 20 anni, riporta l\u2019eccellenza altoatesina s<strong>ugli schermi delle principali emittenti televisive italiane con un\u2019idea creativa che punta sull\u2019inaspettato<\/strong>. Come inaspettato \u00e8 lo Speck Alto Adige IGP, un vero e proprio <strong>\u201c<em>secondo che non ti aSPECKti\u201d<\/em> <\/strong>(da qui il nome del concept creativo), capace di sorprendere tutti i consumatori sfidando la tipica organizzazione convenzionale dei pasti a cui siamo abituati.<\/p>\n<p>La campagna pluriennale nasce con l\u2019obiettivo di <strong>riposizionare lo Speck Alto Adige IGP per educare al mangia\u00adre sano e di qualit\u00e0, coinvolgendo anche il target pi\u00f9 giovane<\/strong>, che ha una forte cultura alimentare, fa scelte di acquisto consapevoli e informate e legge le etichette per scegliere prodotti che siano equilibrati da un punto di vista nutrizionale. Ma non solo: l\u2019obiettivo \u00e8 anche quello di aumentare la conoscenza dello Speck Alto Adige IGP e di presentare la nuova modalit\u00e0 di consumo.\u00a0 Chi pratica sport, sia a livello agonistico che amatoriale, sa quanto sia fondamentale un&#8217;alimentazione bilanciata per mantenere alte le performance nel tempo. Una dieta che risponda alle esigenze specifiche del corpo, e che sia in linea con il tipo di attivit\u00e0 sportiva praticata, \u00e8 una scelta strategica, in grado di ottimizzare i risultati.<\/p>\n<p>In questo contesto, lo Speck Alto Adige IGP si caratterizza come un alimento adatto anche alla dieta degli sportivi e di chi fa una vita attiva, grazie all\u2019elevata quantit\u00e0 di proteine nobili, ovvero quelle proteine che contengono tutti gli aminoacidi essenziali (che l\u2019organismo non \u00e8 in grado di produrre e che devono pertanto essere introdotte con gli alimenti) in quantit\u00e0 ottimali.<\/p>\n<p>Inoltre, il salume altoatesino contiene una buona quantit\u00e0 di amminoacidi ramificati (rispettivamente 1,6 g di valina, 1,4 g di isoleucina e 2,3 g di leucina su 100 g) che danno energia, favoriscono la crescita muscolare (anabolismo) e il recupero post-esercizio. Lo Speck Alto Adige IGP \u00e8 anche ricco di sali minerali \u2013 come ferro, potassio, fosforo e zinco \u2013 e di alcune vitamine del gruppo B che favoriscono il normale metabolismo energetico e il corretto funzionamento del sistema nervoso.<\/p>\n<p>\u00c8 proprio ai consumatori pi\u00f9 giovani e informati, agli sportivi e alle famiglie che si rivolge il nuovo TVC, con la sua comunicazione semplice ma accattivante, per catturare al meglio l\u2019attenzio\u00adne, contribuendo a raccontare le caratteristiche dello Speck Alto Adige IGP.<\/p>\n<p>\u201cSiamo orgogliosi di lanciare la nuova campagna dedicata allo Speck Alto Adige IGP che, dopo tanti anni, torna a far parlare di s\u00e9 e delle sue caratteristiche inimitabili. Oggi, pi\u00f9 che mai, lo Speck Alto Adige IGP si presenta con un nuovo ruolo: non pi\u00f9 quello di semplice ingrediente, ma un vero protagonista della tavola, riconosciuto e apprezzato dai consumatori per il suo sapore inconfondibile e la sua forte versatilit\u00e0. Grazie al gusto delicato ed alle valenze nutrizionali lo Speck Alto Adige IGP si presta ad essere l\u2019antipasto, il secondo o la merenda adatta a tutta la famiglia, anche ai pi\u00f9 attenti all\u2019alimentazione come sono gli sportivi. Il nostro impegno quotidiano come Consorzio Speck A. A. IGP \u00e8 volto a preservare e valorizzare sempre pi\u00f9 questa tradizione, offrendo un prodotto unico, grazie soprattutto a un rigoroso sistema di controlli e garanzie che ne assicurano qualit\u00e0 e sicurezza\u201d, commenta il <strong>Presidente del Consorzio Tutela Speck Alto Adige, Paul Recla<\/strong>.<\/p>\n<p><strong><em>Il concept della campagna e lo spot<\/em><\/strong><\/p>\n<p>Grey Italia ha scelto di andare oltre i canoni convenzionali con un <strong>approccio strategico e originale<\/strong>, puntando tutto sull&#8217;effetto sorpresa dello Speck Alto Adige IGP. L\u2019obiettivo? Trasformare la routine dei pasti, invitando i consumatori a reimmaginare le proprie esperienze culinarie quotidiane, riscoprendo la gioia della tavola con un secondo piatto ricco di proteine, delicato nel gusto e capace di conquistare tutti.<\/p>\n<p>Lo spot, ambientato in un supermercato, si sviluppa in modo inatteso: una giovane cliente chiede dello Speck Alto Adige IGP al banco salumi, scatenando immediatamente l&#8217;attenzione e la curiosit\u00e0 degli altri acquirenti. Tra scambi vivaci e una musica incalzante, l&#8217;idea di uno speck come secondo piatto sorprende tutti, svelandosi come un&#8217;opzione irresistibile per grandi, piccoli e sportivi.<\/p>\n<p>Con una durata di 30 secondi, lo spot si chiude con una scena che cattura l&#8217;essenza del messaggio. Un cliente, dopo aver assaggiato lo Speck Alto Adige IGP, reagisce con stupore e soddisfazione, racchiudendo il nuovo payoff: <em>&#8220;SPECK ALTO ADIGE IGP. IL SECONDO CHE NON TI ASPECKTI&#8221;.<\/em> Un gioco di parole accattivante capace di amplificare la memorabilit\u00e0 del prodotto su tutti i media.<\/p>\n<p>Lo spot \u00e8 stato diretto dai noti registi i fratelli Marcello e Luca Lucini, in collaborazione con la casa di produzione\u2013 Filmgood.<\/p>\n<p><strong>La campagna andr\u00e0 in onda tra ottobre, novembre e dicembre 2024 sulle principali TV, in radio e on-demand.<\/strong><\/p>\n<p>GUARDA LO SPOT:<\/p>\n<p><iframe loading=\"lazy\" title=\"Speck Alto Adige IGP &quot;il secondo che non ti aSPECKti&quot; ragazzo\" width=\"500\" height=\"281\" src=\"https:\/\/www.youtube.com\/embed\/iZdR3OSD3M8?feature=oembed\" frameborder=\"0\" allow=\"accelerometer; autoplay; clipboard-write; encrypted-media; gyroscope; picture-in-picture; web-share\" referrerpolicy=\"strict-origin-when-cross-origin\" allowfullscreen><\/iframe><\/p>\n","protected":false},"excerpt":{"rendered":"<p>Lo Speck Alto Adige IGP torna in TV dopo 20 anni: al via la nuova campagna \u201cIl secondo che non ti aSPECKti\u201d Il Consorzio dello Speck Alto Adige IGP lancia [&hellip;]<\/p>\n","protected":false},"author":5,"featured_media":5326,"comment_status":"closed","ping_status":"closed","sticky":false,"template":"","format":"standard","meta":{"_acf_changed":false,"footnotes":""},"categories":[1],"tags":[],"class_list":["post-5325","post","type-post","status-publish","format-standard","has-post-thumbnail","hentry","category-news"],"acf":[],"yoast_head":"<!-- This site is optimized with the Yoast SEO plugin v24.8.1 - https:\/\/yoast.com\/wordpress\/plugins\/seo\/ -->\n<title>Salumi Italia - SPECK ALTO ADIGE IGP PROTAGONISTA IN TV CON IL NUOVO SPOT<\/title>\n<meta name=\"robots\" content=\"index, follow, max-snippet:-1, max-image-preview:large, max-video-preview:-1\" \/>\n<link rel=\"canonical\" href=\"https:\/\/salumitalia.it\/news\/speck-alto-adige-igp-protagonista-in-tv-con-il-nuovo-spot\/\" \/>\n<meta property=\"og:locale\" content=\"de_DE\" \/>\n<meta property=\"og:type\" content=\"article\" \/>\n<meta property=\"og:title\" content=\"Salumi Italia - SPECK ALTO ADIGE IGP PROTAGONISTA IN TV CON IL NUOVO SPOT\" \/>\n<meta property=\"og:description\" content=\"Lo Speck Alto Adige IGP torna in TV dopo 20 anni: al via la nuova campagna \u201cIl secondo che non ti aSPECKti\u201d Il Consorzio dello Speck Alto Adige IGP lancia [&hellip;]\" \/>\n<meta property=\"og:url\" content=\"https:\/\/salumitalia.it\/news\/speck-alto-adige-igp-protagonista-in-tv-con-il-nuovo-spot\/\" \/>\n<meta property=\"og:site_name\" content=\"Salumi Italia\" \/>\n<meta property=\"article:published_time\" content=\"2024-10-28T15:51:37+00:00\" \/>\n<meta property=\"article:modified_time\" content=\"2024-10-31T15:39:29+00:00\" \/>\n<meta property=\"og:image\" content=\"https:\/\/salumitalia.it\/wp-content\/uploads\/2024\/10\/speck_spot-copia.png\" \/>\n\t<meta property=\"og:image:width\" content=\"1181\" \/>\n\t<meta property=\"og:image:height\" content=\"1181\" \/>\n\t<meta property=\"og:image:type\" content=\"image\/png\" \/>\n<meta name=\"author\" content=\"Stefano Parisi\" \/>\n<meta name=\"twitter:card\" content=\"summary_large_image\" \/>\n<meta name=\"twitter:label1\" content=\"Written by\" \/>\n\t<meta name=\"twitter:data1\" content=\"Stefano Parisi\" \/>\n\t<meta name=\"twitter:label2\" content=\"Est. reading time\" \/>\n\t<meta name=\"twitter:data2\" content=\"6 minutes\" \/>\n<script type=\"application\/ld+json\" class=\"yoast-schema-graph\">{\"@context\":\"https:\/\/schema.org\",\"@graph\":[{\"@type\":\"WebPage\",\"@id\":\"https:\/\/salumitalia.it\/news\/speck-alto-adige-igp-protagonista-in-tv-con-il-nuovo-spot\/\",\"url\":\"https:\/\/salumitalia.it\/news\/speck-alto-adige-igp-protagonista-in-tv-con-il-nuovo-spot\/\",\"name\":\"Salumi Italia - SPECK ALTO ADIGE IGP PROTAGONISTA IN TV CON IL NUOVO SPOT\",\"isPartOf\":{\"@id\":\"https:\/\/salumitalia.it\/#website\"},\"primaryImageOfPage\":{\"@id\":\"https:\/\/salumitalia.it\/news\/speck-alto-adige-igp-protagonista-in-tv-con-il-nuovo-spot\/#primaryimage\"},\"image\":{\"@id\":\"https:\/\/salumitalia.it\/news\/speck-alto-adige-igp-protagonista-in-tv-con-il-nuovo-spot\/#primaryimage\"},\"thumbnailUrl\":\"https:\/\/salumitalia.it\/wp-content\/uploads\/2024\/10\/speck_spot-copia.png\",\"datePublished\":\"2024-10-28T15:51:37+00:00\",\"dateModified\":\"2024-10-31T15:39:29+00:00\",\"author\":{\"@id\":\"https:\/\/salumitalia.it\/#\/schema\/person\/97fc7518eb94af827f7984af0598ae06\"},\"breadcrumb\":{\"@id\":\"https:\/\/salumitalia.it\/news\/speck-alto-adige-igp-protagonista-in-tv-con-il-nuovo-spot\/#breadcrumb\"},\"inLanguage\":\"de-DE\",\"potentialAction\":[{\"@type\":\"ReadAction\",\"target\":[\"https:\/\/salumitalia.it\/news\/speck-alto-adige-igp-protagonista-in-tv-con-il-nuovo-spot\/\"]}]},{\"@type\":\"ImageObject\",\"inLanguage\":\"de-DE\",\"@id\":\"https:\/\/salumitalia.it\/news\/speck-alto-adige-igp-protagonista-in-tv-con-il-nuovo-spot\/#primaryimage\",\"url\":\"https:\/\/salumitalia.it\/wp-content\/uploads\/2024\/10\/speck_spot-copia.png\",\"contentUrl\":\"https:\/\/salumitalia.it\/wp-content\/uploads\/2024\/10\/speck_spot-copia.png\",\"width\":1181,\"height\":1181},{\"@type\":\"BreadcrumbList\",\"@id\":\"https:\/\/salumitalia.it\/news\/speck-alto-adige-igp-protagonista-in-tv-con-il-nuovo-spot\/#breadcrumb\",\"itemListElement\":[{\"@type\":\"ListItem\",\"position\":1,\"name\":\"Home\",\"item\":\"https:\/\/salumitalia.it\/de\/\"},{\"@type\":\"ListItem\",\"position\":2,\"name\":\"SPECK ALTO ADIGE IGP PROTAGONISTA IN TV CON IL NUOVO SPOT\"}]},{\"@type\":\"WebSite\",\"@id\":\"https:\/\/salumitalia.it\/#website\",\"url\":\"https:\/\/salumitalia.it\/\",\"name\":\"Salumi Italia\",\"description\":\"\",\"potentialAction\":[{\"@type\":\"SearchAction\",\"target\":{\"@type\":\"EntryPoint\",\"urlTemplate\":\"https:\/\/salumitalia.it\/?s={search_term_string}\"},\"query-input\":{\"@type\":\"PropertyValueSpecification\",\"valueRequired\":true,\"valueName\":\"search_term_string\"}}],\"inLanguage\":\"de-DE\"},{\"@type\":\"Person\",\"@id\":\"https:\/\/salumitalia.it\/#\/schema\/person\/97fc7518eb94af827f7984af0598ae06\",\"name\":\"Stefano Parisi\",\"image\":{\"@type\":\"ImageObject\",\"inLanguage\":\"de-DE\",\"@id\":\"https:\/\/salumitalia.it\/#\/schema\/person\/image\/\",\"url\":\"https:\/\/secure.gravatar.com\/avatar\/8d04f5816680fb9894ef6d8bd1dda235bb15aaa30080ccd649226c646a556a0a?s=96&d=mm&r=g\",\"contentUrl\":\"https:\/\/secure.gravatar.com\/avatar\/8d04f5816680fb9894ef6d8bd1dda235bb15aaa30080ccd649226c646a556a0a?s=96&d=mm&r=g\",\"caption\":\"Stefano Parisi\"},\"url\":\"https:\/\/salumitalia.it\/de\/author\/parisiassica-it\/\"}]}<\/script>\n<!-- \/ Yoast SEO plugin. -->","yoast_head_json":{"title":"Salumi Italia - SPECK ALTO ADIGE IGP PROTAGONISTA IN TV CON IL NUOVO SPOT","robots":{"index":"index","follow":"follow","max-snippet":"max-snippet:-1","max-image-preview":"max-image-preview:large","max-video-preview":"max-video-preview:-1"},"canonical":"https:\/\/salumitalia.it\/news\/speck-alto-adige-igp-protagonista-in-tv-con-il-nuovo-spot\/","og_locale":"de_DE","og_type":"article","og_title":"Salumi Italia - SPECK ALTO ADIGE IGP PROTAGONISTA IN TV CON IL NUOVO SPOT","og_description":"Lo Speck Alto Adige IGP torna in TV dopo 20 anni: al via la nuova campagna \u201cIl secondo che non ti aSPECKti\u201d Il Consorzio dello Speck Alto Adige IGP lancia [&hellip;]","og_url":"https:\/\/salumitalia.it\/news\/speck-alto-adige-igp-protagonista-in-tv-con-il-nuovo-spot\/","og_site_name":"Salumi Italia","article_published_time":"2024-10-28T15:51:37+00:00","article_modified_time":"2024-10-31T15:39:29+00:00","og_image":[{"width":1181,"height":1181,"url":"https:\/\/salumitalia.it\/wp-content\/uploads\/2024\/10\/speck_spot-copia.png","type":"image\/png"}],"author":"Stefano Parisi","twitter_card":"summary_large_image","twitter_misc":{"Written by":"Stefano Parisi","Est. reading time":"6 minutes"},"schema":{"@context":"https:\/\/schema.org","@graph":[{"@type":"WebPage","@id":"https:\/\/salumitalia.it\/news\/speck-alto-adige-igp-protagonista-in-tv-con-il-nuovo-spot\/","url":"https:\/\/salumitalia.it\/news\/speck-alto-adige-igp-protagonista-in-tv-con-il-nuovo-spot\/","name":"Salumi Italia - SPECK ALTO ADIGE IGP PROTAGONISTA IN TV CON IL NUOVO SPOT","isPartOf":{"@id":"https:\/\/salumitalia.it\/#website"},"primaryImageOfPage":{"@id":"https:\/\/salumitalia.it\/news\/speck-alto-adige-igp-protagonista-in-tv-con-il-nuovo-spot\/#primaryimage"},"image":{"@id":"https:\/\/salumitalia.it\/news\/speck-alto-adige-igp-protagonista-in-tv-con-il-nuovo-spot\/#primaryimage"},"thumbnailUrl":"https:\/\/salumitalia.it\/wp-content\/uploads\/2024\/10\/speck_spot-copia.png","datePublished":"2024-10-28T15:51:37+00:00","dateModified":"2024-10-31T15:39:29+00:00","author":{"@id":"https:\/\/salumitalia.it\/#\/schema\/person\/97fc7518eb94af827f7984af0598ae06"},"breadcrumb":{"@id":"https:\/\/salumitalia.it\/news\/speck-alto-adige-igp-protagonista-in-tv-con-il-nuovo-spot\/#breadcrumb"},"inLanguage":"de-DE","potentialAction":[{"@type":"ReadAction","target":["https:\/\/salumitalia.it\/news\/speck-alto-adige-igp-protagonista-in-tv-con-il-nuovo-spot\/"]}]},{"@type":"ImageObject","inLanguage":"de-DE","@id":"https:\/\/salumitalia.it\/news\/speck-alto-adige-igp-protagonista-in-tv-con-il-nuovo-spot\/#primaryimage","url":"https:\/\/salumitalia.it\/wp-content\/uploads\/2024\/10\/speck_spot-copia.png","contentUrl":"https:\/\/salumitalia.it\/wp-content\/uploads\/2024\/10\/speck_spot-copia.png","width":1181,"height":1181},{"@type":"BreadcrumbList","@id":"https:\/\/salumitalia.it\/news\/speck-alto-adige-igp-protagonista-in-tv-con-il-nuovo-spot\/#breadcrumb","itemListElement":[{"@type":"ListItem","position":1,"name":"Home","item":"https:\/\/salumitalia.it\/de\/"},{"@type":"ListItem","position":2,"name":"SPECK ALTO ADIGE IGP PROTAGONISTA IN TV CON IL NUOVO SPOT"}]},{"@type":"WebSite","@id":"https:\/\/salumitalia.it\/#website","url":"https:\/\/salumitalia.it\/","name":"Salumi Italia","description":"","potentialAction":[{"@type":"SearchAction","target":{"@type":"EntryPoint","urlTemplate":"https:\/\/salumitalia.it\/?s={search_term_string}"},"query-input":{"@type":"PropertyValueSpecification","valueRequired":true,"valueName":"search_term_string"}}],"inLanguage":"de-DE"},{"@type":"Person","@id":"https:\/\/salumitalia.it\/#\/schema\/person\/97fc7518eb94af827f7984af0598ae06","name":"Stefano Parisi","image":{"@type":"ImageObject","inLanguage":"de-DE","@id":"https:\/\/salumitalia.it\/#\/schema\/person\/image\/","url":"https:\/\/secure.gravatar.com\/avatar\/8d04f5816680fb9894ef6d8bd1dda235bb15aaa30080ccd649226c646a556a0a?s=96&d=mm&r=g","contentUrl":"https:\/\/secure.gravatar.com\/avatar\/8d04f5816680fb9894ef6d8bd1dda235bb15aaa30080ccd649226c646a556a0a?s=96&d=mm&r=g","caption":"Stefano Parisi"},"url":"https:\/\/salumitalia.it\/de\/author\/parisiassica-it\/"}]}},"_links":{"self":[{"href":"https:\/\/salumitalia.it\/de\/wp-json\/wp\/v2\/posts\/5325","targetHints":{"allow":["GET"]}}],"collection":[{"href":"https:\/\/salumitalia.it\/de\/wp-json\/wp\/v2\/posts"}],"about":[{"href":"https:\/\/salumitalia.it\/de\/wp-json\/wp\/v2\/types\/post"}],"author":[{"embeddable":true,"href":"https:\/\/salumitalia.it\/de\/wp-json\/wp\/v2\/users\/5"}],"replies":[{"embeddable":true,"href":"https:\/\/salumitalia.it\/de\/wp-json\/wp\/v2\/comments?post=5325"}],"version-history":[{"count":3,"href":"https:\/\/salumitalia.it\/de\/wp-json\/wp\/v2\/posts\/5325\/revisions"}],"predecessor-version":[{"id":5373,"href":"https:\/\/salumitalia.it\/de\/wp-json\/wp\/v2\/posts\/5325\/revisions\/5373"}],"wp:featuredmedia":[{"embeddable":true,"href":"https:\/\/salumitalia.it\/de\/wp-json\/wp\/v2\/media\/5326"}],"wp:attachment":[{"href":"https:\/\/salumitalia.it\/de\/wp-json\/wp\/v2\/media?parent=5325"}],"wp:term":[{"taxonomy":"category","embeddable":true,"href":"https:\/\/salumitalia.it\/de\/wp-json\/wp\/v2\/categories?post=5325"},{"taxonomy":"post_tag","embeddable":true,"href":"https:\/\/salumitalia.it\/de\/wp-json\/wp\/v2\/tags?post=5325"}],"curies":[{"name":"wp","href":"https:\/\/api.w.org\/{rel}","templated":true}]}}