{"id":4757,"date":"2024-06-16T12:04:42","date_gmt":"2024-06-16T10:04:42","guid":{"rendered":"https:\/\/www.isitsalumi.it\/?p=4757"},"modified":"2024-06-26T16:39:30","modified_gmt":"2024-06-26T14:39:30","slug":"che-salame-il-varzi-dop-festival-del-salame-di-varzi-dop","status":"publish","type":"post","link":"https:\/\/salumitalia.it\/de\/news\/che-salame-il-varzi-dop-festival-del-salame-di-varzi-dop\/","title":{"rendered":"CHE SALAME! IL VARZI DOP: FESTIVAL DEL SALAME DI VARZI DOP"},"content":{"rendered":"<p><strong>Domenica 16 giugno 2024<\/strong> il cuore dell\u2019Alto Oltrep\u00f2 Pavese \u00e8 tornato ad accogliere uno degli eventi pi\u00f9 gustosi dell\u2019anno: la terza edizione di <em><strong>Che Salame! Il Varzi Dop: Festival del Salame di Varzi DOP<\/strong><\/em>, organizzato dal <strong>Consorzio di Tutela<\/strong>.<\/p>\n<div id=\"div-gpt-ad-1705351787193-0\" data-google-query-id=\"CJup9Jz9-IYDFTfFuwgdav0KqQ\">\n<div id=\"google_ads_iframe_\/11511333\/008_0__container__\"><strong>Varzi <\/strong>(Pavia) \u00e8 stato il palcoscenico di una festa del gusto, con <strong>degustazioni, laboratori e masterclass<\/strong>\u00a0per celebrare l\u2019eccellenza del rinomato\u00a0<strong>salame a denominazione di origine protetta<\/strong>. L\u2019evento si \u00e8 svolto tra le storiche <strong>cantine\u00a0<\/strong>e l\u2019incantevole\u00a0<strong>Castello Malaspina<\/strong>, di propriet\u00e0 della famiglia Odetti di Marcorengo, cos\u00ec come per le\u00a0<strong>vie del borgo<\/strong>, animate da bancarelle di prodotti tipici e postazioni di street food.<\/div>\n<div><\/div>\n<\/div>\n<div id=\"div-gpt-ad-1705351854353-0\" data-google-query-id=\"CJyp9Jz9-IYDFTfFuwgdav0KqQ\">\n<div id=\"google_ads_iframe_\/11511333\/13_0__container__\">Alle 10.00, nel cortile del Castello, si \u00e8 tenuta l&#8217;<strong>inaugurazione ufficiale<\/strong>, seguita dall\u2019<strong>apertura al pubblico delle cantine<\/strong>. Durante tutta la giornata, i produttori del Salame di Varzi DOP hanno curato <strong>degustazioni guidate nelle cantine storiche<\/strong>.<\/div>\n<\/div>\n<div>\n<div>\n<p>Degustazioni \u2022 Laboratori nelle Cantine Storiche \u2022 Visite guidate presso il Castello Malaspina della famiglia Odetti di Marcorengo \u2022 Percorsi del gusto e show cooking \u2022 Masterclass e laboratori<\/p>\n<\/div>\n<\/div>\n","protected":false},"excerpt":{"rendered":"<p>Domenica 16 giugno 2024 il cuore dell\u2019Alto Oltrep\u00f2 Pavese \u00e8 tornato ad accogliere uno degli eventi pi\u00f9 gustosi dell\u2019anno: la terza edizione di Che Salame! Il Varzi Dop: Festival del [&hellip;]<\/p>\n","protected":false},"author":5,"featured_media":4762,"comment_status":"closed","ping_status":"closed","sticky":false,"template":"","format":"standard","meta":{"_acf_changed":false,"footnotes":""},"categories":[1],"tags":[],"class_list":["post-4757","post","type-post","status-publish","format-standard","has-post-thumbnail","hentry","category-news"],"acf":[],"yoast_head":"<!-- This site is optimized with the Yoast SEO plugin v24.8.1 - https:\/\/yoast.com\/wordpress\/plugins\/seo\/ -->\n<title>Salumi Italia - CHE SALAME! IL VARZI DOP: FESTIVAL DEL SALAME DI VARZI DOP<\/title>\n<meta name=\"robots\" content=\"index, follow, max-snippet:-1, max-image-preview:large, max-video-preview:-1\" \/>\n<link rel=\"canonical\" href=\"https:\/\/salumitalia.it\/news\/che-salame-il-varzi-dop-festival-del-salame-di-varzi-dop\/\" \/>\n<meta property=\"og:locale\" content=\"de_DE\" \/>\n<meta property=\"og:type\" content=\"article\" \/>\n<meta property=\"og:title\" content=\"Salumi Italia - CHE SALAME! IL VARZI DOP: FESTIVAL DEL SALAME DI VARZI DOP\" \/>\n<meta property=\"og:description\" content=\"Domenica 16 giugno 2024 il cuore dell\u2019Alto Oltrep\u00f2 Pavese \u00e8 tornato ad accogliere uno degli eventi pi\u00f9 gustosi dell\u2019anno: la terza edizione di Che Salame! Il Varzi Dop: Festival del [&hellip;]\" \/>\n<meta property=\"og:url\" content=\"https:\/\/salumitalia.it\/news\/che-salame-il-varzi-dop-festival-del-salame-di-varzi-dop\/\" \/>\n<meta property=\"og:site_name\" content=\"Salumi Italia\" \/>\n<meta property=\"article:published_time\" content=\"2024-06-16T10:04:42+00:00\" \/>\n<meta property=\"article:modified_time\" content=\"2024-06-26T14:39:30+00:00\" \/>\n<meta property=\"og:image\" content=\"https:\/\/salumitalia.it\/wp-content\/uploads\/2024\/06\/varzi_giugno-copia.jpg\" \/>\n\t<meta property=\"og:image:width\" content=\"1181\" \/>\n\t<meta property=\"og:image:height\" content=\"1181\" \/>\n\t<meta property=\"og:image:type\" content=\"image\/jpeg\" \/>\n<meta name=\"author\" content=\"Stefano Parisi\" \/>\n<meta name=\"twitter:card\" content=\"summary_large_image\" \/>\n<meta name=\"twitter:label1\" content=\"Written by\" \/>\n\t<meta name=\"twitter:data1\" content=\"Stefano Parisi\" \/>\n\t<meta name=\"twitter:label2\" content=\"Est. reading time\" \/>\n\t<meta name=\"twitter:data2\" content=\"2 minutes\" \/>\n<script type=\"application\/ld+json\" class=\"yoast-schema-graph\">{\"@context\":\"https:\/\/schema.org\",\"@graph\":[{\"@type\":\"WebPage\",\"@id\":\"https:\/\/salumitalia.it\/news\/che-salame-il-varzi-dop-festival-del-salame-di-varzi-dop\/\",\"url\":\"https:\/\/salumitalia.it\/news\/che-salame-il-varzi-dop-festival-del-salame-di-varzi-dop\/\",\"name\":\"Salumi Italia - CHE SALAME! IL VARZI DOP: FESTIVAL DEL SALAME DI VARZI DOP\",\"isPartOf\":{\"@id\":\"https:\/\/salumitalia.it\/#website\"},\"primaryImageOfPage\":{\"@id\":\"https:\/\/salumitalia.it\/news\/che-salame-il-varzi-dop-festival-del-salame-di-varzi-dop\/#primaryimage\"},\"image\":{\"@id\":\"https:\/\/salumitalia.it\/news\/che-salame-il-varzi-dop-festival-del-salame-di-varzi-dop\/#primaryimage\"},\"thumbnailUrl\":\"https:\/\/salumitalia.it\/wp-content\/uploads\/2024\/06\/varzi_giugno-copia.jpg\",\"datePublished\":\"2024-06-16T10:04:42+00:00\",\"dateModified\":\"2024-06-26T14:39:30+00:00\",\"author\":{\"@id\":\"https:\/\/salumitalia.it\/#\/schema\/person\/97fc7518eb94af827f7984af0598ae06\"},\"breadcrumb\":{\"@id\":\"https:\/\/salumitalia.it\/news\/che-salame-il-varzi-dop-festival-del-salame-di-varzi-dop\/#breadcrumb\"},\"inLanguage\":\"de-DE\",\"potentialAction\":[{\"@type\":\"ReadAction\",\"target\":[\"https:\/\/salumitalia.it\/news\/che-salame-il-varzi-dop-festival-del-salame-di-varzi-dop\/\"]}]},{\"@type\":\"ImageObject\",\"inLanguage\":\"de-DE\",\"@id\":\"https:\/\/salumitalia.it\/news\/che-salame-il-varzi-dop-festival-del-salame-di-varzi-dop\/#primaryimage\",\"url\":\"https:\/\/salumitalia.it\/wp-content\/uploads\/2024\/06\/varzi_giugno-copia.jpg\",\"contentUrl\":\"https:\/\/salumitalia.it\/wp-content\/uploads\/2024\/06\/varzi_giugno-copia.jpg\",\"width\":1181,\"height\":1181},{\"@type\":\"BreadcrumbList\",\"@id\":\"https:\/\/salumitalia.it\/news\/che-salame-il-varzi-dop-festival-del-salame-di-varzi-dop\/#breadcrumb\",\"itemListElement\":[{\"@type\":\"ListItem\",\"position\":1,\"name\":\"Home\",\"item\":\"https:\/\/salumitalia.it\/de\/\"},{\"@type\":\"ListItem\",\"position\":2,\"name\":\"CHE SALAME! IL VARZI DOP: FESTIVAL DEL SALAME DI VARZI DOP\"}]},{\"@type\":\"WebSite\",\"@id\":\"https:\/\/salumitalia.it\/#website\",\"url\":\"https:\/\/salumitalia.it\/\",\"name\":\"Salumi Italia\",\"description\":\"\",\"potentialAction\":[{\"@type\":\"SearchAction\",\"target\":{\"@type\":\"EntryPoint\",\"urlTemplate\":\"https:\/\/salumitalia.it\/?s={search_term_string}\"},\"query-input\":{\"@type\":\"PropertyValueSpecification\",\"valueRequired\":true,\"valueName\":\"search_term_string\"}}],\"inLanguage\":\"de-DE\"},{\"@type\":\"Person\",\"@id\":\"https:\/\/salumitalia.it\/#\/schema\/person\/97fc7518eb94af827f7984af0598ae06\",\"name\":\"Stefano Parisi\",\"image\":{\"@type\":\"ImageObject\",\"inLanguage\":\"de-DE\",\"@id\":\"https:\/\/salumitalia.it\/#\/schema\/person\/image\/\",\"url\":\"https:\/\/secure.gravatar.com\/avatar\/8d04f5816680fb9894ef6d8bd1dda235bb15aaa30080ccd649226c646a556a0a?s=96&d=mm&r=g\",\"contentUrl\":\"https:\/\/secure.gravatar.com\/avatar\/8d04f5816680fb9894ef6d8bd1dda235bb15aaa30080ccd649226c646a556a0a?s=96&d=mm&r=g\",\"caption\":\"Stefano Parisi\"},\"url\":\"https:\/\/salumitalia.it\/de\/author\/parisiassica-it\/\"}]}<\/script>\n<!-- \/ Yoast SEO plugin. -->","yoast_head_json":{"title":"Salumi Italia - CHE SALAME! IL VARZI DOP: FESTIVAL DEL SALAME DI VARZI DOP","robots":{"index":"index","follow":"follow","max-snippet":"max-snippet:-1","max-image-preview":"max-image-preview:large","max-video-preview":"max-video-preview:-1"},"canonical":"https:\/\/salumitalia.it\/news\/che-salame-il-varzi-dop-festival-del-salame-di-varzi-dop\/","og_locale":"de_DE","og_type":"article","og_title":"Salumi Italia - CHE SALAME! IL VARZI DOP: FESTIVAL DEL SALAME DI VARZI DOP","og_description":"Domenica 16 giugno 2024 il cuore dell\u2019Alto Oltrep\u00f2 Pavese \u00e8 tornato ad accogliere uno degli eventi pi\u00f9 gustosi dell\u2019anno: la terza edizione di Che Salame! Il Varzi Dop: Festival del [&hellip;]","og_url":"https:\/\/salumitalia.it\/news\/che-salame-il-varzi-dop-festival-del-salame-di-varzi-dop\/","og_site_name":"Salumi Italia","article_published_time":"2024-06-16T10:04:42+00:00","article_modified_time":"2024-06-26T14:39:30+00:00","og_image":[{"width":1181,"height":1181,"url":"https:\/\/salumitalia.it\/wp-content\/uploads\/2024\/06\/varzi_giugno-copia.jpg","type":"image\/jpeg"}],"author":"Stefano Parisi","twitter_card":"summary_large_image","twitter_misc":{"Written by":"Stefano Parisi","Est. reading time":"2 minutes"},"schema":{"@context":"https:\/\/schema.org","@graph":[{"@type":"WebPage","@id":"https:\/\/salumitalia.it\/news\/che-salame-il-varzi-dop-festival-del-salame-di-varzi-dop\/","url":"https:\/\/salumitalia.it\/news\/che-salame-il-varzi-dop-festival-del-salame-di-varzi-dop\/","name":"Salumi Italia - CHE SALAME! IL VARZI DOP: FESTIVAL DEL SALAME DI VARZI DOP","isPartOf":{"@id":"https:\/\/salumitalia.it\/#website"},"primaryImageOfPage":{"@id":"https:\/\/salumitalia.it\/news\/che-salame-il-varzi-dop-festival-del-salame-di-varzi-dop\/#primaryimage"},"image":{"@id":"https:\/\/salumitalia.it\/news\/che-salame-il-varzi-dop-festival-del-salame-di-varzi-dop\/#primaryimage"},"thumbnailUrl":"https:\/\/salumitalia.it\/wp-content\/uploads\/2024\/06\/varzi_giugno-copia.jpg","datePublished":"2024-06-16T10:04:42+00:00","dateModified":"2024-06-26T14:39:30+00:00","author":{"@id":"https:\/\/salumitalia.it\/#\/schema\/person\/97fc7518eb94af827f7984af0598ae06"},"breadcrumb":{"@id":"https:\/\/salumitalia.it\/news\/che-salame-il-varzi-dop-festival-del-salame-di-varzi-dop\/#breadcrumb"},"inLanguage":"de-DE","potentialAction":[{"@type":"ReadAction","target":["https:\/\/salumitalia.it\/news\/che-salame-il-varzi-dop-festival-del-salame-di-varzi-dop\/"]}]},{"@type":"ImageObject","inLanguage":"de-DE","@id":"https:\/\/salumitalia.it\/news\/che-salame-il-varzi-dop-festival-del-salame-di-varzi-dop\/#primaryimage","url":"https:\/\/salumitalia.it\/wp-content\/uploads\/2024\/06\/varzi_giugno-copia.jpg","contentUrl":"https:\/\/salumitalia.it\/wp-content\/uploads\/2024\/06\/varzi_giugno-copia.jpg","width":1181,"height":1181},{"@type":"BreadcrumbList","@id":"https:\/\/salumitalia.it\/news\/che-salame-il-varzi-dop-festival-del-salame-di-varzi-dop\/#breadcrumb","itemListElement":[{"@type":"ListItem","position":1,"name":"Home","item":"https:\/\/salumitalia.it\/de\/"},{"@type":"ListItem","position":2,"name":"CHE SALAME! IL VARZI DOP: FESTIVAL DEL SALAME DI VARZI DOP"}]},{"@type":"WebSite","@id":"https:\/\/salumitalia.it\/#website","url":"https:\/\/salumitalia.it\/","name":"Salumi Italia","description":"","potentialAction":[{"@type":"SearchAction","target":{"@type":"EntryPoint","urlTemplate":"https:\/\/salumitalia.it\/?s={search_term_string}"},"query-input":{"@type":"PropertyValueSpecification","valueRequired":true,"valueName":"search_term_string"}}],"inLanguage":"de-DE"},{"@type":"Person","@id":"https:\/\/salumitalia.it\/#\/schema\/person\/97fc7518eb94af827f7984af0598ae06","name":"Stefano Parisi","image":{"@type":"ImageObject","inLanguage":"de-DE","@id":"https:\/\/salumitalia.it\/#\/schema\/person\/image\/","url":"https:\/\/secure.gravatar.com\/avatar\/8d04f5816680fb9894ef6d8bd1dda235bb15aaa30080ccd649226c646a556a0a?s=96&d=mm&r=g","contentUrl":"https:\/\/secure.gravatar.com\/avatar\/8d04f5816680fb9894ef6d8bd1dda235bb15aaa30080ccd649226c646a556a0a?s=96&d=mm&r=g","caption":"Stefano Parisi"},"url":"https:\/\/salumitalia.it\/de\/author\/parisiassica-it\/"}]}},"_links":{"self":[{"href":"https:\/\/salumitalia.it\/de\/wp-json\/wp\/v2\/posts\/4757","targetHints":{"allow":["GET"]}}],"collection":[{"href":"https:\/\/salumitalia.it\/de\/wp-json\/wp\/v2\/posts"}],"about":[{"href":"https:\/\/salumitalia.it\/de\/wp-json\/wp\/v2\/types\/post"}],"author":[{"embeddable":true,"href":"https:\/\/salumitalia.it\/de\/wp-json\/wp\/v2\/users\/5"}],"replies":[{"embeddable":true,"href":"https:\/\/salumitalia.it\/de\/wp-json\/wp\/v2\/comments?post=4757"}],"version-history":[{"count":3,"href":"https:\/\/salumitalia.it\/de\/wp-json\/wp\/v2\/posts\/4757\/revisions"}],"predecessor-version":[{"id":4772,"href":"https:\/\/salumitalia.it\/de\/wp-json\/wp\/v2\/posts\/4757\/revisions\/4772"}],"wp:featuredmedia":[{"embeddable":true,"href":"https:\/\/salumitalia.it\/de\/wp-json\/wp\/v2\/media\/4762"}],"wp:attachment":[{"href":"https:\/\/salumitalia.it\/de\/wp-json\/wp\/v2\/media?parent=4757"}],"wp:term":[{"taxonomy":"category","embeddable":true,"href":"https:\/\/salumitalia.it\/de\/wp-json\/wp\/v2\/categories?post=4757"},{"taxonomy":"post_tag","embeddable":true,"href":"https:\/\/salumitalia.it\/de\/wp-json\/wp\/v2\/tags?post=4757"}],"curies":[{"name":"wp","href":"https:\/\/api.w.org\/{rel}","templated":true}]}}