{"id":4736,"date":"2024-06-25T17:39:35","date_gmt":"2024-06-25T15:39:35","guid":{"rendered":"https:\/\/www.isitsalumi.it\/?p=4736"},"modified":"2024-06-27T16:06:34","modified_gmt":"2024-06-27T14:06:34","slug":"il-consorzio-di-tutela-bresaola-della-valtellina-lancia-la-nuova-campagna-valtellina-nascosta","status":"publish","type":"post","link":"https:\/\/salumitalia.it\/de\/news\/il-consorzio-di-tutela-bresaola-della-valtellina-lancia-la-nuova-campagna-valtellina-nascosta\/","title":{"rendered":"IL CONSORZIO DI TUTELA BRESAOLA DELLA VALTELLINA LANCIA LA NUOVA CAMPAGNA \u201cVALTELLINA NASCOSTA\u201d"},"content":{"rendered":"<p>Viaggiare \u201clike a local\u201d \u00e8 il trend 2024 legato al turismo, scelto da chi ama entrare in contatto con la vera essenza delle mete di viaggio. <strong>Per oltre 7 italiani su 10 \u00e8 importante cercare destinazioni o esperienze poco conosciute<\/strong>, fuori dalle rotte pi\u00f9 gettonate, durante una vacanza. <strong>E la tendenza aumenta soprattutto per la fascia anagrafica 18-34 anni (81%)<\/strong>. Il motivo di questa scelta \u00e8 semplice: <strong>per oltre 1 italiano su 2 vale la pena proprio perch\u00e9 si ha l\u2019opportunit\u00e0 di assaporare tradizioni, usi e costumi locali autentici,<\/strong> contro il 44% per cui la ragione \u00e8 legata alla scoperta del territorio con gli occhi di chi ci vive e lo apprezza. Ma dietro questa scelta, c\u2019\u00e8 anche il desiderio di non ritrovarsi in luoghi troppo affollati e poco \u201cveri\u201d (40% del campione).<\/p>\n<p>Lo rivela la <strong>ricerca internazionale \u201c<em>Valtellina nascosta: la vera anima del territorio e della Bresaola della Valtellina IGP<\/em>\u201d <\/strong>realizzata da <strong>BVA<\/strong> <strong>Doxa per il Consorzio di Tutela Bresaola della Valtellina<\/strong> che indaga gli aspetti che rendono la provincia di Sondrio un\u2019icona del turismo \u201clike a local\u201d per italiani, valtellinesi e turisti internazionali, gli stessi aspetti che hanno ispirato <strong>\u201cValtellina nascosta\u201d, spin-off della campagna \u201cDestinazione Bresaola<\/strong><strong>\u201d<\/strong>. Dopo il successo degli anni precedenti, la campagna continua a vivere sul territorio da giugno a settembre e invita a scoprire l\u2019anima autentica della Valtellina attraverso mete, luoghi del cuore, tradizioni e bellezze ancora tutte da scoprire con la web app \u201c<strong>Valtellina nascosta<\/strong><a href=\"https:\/\/www.valtellinanascosta.it\/\">\u201d<\/a>: <strong>15 destinazioni segrete <\/strong>che raccontano una Valtellina inedita (<strong>anche attraverso i podcast dedicati<\/strong>) e <strong>21 \u201cBresaola experience\u201d point<\/strong>, luoghi del cibo con una forte identit\u00e0 locale, dove degustare sapori del territorio e in primo luogo la Bresaola della Valtellina IGP. Storie di cibo, tradizione e saper fare <strong>da scoprire con tutti i sensi, in forma interattiva<\/strong>: ogni tappa \u00e8, infatti, pensata per stimolare vista, udito, gusto, tatto e olfatto.<\/p>\n<p>\u201c<em>La campagna Destinazione Bresaola <\/em>&#8211; <strong>afferma Mario Moro, Presidente del Consorzio di Tutela Bresaola della Valtellina <\/strong>&#8211; <em>sta diventando un appuntamento fisso, atteso e apprezzato.<\/em> <em>Torniamo a omaggiare il nostro territorio di cui la Bresaola della Valtellina IGP \u00e8 diretta espressione: un mix di natura, storia, cultura e tradizione che definisce l\u2019identit\u00e0 locale e che vive nel nostro salume tipico. Quest\u2019anno per noi sar\u00e0 particolarmente importante perch\u00e9 ci avviciniamo sempre di pi\u00f9 all\u2019evento olimpico 2026, che in parte si svolger\u00e0 proprio nel nostro territorio. \u00c8 una grande occasione che rappresenta un\u2019opportunit\u00e0 unica di crescita e visibilit\u00e0 per la Valtellina. La nostra guida nasce proprio per accogliere al meglio i turisti italiani e stranieri che arriveranno, per fare in modo che conoscano e apprezzino la vera identit\u00e0 del nostro territorio, con il suggerimento di luoghi particolari che solo chi \u00e8 nato e vive in Valtellina pu\u00f2 conoscere<\/em>\u201d.<\/p>\n<p>Chi dice Valtellina dice bresaola, e viceversa: hanno in comune persone, tradizione, cultura e storia. Per omaggiare questo legame, il <strong>Consorzio di Tutela Bresaola della Valtellina ha realizzato<\/strong> la nuova<strong> campagna che vivr\u00e0 da giugno a settembre e ogni <\/strong>2\u00b0 e 4\u00b0 weekend del mese si terranno due aperitivi local #Destinazionebresaola, dove degustare la Bresaola della Valtellina IGP presso i <strong>21 \u201cBresaola Experience\u201d point <\/strong>aderenti alla campagna. Inoltre, l<strong>\u2019utente acceder\u00e0 a storie e curiosit\u00e0 del luogo grazie al podcast \u201cStorie segrete\u201d<\/strong>: <strong>15 audioguide<\/strong> con una voce narrante che inviter\u00e0 a esplorare i luoghi e a provare sensazioni inedite attivando i sensi. Luoghi e bresaola experience point sono geolocalizzati tramite QRcode. Infine, nella web app sono raccolte anche le <strong>15 regole d\u2019oro<\/strong> da ricordare per assaporare e abbinare al meglio la Bresaola della Valtellina IGP. <strong>\u201cValtellina nascosta\u201d \u00e8 anche una cartina pieghevole che sar\u00e0 distribuita <\/strong>presso i <strong>principali infopoint turistici<\/strong> del territorio e <strong>i \u201cBresaola Experience\u201d point<\/strong>. Le mete della guida sono state selezionate in parte dalla classifica dei valtellinesi, con l\u2019ausilio di <strong>Rossana Pelliccioni, storica dell\u2019arte ed esperta di territorio<\/strong>, validati da <strong>APF Valtellina &#8211; Azienda di Promozione e Formazione della Valtellina. <\/strong><\/p>\n<p><strong>Per saperne di pi\u00f9: <a href=\"https:\/\/www.valtellinanascosta.it\/\">https:\/\/www.valtellinanascosta.it\/<\/a> <\/strong><\/p>\n<p>&nbsp;<\/p>\n","protected":false},"excerpt":{"rendered":"<p>Viaggiare \u201clike a local\u201d \u00e8 il trend 2024 legato al turismo, scelto da chi ama entrare in contatto con la vera essenza delle mete di viaggio. Per oltre 7 italiani [&hellip;]<\/p>\n","protected":false},"author":5,"featured_media":4737,"comment_status":"closed","ping_status":"closed","sticky":false,"template":"","format":"standard","meta":{"_acf_changed":false,"footnotes":""},"categories":[1],"tags":[],"class_list":["post-4736","post","type-post","status-publish","format-standard","has-post-thumbnail","hentry","category-news"],"acf":[],"yoast_head":"<!-- This site is optimized with the Yoast SEO plugin v24.8.1 - https:\/\/yoast.com\/wordpress\/plugins\/seo\/ -->\n<title>Salumi Italia - IL CONSORZIO DI TUTELA BRESAOLA DELLA VALTELLINA LANCIA LA NUOVA CAMPAGNA \u201cVALTELLINA NASCOSTA\u201d<\/title>\n<meta name=\"robots\" content=\"index, follow, max-snippet:-1, max-image-preview:large, max-video-preview:-1\" \/>\n<link rel=\"canonical\" href=\"https:\/\/salumitalia.it\/news\/il-consorzio-di-tutela-bresaola-della-valtellina-lancia-la-nuova-campagna-valtellina-nascosta\/\" \/>\n<meta property=\"og:locale\" content=\"de_DE\" \/>\n<meta property=\"og:type\" content=\"article\" \/>\n<meta property=\"og:title\" content=\"Salumi Italia - IL CONSORZIO DI TUTELA BRESAOLA DELLA VALTELLINA LANCIA LA NUOVA CAMPAGNA \u201cVALTELLINA NASCOSTA\u201d\" \/>\n<meta property=\"og:description\" content=\"Viaggiare \u201clike a local\u201d \u00e8 il trend 2024 legato al turismo, scelto da chi ama entrare in contatto con la vera essenza delle mete di viaggio. Per oltre 7 italiani [&hellip;]\" \/>\n<meta property=\"og:url\" content=\"https:\/\/salumitalia.it\/news\/il-consorzio-di-tutela-bresaola-della-valtellina-lancia-la-nuova-campagna-valtellina-nascosta\/\" \/>\n<meta property=\"og:site_name\" content=\"Salumi Italia\" \/>\n<meta property=\"article:published_time\" content=\"2024-06-25T15:39:35+00:00\" \/>\n<meta property=\"article:modified_time\" content=\"2024-06-27T14:06:34+00:00\" \/>\n<meta property=\"og:image\" content=\"https:\/\/salumitalia.it\/wp-content\/uploads\/2024\/06\/bresaola-copia.jpg\" \/>\n\t<meta property=\"og:image:width\" content=\"1200\" \/>\n\t<meta property=\"og:image:height\" content=\"1200\" \/>\n\t<meta property=\"og:image:type\" content=\"image\/jpeg\" \/>\n<meta name=\"author\" content=\"Stefano Parisi\" \/>\n<meta name=\"twitter:card\" content=\"summary_large_image\" \/>\n<meta name=\"twitter:label1\" content=\"Written by\" \/>\n\t<meta name=\"twitter:data1\" content=\"Stefano Parisi\" \/>\n\t<meta name=\"twitter:label2\" content=\"Est. reading time\" \/>\n\t<meta name=\"twitter:data2\" content=\"4 minutes\" \/>\n<script type=\"application\/ld+json\" class=\"yoast-schema-graph\">{\"@context\":\"https:\/\/schema.org\",\"@graph\":[{\"@type\":\"WebPage\",\"@id\":\"https:\/\/salumitalia.it\/news\/il-consorzio-di-tutela-bresaola-della-valtellina-lancia-la-nuova-campagna-valtellina-nascosta\/\",\"url\":\"https:\/\/salumitalia.it\/news\/il-consorzio-di-tutela-bresaola-della-valtellina-lancia-la-nuova-campagna-valtellina-nascosta\/\",\"name\":\"Salumi Italia - IL CONSORZIO DI TUTELA BRESAOLA DELLA VALTELLINA LANCIA LA NUOVA CAMPAGNA \u201cVALTELLINA NASCOSTA\u201d\",\"isPartOf\":{\"@id\":\"https:\/\/salumitalia.it\/#website\"},\"primaryImageOfPage\":{\"@id\":\"https:\/\/salumitalia.it\/news\/il-consorzio-di-tutela-bresaola-della-valtellina-lancia-la-nuova-campagna-valtellina-nascosta\/#primaryimage\"},\"image\":{\"@id\":\"https:\/\/salumitalia.it\/news\/il-consorzio-di-tutela-bresaola-della-valtellina-lancia-la-nuova-campagna-valtellina-nascosta\/#primaryimage\"},\"thumbnailUrl\":\"https:\/\/salumitalia.it\/wp-content\/uploads\/2024\/06\/bresaola-copia.jpg\",\"datePublished\":\"2024-06-25T15:39:35+00:00\",\"dateModified\":\"2024-06-27T14:06:34+00:00\",\"author\":{\"@id\":\"https:\/\/salumitalia.it\/#\/schema\/person\/97fc7518eb94af827f7984af0598ae06\"},\"breadcrumb\":{\"@id\":\"https:\/\/salumitalia.it\/news\/il-consorzio-di-tutela-bresaola-della-valtellina-lancia-la-nuova-campagna-valtellina-nascosta\/#breadcrumb\"},\"inLanguage\":\"de-DE\",\"potentialAction\":[{\"@type\":\"ReadAction\",\"target\":[\"https:\/\/salumitalia.it\/news\/il-consorzio-di-tutela-bresaola-della-valtellina-lancia-la-nuova-campagna-valtellina-nascosta\/\"]}]},{\"@type\":\"ImageObject\",\"inLanguage\":\"de-DE\",\"@id\":\"https:\/\/salumitalia.it\/news\/il-consorzio-di-tutela-bresaola-della-valtellina-lancia-la-nuova-campagna-valtellina-nascosta\/#primaryimage\",\"url\":\"https:\/\/salumitalia.it\/wp-content\/uploads\/2024\/06\/bresaola-copia.jpg\",\"contentUrl\":\"https:\/\/salumitalia.it\/wp-content\/uploads\/2024\/06\/bresaola-copia.jpg\",\"width\":1200,\"height\":1200},{\"@type\":\"BreadcrumbList\",\"@id\":\"https:\/\/salumitalia.it\/news\/il-consorzio-di-tutela-bresaola-della-valtellina-lancia-la-nuova-campagna-valtellina-nascosta\/#breadcrumb\",\"itemListElement\":[{\"@type\":\"ListItem\",\"position\":1,\"name\":\"Home\",\"item\":\"https:\/\/salumitalia.it\/de\/\"},{\"@type\":\"ListItem\",\"position\":2,\"name\":\"IL CONSORZIO DI TUTELA BRESAOLA DELLA VALTELLINA LANCIA LA NUOVA CAMPAGNA \u201cVALTELLINA NASCOSTA\u201d\"}]},{\"@type\":\"WebSite\",\"@id\":\"https:\/\/salumitalia.it\/#website\",\"url\":\"https:\/\/salumitalia.it\/\",\"name\":\"Salumi Italia\",\"description\":\"\",\"potentialAction\":[{\"@type\":\"SearchAction\",\"target\":{\"@type\":\"EntryPoint\",\"urlTemplate\":\"https:\/\/salumitalia.it\/?s={search_term_string}\"},\"query-input\":{\"@type\":\"PropertyValueSpecification\",\"valueRequired\":true,\"valueName\":\"search_term_string\"}}],\"inLanguage\":\"de-DE\"},{\"@type\":\"Person\",\"@id\":\"https:\/\/salumitalia.it\/#\/schema\/person\/97fc7518eb94af827f7984af0598ae06\",\"name\":\"Stefano Parisi\",\"image\":{\"@type\":\"ImageObject\",\"inLanguage\":\"de-DE\",\"@id\":\"https:\/\/salumitalia.it\/#\/schema\/person\/image\/\",\"url\":\"https:\/\/secure.gravatar.com\/avatar\/8d04f5816680fb9894ef6d8bd1dda235bb15aaa30080ccd649226c646a556a0a?s=96&d=mm&r=g\",\"contentUrl\":\"https:\/\/secure.gravatar.com\/avatar\/8d04f5816680fb9894ef6d8bd1dda235bb15aaa30080ccd649226c646a556a0a?s=96&d=mm&r=g\",\"caption\":\"Stefano Parisi\"},\"url\":\"https:\/\/salumitalia.it\/de\/author\/parisiassica-it\/\"}]}<\/script>\n<!-- \/ Yoast SEO plugin. -->","yoast_head_json":{"title":"Salumi Italia - IL CONSORZIO DI TUTELA BRESAOLA DELLA VALTELLINA LANCIA LA NUOVA CAMPAGNA \u201cVALTELLINA NASCOSTA\u201d","robots":{"index":"index","follow":"follow","max-snippet":"max-snippet:-1","max-image-preview":"max-image-preview:large","max-video-preview":"max-video-preview:-1"},"canonical":"https:\/\/salumitalia.it\/news\/il-consorzio-di-tutela-bresaola-della-valtellina-lancia-la-nuova-campagna-valtellina-nascosta\/","og_locale":"de_DE","og_type":"article","og_title":"Salumi Italia - IL CONSORZIO DI TUTELA BRESAOLA DELLA VALTELLINA LANCIA LA NUOVA CAMPAGNA \u201cVALTELLINA NASCOSTA\u201d","og_description":"Viaggiare \u201clike a local\u201d \u00e8 il trend 2024 legato al turismo, scelto da chi ama entrare in contatto con la vera essenza delle mete di viaggio. Per oltre 7 italiani [&hellip;]","og_url":"https:\/\/salumitalia.it\/news\/il-consorzio-di-tutela-bresaola-della-valtellina-lancia-la-nuova-campagna-valtellina-nascosta\/","og_site_name":"Salumi Italia","article_published_time":"2024-06-25T15:39:35+00:00","article_modified_time":"2024-06-27T14:06:34+00:00","og_image":[{"width":1200,"height":1200,"url":"https:\/\/salumitalia.it\/wp-content\/uploads\/2024\/06\/bresaola-copia.jpg","type":"image\/jpeg"}],"author":"Stefano Parisi","twitter_card":"summary_large_image","twitter_misc":{"Written by":"Stefano Parisi","Est. reading time":"4 minutes"},"schema":{"@context":"https:\/\/schema.org","@graph":[{"@type":"WebPage","@id":"https:\/\/salumitalia.it\/news\/il-consorzio-di-tutela-bresaola-della-valtellina-lancia-la-nuova-campagna-valtellina-nascosta\/","url":"https:\/\/salumitalia.it\/news\/il-consorzio-di-tutela-bresaola-della-valtellina-lancia-la-nuova-campagna-valtellina-nascosta\/","name":"Salumi Italia - IL CONSORZIO DI TUTELA BRESAOLA DELLA VALTELLINA LANCIA LA NUOVA CAMPAGNA \u201cVALTELLINA NASCOSTA\u201d","isPartOf":{"@id":"https:\/\/salumitalia.it\/#website"},"primaryImageOfPage":{"@id":"https:\/\/salumitalia.it\/news\/il-consorzio-di-tutela-bresaola-della-valtellina-lancia-la-nuova-campagna-valtellina-nascosta\/#primaryimage"},"image":{"@id":"https:\/\/salumitalia.it\/news\/il-consorzio-di-tutela-bresaola-della-valtellina-lancia-la-nuova-campagna-valtellina-nascosta\/#primaryimage"},"thumbnailUrl":"https:\/\/salumitalia.it\/wp-content\/uploads\/2024\/06\/bresaola-copia.jpg","datePublished":"2024-06-25T15:39:35+00:00","dateModified":"2024-06-27T14:06:34+00:00","author":{"@id":"https:\/\/salumitalia.it\/#\/schema\/person\/97fc7518eb94af827f7984af0598ae06"},"breadcrumb":{"@id":"https:\/\/salumitalia.it\/news\/il-consorzio-di-tutela-bresaola-della-valtellina-lancia-la-nuova-campagna-valtellina-nascosta\/#breadcrumb"},"inLanguage":"de-DE","potentialAction":[{"@type":"ReadAction","target":["https:\/\/salumitalia.it\/news\/il-consorzio-di-tutela-bresaola-della-valtellina-lancia-la-nuova-campagna-valtellina-nascosta\/"]}]},{"@type":"ImageObject","inLanguage":"de-DE","@id":"https:\/\/salumitalia.it\/news\/il-consorzio-di-tutela-bresaola-della-valtellina-lancia-la-nuova-campagna-valtellina-nascosta\/#primaryimage","url":"https:\/\/salumitalia.it\/wp-content\/uploads\/2024\/06\/bresaola-copia.jpg","contentUrl":"https:\/\/salumitalia.it\/wp-content\/uploads\/2024\/06\/bresaola-copia.jpg","width":1200,"height":1200},{"@type":"BreadcrumbList","@id":"https:\/\/salumitalia.it\/news\/il-consorzio-di-tutela-bresaola-della-valtellina-lancia-la-nuova-campagna-valtellina-nascosta\/#breadcrumb","itemListElement":[{"@type":"ListItem","position":1,"name":"Home","item":"https:\/\/salumitalia.it\/de\/"},{"@type":"ListItem","position":2,"name":"IL CONSORZIO DI TUTELA BRESAOLA DELLA VALTELLINA LANCIA LA NUOVA CAMPAGNA \u201cVALTELLINA NASCOSTA\u201d"}]},{"@type":"WebSite","@id":"https:\/\/salumitalia.it\/#website","url":"https:\/\/salumitalia.it\/","name":"Salumi Italia","description":"","potentialAction":[{"@type":"SearchAction","target":{"@type":"EntryPoint","urlTemplate":"https:\/\/salumitalia.it\/?s={search_term_string}"},"query-input":{"@type":"PropertyValueSpecification","valueRequired":true,"valueName":"search_term_string"}}],"inLanguage":"de-DE"},{"@type":"Person","@id":"https:\/\/salumitalia.it\/#\/schema\/person\/97fc7518eb94af827f7984af0598ae06","name":"Stefano Parisi","image":{"@type":"ImageObject","inLanguage":"de-DE","@id":"https:\/\/salumitalia.it\/#\/schema\/person\/image\/","url":"https:\/\/secure.gravatar.com\/avatar\/8d04f5816680fb9894ef6d8bd1dda235bb15aaa30080ccd649226c646a556a0a?s=96&d=mm&r=g","contentUrl":"https:\/\/secure.gravatar.com\/avatar\/8d04f5816680fb9894ef6d8bd1dda235bb15aaa30080ccd649226c646a556a0a?s=96&d=mm&r=g","caption":"Stefano Parisi"},"url":"https:\/\/salumitalia.it\/de\/author\/parisiassica-it\/"}]}},"_links":{"self":[{"href":"https:\/\/salumitalia.it\/de\/wp-json\/wp\/v2\/posts\/4736","targetHints":{"allow":["GET"]}}],"collection":[{"href":"https:\/\/salumitalia.it\/de\/wp-json\/wp\/v2\/posts"}],"about":[{"href":"https:\/\/salumitalia.it\/de\/wp-json\/wp\/v2\/types\/post"}],"author":[{"embeddable":true,"href":"https:\/\/salumitalia.it\/de\/wp-json\/wp\/v2\/users\/5"}],"replies":[{"embeddable":true,"href":"https:\/\/salumitalia.it\/de\/wp-json\/wp\/v2\/comments?post=4736"}],"version-history":[{"count":3,"href":"https:\/\/salumitalia.it\/de\/wp-json\/wp\/v2\/posts\/4736\/revisions"}],"predecessor-version":[{"id":4849,"href":"https:\/\/salumitalia.it\/de\/wp-json\/wp\/v2\/posts\/4736\/revisions\/4849"}],"wp:featuredmedia":[{"embeddable":true,"href":"https:\/\/salumitalia.it\/de\/wp-json\/wp\/v2\/media\/4737"}],"wp:attachment":[{"href":"https:\/\/salumitalia.it\/de\/wp-json\/wp\/v2\/media?parent=4736"}],"wp:term":[{"taxonomy":"category","embeddable":true,"href":"https:\/\/salumitalia.it\/de\/wp-json\/wp\/v2\/categories?post=4736"},{"taxonomy":"post_tag","embeddable":true,"href":"https:\/\/salumitalia.it\/de\/wp-json\/wp\/v2\/tags?post=4736"}],"curies":[{"name":"wp","href":"https:\/\/api.w.org\/{rel}","templated":true}]}}