{"id":4438,"date":"2024-02-28T12:45:05","date_gmt":"2024-02-28T11:45:05","guid":{"rendered":"https:\/\/www.isitsalumi.it\/?p=4438"},"modified":"2024-02-29T14:56:20","modified_gmt":"2024-02-29T13:56:20","slug":"notificato-alla-commissione-europea-lo-schema-del-nuovo-decreto-salumi","status":"publish","type":"post","link":"https:\/\/salumitalia.it\/de\/news\/notificato-alla-commissione-europea-lo-schema-del-nuovo-decreto-salumi\/","title":{"rendered":"NOTIFICATO ALLA COMMISSIONE EUROPEA LO SCHEMA DEL NUOVO \u00abDECRETO SALUMI\u00bb"},"content":{"rendered":"<p>A quasi 20 anni dall\u2019adozione del decreto 21 settembre 2005 \u00abDisciplina della produzione e della vendita di taluni prodotti di salumeria\u00bb nuovo importante capitolo nell\u2019evoluzione normativa nazionale relativa alla disciplina delle denominazioni e delle prescrizioni produttive di alcuni fra i principali prodotti di salumeria.<\/p>\n<p>Lo schema di decreto \u2013 conformemente a quanto previsto dalla <strong>direttiva (UE) 2015\/1535<\/strong> circa l\u2019onere per gli Stati membri di <strong>informare la Commissione europea di qualsiasi progetto di regolamentazione tecnica prima della sua adozione<\/strong> \u2013 \u00e8 stato oggetto di formale notifica nell\u2019ambito della procedura TRIS lo scorso 3 gennaio 2024.<\/p>\n<p>Dalla data di notifica del progetto ha avuto inizio il periodo di <strong>status quo di tre mesi<\/strong>, durante il quale la Commissione e gli altri Stati membri esaminano il testo notificato al fine dell\u2019eventuale presentazione di pareri circostanziati \u2013 in tal caso il periodo di status quo viene prorogato per altri tre mesi \u2013 o commenti. Finalit\u00e0 della procedura \u00e8 quella di garantire la <strong>compatibilit\u00e0 dei testi con i principi del diritto dell\u2019Unione europea e del mercato interno<\/strong>.<\/p>\n<p>Se l\u2019intervento riformatore del 2016 si caratterizz\u00f2 per importanti novit\u00e0, fra le altre, in tema di aromi, additivi e denominazione di vendita \u00abculatello\u00bb, il recente progetto riformatore \u2013 che mira a sostituire il decreto del 2005 cos\u00ec come emendato nel 2016 \u2013 spicca nelle intenzioni, in particolare, per l\u2019introduzione delle condizioni d\u2019uso di utilizzo delle denominazioni di vendita \u00abbresaola\u00bb e \u00abspeck\u00bb.<\/p>\n<p>Nel dettaglio, il Capo V dello schema di decreto \u2013 all\u2019articolo 29 \u2013 prevede che la denominazione \u00ab<strong>bresaola<\/strong>\u00bb sia riservata al \u00ab<strong>prodotto di salumeria ottenuto da carne fresca bovina o equina o di cervo, anche congelata, trasformata utilizzando i fasci muscolari privati delle ossa, anche rifilati per asportare parti grasse e tendinose se presenti<\/strong>\u00bb. La bresaola, nel progetto di novella, \u00e8 prodotta con i tagli muscolari del quarto posteriore e del quarto anteriore dell\u2019animale eccetto i tagli \u00abcostata, collo, pancia, petto, reale, stinco\u00bb. Il prodotto ricavato da animali diversi da bovino, equino e cervo o con tagli di bovino, equino e cervo sopra indicati non \u00e8 commerciabile con la denominazione \u00abbresaola\u00bb o con termini similari o direttamente o indirettamente evocativi di tale denominazione.<\/p>\n<p>Quanto alle \u00ab<strong>caratteristiche<\/strong>\u00bb l\u2019articolo 32 prevede che la bresaola si presenti con forma derivata dal muscolo da cui proviene, cilindrica se insaccata oppure a mattonella qualora sottoposta a pressatura, di colore rosso uniforme per la parte magra e bianco per la parte grassa, priva di infiltrazioni e fessurazioni, con odore e sapore tipici del prodotto maturo, con percezione moderatamente salina, nota aromatica e di eventuale affumicato, nonch\u00e9 consistenza morbida ma non cedevole alla compressione. Presenta inoltre, i seguenti parametri analitici di composizione: con riferimento alla sezione centrale, privata dell\u2019involucro esterno se presente, <strong>grassi massimo 16%<\/strong> e <strong>proteine minimo 24%<\/strong>.<\/p>\n<p>Il successivo Capo VI disciplina la denominazione \u00ab<strong>speck<\/strong>\u00bb riservandola al \u00ab<strong>prodotto di salumeria stagionato, ottenuto dalla coscia di suino disossata, moderatamente salata ed aromatizzata, affumicata e ben stagionata secondo gli usi e le tradizioni locali<\/strong>\u00bb.<\/p>\n<p>Quanto alle \u00ab<strong>caratteristiche<\/strong>\u00bb, l\u2019articolo 40 lo descrive come un prodotto stagionato, speziato e affumicato con la caratteristica crosta superficiale accanto alla parte magra e una cotenna di colore marrone accanto alla parte grassa. L\u2019aspetto interno al taglio si presenta di colore rosso con parti in bianco-rosato privo di infiltrazioni e cavit\u00e0. Il prodotto si caratterizza per odore e sapore tipico di stagionato-affumicato, con moderata percezione salina-aromatica e assenza di gusti rancidi, nonch\u00e9 consistenza non molle e non fibrosa alla masticazione. Sul prodotto finito i parametri chimici sono cos\u00ec individuati: <strong>sale massimo 6,0%<\/strong>, <strong>proteine pari o superiori al 20%<\/strong> e <strong>rapporto grasso\/proteine pari o inferiore a 1,7<\/strong>.<\/p>\n<p>Per lo schema di decreto, la denominazione \u00abspeck\u00bb con l\u2019<strong>aggiunta degli specifici tagli <\/strong>pu\u00f2 essere utilizzata per i seguenti tagli del suino opportunamente salati, affumicati e stagionati che hanno, se non diversamente specificato, un peso finito variabile da 1 kg a 5 kg:<\/p>\n<ol>\n<li>a) per la mezzena: \u00abspeck di mezzena\u00bb, \u00abSeitenspeck\u00bb oppure \u00abMezetspeck\u00bb con un peso finito variabile da 8 kg a 30 kg;<\/li>\n<li>b) per la pancetta: \u00abspeck di pancetta\u00bb, \u00abBauchspeck\u00bb oppure \u00abBrettlspeck\u00bb;<\/li>\n<li>c) per il carr\u00e9: \u00abspeck di carr\u00e9\u00bb oppure \u00abKarreespeck\u00bb;<\/li>\n<li>d) per la coppa \u00abspeck di coppa\u00bb oppure \u00abSchopfsspeck\u00bb;<\/li>\n<li>e) per la spalla: \u00abspeck di spalla\u00bb oppure \u00abSchulterspeck\u00bb;<\/li>\n<li>f) per la fesa\/sottofesa\/lo scamone e la noce: \u00abspeck di fesa\u00bb, \u00abspeck di sottofesa\u00bb, \u00abspeck di scamone\u00bb e \u00abspeck di noce\u00bb oppure \u00abMinispeck\u00bb e \u00abKaiserteilspeck\u00bb e \u00abKaiserspeck\u00bb.<\/li>\n<\/ol>\n<p>Connotato comune ad ambedue le discipline dei prodotti considerati, la chiara affermazione testuale circa l\u2019applicabilit\u00e0 delle disposizioni ai <strong>soli prodotti di salumeria \u00abnon tutelati\u00bb<\/strong>, rimanendo pertanto <strong>ferme le specifiche prescrizioni contenute nei disciplinari di produzione dei prodotti DOP\/IGP unitamente alle relative interpretazioni rese in materia dal Ministero dell\u2019agricoltura della sovranit\u00e0 alimentare e delle foreste e dai Consorzi di tutela<\/strong>.<\/p>\n<p>Analogamente a quanto disposto nel 2016 circa la cadenza temporale di introduzione effettiva della disciplina del \u00abculatello\u00bb, per le disposizioni del <strong>Capo V (bresaola) e Capo VI (speck)<\/strong> lo schema di decreto <strong>prevede un\u2019applicazione differita<\/strong>, decorrente dai <strong>12 mesi<\/strong> successivi alla pubblicazione del decreto nella Gazzetta Ufficiale della Repubblica italiana.<\/p>\n","protected":false},"excerpt":{"rendered":"<p>A quasi 20 anni dall\u2019adozione del decreto 21 settembre 2005 \u00abDisciplina della produzione e della vendita di taluni prodotti di salumeria\u00bb nuovo importante capitolo nell\u2019evoluzione normativa nazionale relativa alla disciplina [&hellip;]<\/p>\n","protected":false},"author":5,"featured_media":4474,"comment_status":"closed","ping_status":"closed","sticky":false,"template":"","format":"standard","meta":{"_acf_changed":false,"footnotes":""},"categories":[1],"tags":[],"class_list":["post-4438","post","type-post","status-publish","format-standard","has-post-thumbnail","hentry","category-news"],"acf":[],"yoast_head":"<!-- This site is optimized with the Yoast SEO plugin v24.8.1 - https:\/\/yoast.com\/wordpress\/plugins\/seo\/ -->\n<title>Salumi Italia - NOTIFICATO ALLA COMMISSIONE EUROPEA LO SCHEMA DEL NUOVO \u00abDECRETO SALUMI\u00bb<\/title>\n<meta name=\"robots\" content=\"index, follow, max-snippet:-1, max-image-preview:large, max-video-preview:-1\" \/>\n<link rel=\"canonical\" href=\"https:\/\/salumitalia.it\/news\/notificato-alla-commissione-europea-lo-schema-del-nuovo-decreto-salumi\/\" \/>\n<meta property=\"og:locale\" content=\"de_DE\" \/>\n<meta property=\"og:type\" content=\"article\" \/>\n<meta property=\"og:title\" content=\"Salumi Italia - NOTIFICATO ALLA COMMISSIONE EUROPEA LO SCHEMA DEL NUOVO \u00abDECRETO SALUMI\u00bb\" \/>\n<meta property=\"og:description\" content=\"A quasi 20 anni dall\u2019adozione del decreto 21 settembre 2005 \u00abDisciplina della produzione e della vendita di taluni prodotti di salumeria\u00bb nuovo importante capitolo nell\u2019evoluzione normativa nazionale relativa alla disciplina [&hellip;]\" \/>\n<meta property=\"og:url\" content=\"https:\/\/salumitalia.it\/news\/notificato-alla-commissione-europea-lo-schema-del-nuovo-decreto-salumi\/\" \/>\n<meta property=\"og:site_name\" content=\"Salumi Italia\" \/>\n<meta property=\"article:published_time\" content=\"2024-02-28T11:45:05+00:00\" \/>\n<meta property=\"article:modified_time\" content=\"2024-02-29T13:56:20+00:00\" \/>\n<meta property=\"og:image\" content=\"https:\/\/salumitalia.it\/wp-content\/uploads\/2024\/02\/DECRETO-SALUMI-1.jpg\" \/>\n\t<meta property=\"og:image:width\" content=\"1181\" \/>\n\t<meta property=\"og:image:height\" content=\"1181\" \/>\n\t<meta property=\"og:image:type\" content=\"image\/jpeg\" \/>\n<meta name=\"author\" content=\"Stefano Parisi\" \/>\n<meta name=\"twitter:card\" content=\"summary_large_image\" \/>\n<meta name=\"twitter:label1\" content=\"Written by\" \/>\n\t<meta name=\"twitter:data1\" content=\"Stefano Parisi\" \/>\n\t<meta name=\"twitter:label2\" content=\"Est. reading time\" \/>\n\t<meta name=\"twitter:data2\" content=\"5 minutes\" \/>\n<script type=\"application\/ld+json\" class=\"yoast-schema-graph\">{\"@context\":\"https:\/\/schema.org\",\"@graph\":[{\"@type\":\"WebPage\",\"@id\":\"https:\/\/salumitalia.it\/news\/notificato-alla-commissione-europea-lo-schema-del-nuovo-decreto-salumi\/\",\"url\":\"https:\/\/salumitalia.it\/news\/notificato-alla-commissione-europea-lo-schema-del-nuovo-decreto-salumi\/\",\"name\":\"Salumi Italia - NOTIFICATO ALLA COMMISSIONE EUROPEA LO SCHEMA DEL NUOVO \u00abDECRETO SALUMI\u00bb\",\"isPartOf\":{\"@id\":\"https:\/\/salumitalia.it\/#website\"},\"primaryImageOfPage\":{\"@id\":\"https:\/\/salumitalia.it\/news\/notificato-alla-commissione-europea-lo-schema-del-nuovo-decreto-salumi\/#primaryimage\"},\"image\":{\"@id\":\"https:\/\/salumitalia.it\/news\/notificato-alla-commissione-europea-lo-schema-del-nuovo-decreto-salumi\/#primaryimage\"},\"thumbnailUrl\":\"https:\/\/salumitalia.it\/wp-content\/uploads\/2024\/02\/DECRETO-SALUMI-1.jpg\",\"datePublished\":\"2024-02-28T11:45:05+00:00\",\"dateModified\":\"2024-02-29T13:56:20+00:00\",\"author\":{\"@id\":\"https:\/\/salumitalia.it\/#\/schema\/person\/97fc7518eb94af827f7984af0598ae06\"},\"breadcrumb\":{\"@id\":\"https:\/\/salumitalia.it\/news\/notificato-alla-commissione-europea-lo-schema-del-nuovo-decreto-salumi\/#breadcrumb\"},\"inLanguage\":\"de-DE\",\"potentialAction\":[{\"@type\":\"ReadAction\",\"target\":[\"https:\/\/salumitalia.it\/news\/notificato-alla-commissione-europea-lo-schema-del-nuovo-decreto-salumi\/\"]}]},{\"@type\":\"ImageObject\",\"inLanguage\":\"de-DE\",\"@id\":\"https:\/\/salumitalia.it\/news\/notificato-alla-commissione-europea-lo-schema-del-nuovo-decreto-salumi\/#primaryimage\",\"url\":\"https:\/\/salumitalia.it\/wp-content\/uploads\/2024\/02\/DECRETO-SALUMI-1.jpg\",\"contentUrl\":\"https:\/\/salumitalia.it\/wp-content\/uploads\/2024\/02\/DECRETO-SALUMI-1.jpg\",\"width\":1181,\"height\":1181},{\"@type\":\"BreadcrumbList\",\"@id\":\"https:\/\/salumitalia.it\/news\/notificato-alla-commissione-europea-lo-schema-del-nuovo-decreto-salumi\/#breadcrumb\",\"itemListElement\":[{\"@type\":\"ListItem\",\"position\":1,\"name\":\"Home\",\"item\":\"https:\/\/salumitalia.it\/de\/\"},{\"@type\":\"ListItem\",\"position\":2,\"name\":\"NOTIFICATO ALLA COMMISSIONE EUROPEA LO SCHEMA DEL NUOVO \u00abDECRETO SALUMI\u00bb\"}]},{\"@type\":\"WebSite\",\"@id\":\"https:\/\/salumitalia.it\/#website\",\"url\":\"https:\/\/salumitalia.it\/\",\"name\":\"Salumi Italia\",\"description\":\"\",\"potentialAction\":[{\"@type\":\"SearchAction\",\"target\":{\"@type\":\"EntryPoint\",\"urlTemplate\":\"https:\/\/salumitalia.it\/?s={search_term_string}\"},\"query-input\":{\"@type\":\"PropertyValueSpecification\",\"valueRequired\":true,\"valueName\":\"search_term_string\"}}],\"inLanguage\":\"de-DE\"},{\"@type\":\"Person\",\"@id\":\"https:\/\/salumitalia.it\/#\/schema\/person\/97fc7518eb94af827f7984af0598ae06\",\"name\":\"Stefano Parisi\",\"image\":{\"@type\":\"ImageObject\",\"inLanguage\":\"de-DE\",\"@id\":\"https:\/\/salumitalia.it\/#\/schema\/person\/image\/\",\"url\":\"https:\/\/secure.gravatar.com\/avatar\/8d04f5816680fb9894ef6d8bd1dda235bb15aaa30080ccd649226c646a556a0a?s=96&d=mm&r=g\",\"contentUrl\":\"https:\/\/secure.gravatar.com\/avatar\/8d04f5816680fb9894ef6d8bd1dda235bb15aaa30080ccd649226c646a556a0a?s=96&d=mm&r=g\",\"caption\":\"Stefano Parisi\"},\"url\":\"https:\/\/salumitalia.it\/de\/author\/parisiassica-it\/\"}]}<\/script>\n<!-- \/ Yoast SEO plugin. -->","yoast_head_json":{"title":"Salumi Italia - NOTIFICATO ALLA COMMISSIONE EUROPEA LO SCHEMA DEL NUOVO \u00abDECRETO SALUMI\u00bb","robots":{"index":"index","follow":"follow","max-snippet":"max-snippet:-1","max-image-preview":"max-image-preview:large","max-video-preview":"max-video-preview:-1"},"canonical":"https:\/\/salumitalia.it\/news\/notificato-alla-commissione-europea-lo-schema-del-nuovo-decreto-salumi\/","og_locale":"de_DE","og_type":"article","og_title":"Salumi Italia - NOTIFICATO ALLA COMMISSIONE EUROPEA LO SCHEMA DEL NUOVO \u00abDECRETO SALUMI\u00bb","og_description":"A quasi 20 anni dall\u2019adozione del decreto 21 settembre 2005 \u00abDisciplina della produzione e della vendita di taluni prodotti di salumeria\u00bb nuovo importante capitolo nell\u2019evoluzione normativa nazionale relativa alla disciplina [&hellip;]","og_url":"https:\/\/salumitalia.it\/news\/notificato-alla-commissione-europea-lo-schema-del-nuovo-decreto-salumi\/","og_site_name":"Salumi Italia","article_published_time":"2024-02-28T11:45:05+00:00","article_modified_time":"2024-02-29T13:56:20+00:00","og_image":[{"width":1181,"height":1181,"url":"https:\/\/salumitalia.it\/wp-content\/uploads\/2024\/02\/DECRETO-SALUMI-1.jpg","type":"image\/jpeg"}],"author":"Stefano Parisi","twitter_card":"summary_large_image","twitter_misc":{"Written by":"Stefano Parisi","Est. reading time":"5 minutes"},"schema":{"@context":"https:\/\/schema.org","@graph":[{"@type":"WebPage","@id":"https:\/\/salumitalia.it\/news\/notificato-alla-commissione-europea-lo-schema-del-nuovo-decreto-salumi\/","url":"https:\/\/salumitalia.it\/news\/notificato-alla-commissione-europea-lo-schema-del-nuovo-decreto-salumi\/","name":"Salumi Italia - NOTIFICATO ALLA COMMISSIONE EUROPEA LO SCHEMA DEL NUOVO \u00abDECRETO SALUMI\u00bb","isPartOf":{"@id":"https:\/\/salumitalia.it\/#website"},"primaryImageOfPage":{"@id":"https:\/\/salumitalia.it\/news\/notificato-alla-commissione-europea-lo-schema-del-nuovo-decreto-salumi\/#primaryimage"},"image":{"@id":"https:\/\/salumitalia.it\/news\/notificato-alla-commissione-europea-lo-schema-del-nuovo-decreto-salumi\/#primaryimage"},"thumbnailUrl":"https:\/\/salumitalia.it\/wp-content\/uploads\/2024\/02\/DECRETO-SALUMI-1.jpg","datePublished":"2024-02-28T11:45:05+00:00","dateModified":"2024-02-29T13:56:20+00:00","author":{"@id":"https:\/\/salumitalia.it\/#\/schema\/person\/97fc7518eb94af827f7984af0598ae06"},"breadcrumb":{"@id":"https:\/\/salumitalia.it\/news\/notificato-alla-commissione-europea-lo-schema-del-nuovo-decreto-salumi\/#breadcrumb"},"inLanguage":"de-DE","potentialAction":[{"@type":"ReadAction","target":["https:\/\/salumitalia.it\/news\/notificato-alla-commissione-europea-lo-schema-del-nuovo-decreto-salumi\/"]}]},{"@type":"ImageObject","inLanguage":"de-DE","@id":"https:\/\/salumitalia.it\/news\/notificato-alla-commissione-europea-lo-schema-del-nuovo-decreto-salumi\/#primaryimage","url":"https:\/\/salumitalia.it\/wp-content\/uploads\/2024\/02\/DECRETO-SALUMI-1.jpg","contentUrl":"https:\/\/salumitalia.it\/wp-content\/uploads\/2024\/02\/DECRETO-SALUMI-1.jpg","width":1181,"height":1181},{"@type":"BreadcrumbList","@id":"https:\/\/salumitalia.it\/news\/notificato-alla-commissione-europea-lo-schema-del-nuovo-decreto-salumi\/#breadcrumb","itemListElement":[{"@type":"ListItem","position":1,"name":"Home","item":"https:\/\/salumitalia.it\/de\/"},{"@type":"ListItem","position":2,"name":"NOTIFICATO ALLA COMMISSIONE EUROPEA LO SCHEMA DEL NUOVO \u00abDECRETO SALUMI\u00bb"}]},{"@type":"WebSite","@id":"https:\/\/salumitalia.it\/#website","url":"https:\/\/salumitalia.it\/","name":"Salumi Italia","description":"","potentialAction":[{"@type":"SearchAction","target":{"@type":"EntryPoint","urlTemplate":"https:\/\/salumitalia.it\/?s={search_term_string}"},"query-input":{"@type":"PropertyValueSpecification","valueRequired":true,"valueName":"search_term_string"}}],"inLanguage":"de-DE"},{"@type":"Person","@id":"https:\/\/salumitalia.it\/#\/schema\/person\/97fc7518eb94af827f7984af0598ae06","name":"Stefano Parisi","image":{"@type":"ImageObject","inLanguage":"de-DE","@id":"https:\/\/salumitalia.it\/#\/schema\/person\/image\/","url":"https:\/\/secure.gravatar.com\/avatar\/8d04f5816680fb9894ef6d8bd1dda235bb15aaa30080ccd649226c646a556a0a?s=96&d=mm&r=g","contentUrl":"https:\/\/secure.gravatar.com\/avatar\/8d04f5816680fb9894ef6d8bd1dda235bb15aaa30080ccd649226c646a556a0a?s=96&d=mm&r=g","caption":"Stefano Parisi"},"url":"https:\/\/salumitalia.it\/de\/author\/parisiassica-it\/"}]}},"_links":{"self":[{"href":"https:\/\/salumitalia.it\/de\/wp-json\/wp\/v2\/posts\/4438","targetHints":{"allow":["GET"]}}],"collection":[{"href":"https:\/\/salumitalia.it\/de\/wp-json\/wp\/v2\/posts"}],"about":[{"href":"https:\/\/salumitalia.it\/de\/wp-json\/wp\/v2\/types\/post"}],"author":[{"embeddable":true,"href":"https:\/\/salumitalia.it\/de\/wp-json\/wp\/v2\/users\/5"}],"replies":[{"embeddable":true,"href":"https:\/\/salumitalia.it\/de\/wp-json\/wp\/v2\/comments?post=4438"}],"version-history":[{"count":1,"href":"https:\/\/salumitalia.it\/de\/wp-json\/wp\/v2\/posts\/4438\/revisions"}],"predecessor-version":[{"id":4443,"href":"https:\/\/salumitalia.it\/de\/wp-json\/wp\/v2\/posts\/4438\/revisions\/4443"}],"wp:featuredmedia":[{"embeddable":true,"href":"https:\/\/salumitalia.it\/de\/wp-json\/wp\/v2\/media\/4474"}],"wp:attachment":[{"href":"https:\/\/salumitalia.it\/de\/wp-json\/wp\/v2\/media?parent=4438"}],"wp:term":[{"taxonomy":"category","embeddable":true,"href":"https:\/\/salumitalia.it\/de\/wp-json\/wp\/v2\/categories?post=4438"},{"taxonomy":"post_tag","embeddable":true,"href":"https:\/\/salumitalia.it\/de\/wp-json\/wp\/v2\/tags?post=4438"}],"curies":[{"name":"wp","href":"https:\/\/api.w.org\/{rel}","templated":true}]}}