{"id":4157,"date":"2023-10-25T14:53:31","date_gmt":"2023-10-25T12:53:31","guid":{"rendered":"https:\/\/www.isitsalumi.it\/?p=4157"},"modified":"2023-10-27T13:08:52","modified_gmt":"2023-10-27T11:08:52","slug":"tutela-delle-ig-efficace-la-collaborazione-tra-isit-e-i-carabinieri-per-la-tutela-agroalimentare","status":"publish","type":"post","link":"https:\/\/salumitalia.it\/de\/news\/tutela-delle-ig-efficace-la-collaborazione-tra-isit-e-i-carabinieri-per-la-tutela-agroalimentare\/","title":{"rendered":"TUTELA DELLE IG NEI PRODOTTI COMPOSTI, ELABORATI O TRASFORMATI: EFFICACE COLLABORAZIONE FRA ISIT E I CARABINIERI PER LA TUTELA AGROALIMENTARE"},"content":{"rendered":"<p>L\u2019utilizzo delle denominazioni dei prodotti a IG in riferimento a prodotti composti, elaborati o trasformati costituisce storicamente una tematica di indubbia problematicit\u00e0, sia in ragione dei potenziali pregiudizi che possono derivare alle IG da un uso non corretto della denominazione sia a fronte di un assetto normativo, soprattutto a livello sovranazionale, generico e a limitata valenza precettiva.<br \/>\nSul tema, l\u2019ordinamento italiano rappresenta da tempo un sistema che ha compreso appieno l\u2019importanza di un presidio effettivo del fenomeno, dal punto di vista strutturale mediante la previsione di un meccanismo autorizzatorio consortile o ministeriale e, sotto il profilo operativo per il tramite delle azioni di vigilanza e controllo delle autorit\u00e0 pubbliche preposte anche in coordinamento con gli agenti vigilatori.<br \/>\nIn tal contesto, l\u2019importante attivit\u00e0 di vigilanza collettiva, svolta dall\u2019agente vigilatore di ISIT a carattere continuativo e in modo capillare sull\u2019intero territorio nazionale, ha consentito di rilevare un utilizzo non autorizzato della denominazione Speck Alto Adige IGP su un prodotto trasformato. Nel dettaglio, durante l\u2019attivit\u00e0 di vigilanza presso un punto vendita della GDO \u00e8 stato accertato come un produttore di pasta fresca avesse utilizzato, per una referenza di \u201cCanederli\u201d, la denominazione Speck Alto Adige IGP senza aver chiesto preventivamente l\u2019autorizzazione al Consorzio Tutela Speck Alto Adige &#8211; S\u00fcdtiroler Speck Consortium incaricato con decreto 4 dicembre 2003, confermato da ultimo con il decreto 13 luglio 2022.<\/p>\n<p>Come noto, la disciplina nazionale di riferimento \u00e8 costituita dalla normativa sanzionatoria di cui al d.lgs. 19 novembre 2004, n. 297 recante \u00abDisposizioni sanzionatorie in applicazione del regolamento (CEE) n. 2081\/92, relativo alla protezione delle indicazioni geografiche e delle denominazioni di origine dei prodotti agricoli e alimentari\u00bb, in cui \u00e8 previsto, all\u2019articolo 1 comma 1 che, salva l\u2019applicazione delle norme penali vigenti, chiunque impiega commercialmente in maniera diretta o indiretta una denominazione protetta e il relativo segno distintivo o marchio:<br \/>\nc) per prodotti composti, elaborati o trasformati che recano nell\u2019etichettatura, nella presentazione o nella pubblicit\u00e0, il riferimento ad una o pi\u00f9 denominazioni protette, \u00e8 sottoposto alla sanzione amministrativa pecuniaria da euro duemilacinquecento ad euro sedicimila. Non costituisce violazione di cui alla presente lettera il riferimento alla denominazione protetta:<br \/>\n1) quando gli utilizzatori del prodotto composto, elaborato o trasformato sono autorizzati dal Consorzio di tutela della denominazione protetta riconosciuto ai sensi dell\u2019articolo 53 della legge 24 aprile 1998, n. 128, come sostituito dall&#8217;articolo 14 della legge 21 dicembre 1999, n. 526, e risultano inseriti in apposito registro attivato, tenuto e aggiornato dal Consorzio stesso. In mancanza del provvedimento di riconoscimento del Consorzio la predetta autorizzazione pu\u00f2 essere concessa dal Ministero delle politiche agricole e forestali &#8211; Direzione generale per la qualit\u00e0 dei prodotti agroalimentari e la tutela del consumatore, che provvede anche alla gestione del citato registro;<br \/>\n2) o quando il riferimento alla denominazione protetta \u00e8 riportato soltanto tra gli ingredienti del prodotto confezionato che lo contiene o in cui \u00e8 elaborato o trasformato.<br \/>\nIl dettato \u00e8 in linea con gli Orientamenti della Commissione europea (2010\/C 341\/03) sull\u2019etichettatura dei prodotti alimentari che utilizzano come ingredienti prodotti a denominazione di origine protetta (DOP) o a indicazione geografica protetta (IGP) nella parte in cui consente il riferimento alla denominazione protetta nella lista degli ingredienti del prodotto. In tali raccomandazioni, aventi portata precettiva limitata, la Commissione ritiene che:<br \/>\n\u201cuna denominazione registrata come DOP o IGP pu\u00f2 essere legittimamente indicata nell\u2019elenco degli ingredienti di un prodotto alimentare.<br \/>\n2. [\u2026] una denominazione registrata come DOP o IGP possa essere menzionata all\u2019interno, o in prossimit\u00e0, della denominazione di vendita di un prodotto alimentare che incorpora prodotti che beneficiano della denominazione registrata, come pure nell\u2019etichettatura, nella presentazione e nella pubblicit\u00e0 del prodotto alimentare di cui trattasi, se sono soddisfatte le condizioni di seguito indicate.<br \/>\n\u2014 In primo luogo, il suddetto prodotto alimentare non dovrebbe contenere nessun altro \u00abingrediente comparabile\u00bb, e cio\u00e8 nessun altro ingrediente che possa sostituire completamente o parzialmente l\u2019ingrediente che beneficia di una DOP o IGP. [\u2026]<br \/>\n\u2014 Inoltre, l\u2019ingrediente dovrebbe essere utilizzato in quantit\u00e0 sufficiente per conferire una caratteristica essenziale al prodotto alimentare di cui trattasi. La Commissione non pu\u00f2 tuttavia, tenuto conto dell\u2019eterogeneit\u00e0 dei casi possibili, suggerire una percentuale minima uniformemente applicabile. [\u2026]<br \/>\n\u2014 Infine, la percentuale d\u2019incorporazione di un ingrediente che beneficia di una DOP o di un\u2019IGP dovrebbe essere idealmente indicata all&#8217;interno o in prossimit\u00e0 immediata della denominazione di vendita del prodotto alimentare di cui trattasi, o quantomeno nell\u2019elenco degli ingredienti, in riferimento diretto all\u2019ingrediente considerato.\u201d<\/p>\n<p>Dinanzi a un quadro normativo privo di dettaglio, il meccanismo italiano autorizzatorio consente una definizione concreta dei principi di derivazione unionale mediante regole (e valutazioni) adottate dai Consorzi di tutela, in linea con le fondanti funzioni di tutela e governo delle denominazioni o, in assenza dei Consorzi, dall\u2019autorit\u00e0 ministeriale. In argomento, il Ministero dell\u2019agricoltura, della sovranit\u00e0 alimentare e delle foreste ha disciplinato i \u00abCriteri per l\u2019utilizzo del riferimento ad una Denominazione d\u2019Origine Protetta o ad una Indicazione Geografica Protetta nell\u2019etichettatura, nella presentazione o nella pubblicit\u00e0 di un prodotto composto, elaborato o trasformato\u00bb. In tal modo viene stabilito un quadro dettagliato dei criteri utilizzati dal Ministero per concedere l\u2019autorizzazione, di particolare rilevanza interpretativa anche per l\u2019esercizio dell\u2019autoregolazione consortile e della conseguente potest\u00e0 autorizzatoria, con evidenti benefici in termini di omogeneit\u00e0 delle disposizioni, definizione ex ante di procedure, presupposti e adempimenti con maggiore prevedibilit\u00e0 degli esiti e, di conseguenza, prevenendo l\u2019insorgere di contenziosi anche nelle attivit\u00e0 di vigilanza.<br \/>\nE proprio le attivit\u00e0 di controllo effettuate presso un punto vendita dall\u2019agente vigilatore ISIT in relazione alla conformit\u00e0 dell\u2019utilizzo della denominazione hanno condotto all\u2019opportunit\u00e0 di procedere a una verifica congiunta con i Carabinieri per la Tutela Agroalimentare presso lo stabilimento di produzione, accertando come venisse utilizzato prodotto generico nella composizione del prodotto \u201cCanederli con Speck Sudtirol IGP\u201d. Di conseguenza sono stati posti sotto sequestro penale 126 chilogrammi di canederli con etichetta non conforme, corrispondenti a 64 cartoni.<br \/>\nGrazie alla collaborazione con il Comando dei Carabinieri per la Tutela Agroalimentare di Parma, si \u00e8 conclusa positivamente un\u2019attivit\u00e0 che ha permesso di rimuovere dal mercato un prodotto che utilizzava indebitamente una denominazione tutelata salvaguardando in tal modo anche il consumatore finale.<\/p>\n","protected":false},"excerpt":{"rendered":"<p>L\u2019utilizzo delle denominazioni dei prodotti a IG in riferimento a prodotti composti, elaborati o trasformati costituisce storicamente una tematica di indubbia problematicit\u00e0, sia in ragione dei potenziali pregiudizi che possono [&hellip;]<\/p>\n","protected":false},"author":5,"featured_media":4158,"comment_status":"closed","ping_status":"closed","sticky":false,"template":"","format":"standard","meta":{"_acf_changed":false,"footnotes":""},"categories":[1],"tags":[],"class_list":["post-4157","post","type-post","status-publish","format-standard","has-post-thumbnail","hentry","category-news"],"acf":[],"yoast_head":"<!-- This site is optimized with the Yoast SEO plugin v24.8.1 - https:\/\/yoast.com\/wordpress\/plugins\/seo\/ -->\n<title>Salumi Italia - TUTELA DELLE IG NEI PRODOTTI COMPOSTI, ELABORATI O TRASFORMATI: EFFICACE COLLABORAZIONE FRA ISIT E I CARABINIERI PER LA TUTELA AGROALIMENTARE<\/title>\n<meta name=\"robots\" content=\"index, follow, max-snippet:-1, max-image-preview:large, max-video-preview:-1\" \/>\n<link rel=\"canonical\" href=\"https:\/\/salumitalia.it\/news\/tutela-delle-ig-efficace-la-collaborazione-tra-isit-e-i-carabinieri-per-la-tutela-agroalimentare\/\" \/>\n<meta property=\"og:locale\" content=\"de_DE\" \/>\n<meta property=\"og:type\" content=\"article\" \/>\n<meta property=\"og:title\" content=\"Salumi Italia - TUTELA DELLE IG NEI PRODOTTI COMPOSTI, ELABORATI O TRASFORMATI: EFFICACE COLLABORAZIONE FRA ISIT E I CARABINIERI PER LA TUTELA AGROALIMENTARE\" \/>\n<meta property=\"og:description\" content=\"L\u2019utilizzo delle denominazioni dei prodotti a IG in riferimento a prodotti composti, elaborati o trasformati costituisce storicamente una tematica di indubbia problematicit\u00e0, sia in ragione dei potenziali pregiudizi che possono [&hellip;]\" \/>\n<meta property=\"og:url\" content=\"https:\/\/salumitalia.it\/news\/tutela-delle-ig-efficace-la-collaborazione-tra-isit-e-i-carabinieri-per-la-tutela-agroalimentare\/\" \/>\n<meta property=\"og:site_name\" content=\"Salumi Italia\" \/>\n<meta property=\"article:published_time\" content=\"2023-10-25T12:53:31+00:00\" \/>\n<meta property=\"article:modified_time\" content=\"2023-10-27T11:08:52+00:00\" \/>\n<meta property=\"og:image\" content=\"https:\/\/salumitalia.it\/wp-content\/uploads\/2023\/10\/vigilanza-2.jpg\" \/>\n\t<meta property=\"og:image:width\" content=\"1181\" \/>\n\t<meta property=\"og:image:height\" content=\"1181\" \/>\n\t<meta property=\"og:image:type\" content=\"image\/jpeg\" \/>\n<meta name=\"author\" content=\"Stefano Parisi\" \/>\n<meta name=\"twitter:card\" content=\"summary_large_image\" \/>\n<meta name=\"twitter:label1\" content=\"Written by\" \/>\n\t<meta name=\"twitter:data1\" content=\"Stefano Parisi\" \/>\n\t<meta name=\"twitter:label2\" content=\"Est. reading time\" \/>\n\t<meta name=\"twitter:data2\" content=\"6 minutes\" \/>\n<script type=\"application\/ld+json\" class=\"yoast-schema-graph\">{\"@context\":\"https:\/\/schema.org\",\"@graph\":[{\"@type\":\"WebPage\",\"@id\":\"https:\/\/salumitalia.it\/news\/tutela-delle-ig-efficace-la-collaborazione-tra-isit-e-i-carabinieri-per-la-tutela-agroalimentare\/\",\"url\":\"https:\/\/salumitalia.it\/news\/tutela-delle-ig-efficace-la-collaborazione-tra-isit-e-i-carabinieri-per-la-tutela-agroalimentare\/\",\"name\":\"Salumi Italia - TUTELA DELLE IG NEI PRODOTTI COMPOSTI, ELABORATI O TRASFORMATI: EFFICACE COLLABORAZIONE FRA ISIT E I CARABINIERI PER LA TUTELA AGROALIMENTARE\",\"isPartOf\":{\"@id\":\"https:\/\/salumitalia.it\/#website\"},\"primaryImageOfPage\":{\"@id\":\"https:\/\/salumitalia.it\/news\/tutela-delle-ig-efficace-la-collaborazione-tra-isit-e-i-carabinieri-per-la-tutela-agroalimentare\/#primaryimage\"},\"image\":{\"@id\":\"https:\/\/salumitalia.it\/news\/tutela-delle-ig-efficace-la-collaborazione-tra-isit-e-i-carabinieri-per-la-tutela-agroalimentare\/#primaryimage\"},\"thumbnailUrl\":\"https:\/\/salumitalia.it\/wp-content\/uploads\/2023\/10\/vigilanza-2.jpg\",\"datePublished\":\"2023-10-25T12:53:31+00:00\",\"dateModified\":\"2023-10-27T11:08:52+00:00\",\"author\":{\"@id\":\"https:\/\/salumitalia.it\/#\/schema\/person\/97fc7518eb94af827f7984af0598ae06\"},\"breadcrumb\":{\"@id\":\"https:\/\/salumitalia.it\/news\/tutela-delle-ig-efficace-la-collaborazione-tra-isit-e-i-carabinieri-per-la-tutela-agroalimentare\/#breadcrumb\"},\"inLanguage\":\"de-DE\",\"potentialAction\":[{\"@type\":\"ReadAction\",\"target\":[\"https:\/\/salumitalia.it\/news\/tutela-delle-ig-efficace-la-collaborazione-tra-isit-e-i-carabinieri-per-la-tutela-agroalimentare\/\"]}]},{\"@type\":\"ImageObject\",\"inLanguage\":\"de-DE\",\"@id\":\"https:\/\/salumitalia.it\/news\/tutela-delle-ig-efficace-la-collaborazione-tra-isit-e-i-carabinieri-per-la-tutela-agroalimentare\/#primaryimage\",\"url\":\"https:\/\/salumitalia.it\/wp-content\/uploads\/2023\/10\/vigilanza-2.jpg\",\"contentUrl\":\"https:\/\/salumitalia.it\/wp-content\/uploads\/2023\/10\/vigilanza-2.jpg\",\"width\":1181,\"height\":1181},{\"@type\":\"BreadcrumbList\",\"@id\":\"https:\/\/salumitalia.it\/news\/tutela-delle-ig-efficace-la-collaborazione-tra-isit-e-i-carabinieri-per-la-tutela-agroalimentare\/#breadcrumb\",\"itemListElement\":[{\"@type\":\"ListItem\",\"position\":1,\"name\":\"Home\",\"item\":\"https:\/\/salumitalia.it\/de\/\"},{\"@type\":\"ListItem\",\"position\":2,\"name\":\"TUTELA DELLE IG NEI PRODOTTI COMPOSTI, ELABORATI O TRASFORMATI: EFFICACE COLLABORAZIONE FRA ISIT E I CARABINIERI PER LA TUTELA AGROALIMENTARE\"}]},{\"@type\":\"WebSite\",\"@id\":\"https:\/\/salumitalia.it\/#website\",\"url\":\"https:\/\/salumitalia.it\/\",\"name\":\"Salumi Italia\",\"description\":\"\",\"potentialAction\":[{\"@type\":\"SearchAction\",\"target\":{\"@type\":\"EntryPoint\",\"urlTemplate\":\"https:\/\/salumitalia.it\/?s={search_term_string}\"},\"query-input\":{\"@type\":\"PropertyValueSpecification\",\"valueRequired\":true,\"valueName\":\"search_term_string\"}}],\"inLanguage\":\"de-DE\"},{\"@type\":\"Person\",\"@id\":\"https:\/\/salumitalia.it\/#\/schema\/person\/97fc7518eb94af827f7984af0598ae06\",\"name\":\"Stefano Parisi\",\"image\":{\"@type\":\"ImageObject\",\"inLanguage\":\"de-DE\",\"@id\":\"https:\/\/salumitalia.it\/#\/schema\/person\/image\/\",\"url\":\"https:\/\/secure.gravatar.com\/avatar\/8d04f5816680fb9894ef6d8bd1dda235bb15aaa30080ccd649226c646a556a0a?s=96&d=mm&r=g\",\"contentUrl\":\"https:\/\/secure.gravatar.com\/avatar\/8d04f5816680fb9894ef6d8bd1dda235bb15aaa30080ccd649226c646a556a0a?s=96&d=mm&r=g\",\"caption\":\"Stefano Parisi\"},\"url\":\"https:\/\/salumitalia.it\/de\/author\/parisiassica-it\/\"}]}<\/script>\n<!-- \/ Yoast SEO plugin. -->","yoast_head_json":{"title":"Salumi Italia - TUTELA DELLE IG NEI PRODOTTI COMPOSTI, ELABORATI O TRASFORMATI: EFFICACE COLLABORAZIONE FRA ISIT E I CARABINIERI PER LA TUTELA AGROALIMENTARE","robots":{"index":"index","follow":"follow","max-snippet":"max-snippet:-1","max-image-preview":"max-image-preview:large","max-video-preview":"max-video-preview:-1"},"canonical":"https:\/\/salumitalia.it\/news\/tutela-delle-ig-efficace-la-collaborazione-tra-isit-e-i-carabinieri-per-la-tutela-agroalimentare\/","og_locale":"de_DE","og_type":"article","og_title":"Salumi Italia - TUTELA DELLE IG NEI PRODOTTI COMPOSTI, ELABORATI O TRASFORMATI: EFFICACE COLLABORAZIONE FRA ISIT E I CARABINIERI PER LA TUTELA AGROALIMENTARE","og_description":"L\u2019utilizzo delle denominazioni dei prodotti a IG in riferimento a prodotti composti, elaborati o trasformati costituisce storicamente una tematica di indubbia problematicit\u00e0, sia in ragione dei potenziali pregiudizi che possono [&hellip;]","og_url":"https:\/\/salumitalia.it\/news\/tutela-delle-ig-efficace-la-collaborazione-tra-isit-e-i-carabinieri-per-la-tutela-agroalimentare\/","og_site_name":"Salumi Italia","article_published_time":"2023-10-25T12:53:31+00:00","article_modified_time":"2023-10-27T11:08:52+00:00","og_image":[{"width":1181,"height":1181,"url":"https:\/\/salumitalia.it\/wp-content\/uploads\/2023\/10\/vigilanza-2.jpg","type":"image\/jpeg"}],"author":"Stefano Parisi","twitter_card":"summary_large_image","twitter_misc":{"Written by":"Stefano Parisi","Est. reading time":"6 minutes"},"schema":{"@context":"https:\/\/schema.org","@graph":[{"@type":"WebPage","@id":"https:\/\/salumitalia.it\/news\/tutela-delle-ig-efficace-la-collaborazione-tra-isit-e-i-carabinieri-per-la-tutela-agroalimentare\/","url":"https:\/\/salumitalia.it\/news\/tutela-delle-ig-efficace-la-collaborazione-tra-isit-e-i-carabinieri-per-la-tutela-agroalimentare\/","name":"Salumi Italia - TUTELA DELLE IG NEI PRODOTTI COMPOSTI, ELABORATI O TRASFORMATI: EFFICACE COLLABORAZIONE FRA ISIT E I CARABINIERI PER LA TUTELA AGROALIMENTARE","isPartOf":{"@id":"https:\/\/salumitalia.it\/#website"},"primaryImageOfPage":{"@id":"https:\/\/salumitalia.it\/news\/tutela-delle-ig-efficace-la-collaborazione-tra-isit-e-i-carabinieri-per-la-tutela-agroalimentare\/#primaryimage"},"image":{"@id":"https:\/\/salumitalia.it\/news\/tutela-delle-ig-efficace-la-collaborazione-tra-isit-e-i-carabinieri-per-la-tutela-agroalimentare\/#primaryimage"},"thumbnailUrl":"https:\/\/salumitalia.it\/wp-content\/uploads\/2023\/10\/vigilanza-2.jpg","datePublished":"2023-10-25T12:53:31+00:00","dateModified":"2023-10-27T11:08:52+00:00","author":{"@id":"https:\/\/salumitalia.it\/#\/schema\/person\/97fc7518eb94af827f7984af0598ae06"},"breadcrumb":{"@id":"https:\/\/salumitalia.it\/news\/tutela-delle-ig-efficace-la-collaborazione-tra-isit-e-i-carabinieri-per-la-tutela-agroalimentare\/#breadcrumb"},"inLanguage":"de-DE","potentialAction":[{"@type":"ReadAction","target":["https:\/\/salumitalia.it\/news\/tutela-delle-ig-efficace-la-collaborazione-tra-isit-e-i-carabinieri-per-la-tutela-agroalimentare\/"]}]},{"@type":"ImageObject","inLanguage":"de-DE","@id":"https:\/\/salumitalia.it\/news\/tutela-delle-ig-efficace-la-collaborazione-tra-isit-e-i-carabinieri-per-la-tutela-agroalimentare\/#primaryimage","url":"https:\/\/salumitalia.it\/wp-content\/uploads\/2023\/10\/vigilanza-2.jpg","contentUrl":"https:\/\/salumitalia.it\/wp-content\/uploads\/2023\/10\/vigilanza-2.jpg","width":1181,"height":1181},{"@type":"BreadcrumbList","@id":"https:\/\/salumitalia.it\/news\/tutela-delle-ig-efficace-la-collaborazione-tra-isit-e-i-carabinieri-per-la-tutela-agroalimentare\/#breadcrumb","itemListElement":[{"@type":"ListItem","position":1,"name":"Home","item":"https:\/\/salumitalia.it\/de\/"},{"@type":"ListItem","position":2,"name":"TUTELA DELLE IG NEI PRODOTTI COMPOSTI, ELABORATI O TRASFORMATI: EFFICACE COLLABORAZIONE FRA ISIT E I CARABINIERI PER LA TUTELA AGROALIMENTARE"}]},{"@type":"WebSite","@id":"https:\/\/salumitalia.it\/#website","url":"https:\/\/salumitalia.it\/","name":"Salumi Italia","description":"","potentialAction":[{"@type":"SearchAction","target":{"@type":"EntryPoint","urlTemplate":"https:\/\/salumitalia.it\/?s={search_term_string}"},"query-input":{"@type":"PropertyValueSpecification","valueRequired":true,"valueName":"search_term_string"}}],"inLanguage":"de-DE"},{"@type":"Person","@id":"https:\/\/salumitalia.it\/#\/schema\/person\/97fc7518eb94af827f7984af0598ae06","name":"Stefano Parisi","image":{"@type":"ImageObject","inLanguage":"de-DE","@id":"https:\/\/salumitalia.it\/#\/schema\/person\/image\/","url":"https:\/\/secure.gravatar.com\/avatar\/8d04f5816680fb9894ef6d8bd1dda235bb15aaa30080ccd649226c646a556a0a?s=96&d=mm&r=g","contentUrl":"https:\/\/secure.gravatar.com\/avatar\/8d04f5816680fb9894ef6d8bd1dda235bb15aaa30080ccd649226c646a556a0a?s=96&d=mm&r=g","caption":"Stefano Parisi"},"url":"https:\/\/salumitalia.it\/de\/author\/parisiassica-it\/"}]}},"_links":{"self":[{"href":"https:\/\/salumitalia.it\/de\/wp-json\/wp\/v2\/posts\/4157","targetHints":{"allow":["GET"]}}],"collection":[{"href":"https:\/\/salumitalia.it\/de\/wp-json\/wp\/v2\/posts"}],"about":[{"href":"https:\/\/salumitalia.it\/de\/wp-json\/wp\/v2\/types\/post"}],"author":[{"embeddable":true,"href":"https:\/\/salumitalia.it\/de\/wp-json\/wp\/v2\/users\/5"}],"replies":[{"embeddable":true,"href":"https:\/\/salumitalia.it\/de\/wp-json\/wp\/v2\/comments?post=4157"}],"version-history":[{"count":3,"href":"https:\/\/salumitalia.it\/de\/wp-json\/wp\/v2\/posts\/4157\/revisions"}],"predecessor-version":[{"id":4195,"href":"https:\/\/salumitalia.it\/de\/wp-json\/wp\/v2\/posts\/4157\/revisions\/4195"}],"wp:featuredmedia":[{"embeddable":true,"href":"https:\/\/salumitalia.it\/de\/wp-json\/wp\/v2\/media\/4158"}],"wp:attachment":[{"href":"https:\/\/salumitalia.it\/de\/wp-json\/wp\/v2\/media?parent=4157"}],"wp:term":[{"taxonomy":"category","embeddable":true,"href":"https:\/\/salumitalia.it\/de\/wp-json\/wp\/v2\/categories?post=4157"},{"taxonomy":"post_tag","embeddable":true,"href":"https:\/\/salumitalia.it\/de\/wp-json\/wp\/v2\/tags?post=4157"}],"curies":[{"name":"wp","href":"https:\/\/api.w.org\/{rel}","templated":true}]}}