{"id":4149,"date":"2023-10-05T14:17:17","date_gmt":"2023-10-05T12:17:17","guid":{"rendered":"https:\/\/www.isitsalumi.it\/?p=4149"},"modified":"2023-10-26T16:20:28","modified_gmt":"2023-10-26T14:20:28","slug":"il-direttore-isit-rieletto-nel-comitato-esecutivo-o-di-origin","status":"publish","type":"post","link":"https:\/\/salumitalia.it\/de\/news\/il-direttore-isit-rieletto-nel-comitato-esecutivo-o-di-origin\/","title":{"rendered":"ISIT RIELETTO NEL COMITATO ESECUTIVO DI ORIGIN INTERNATIONAL"},"content":{"rendered":"<p>In occasione del Biennial Meeting 2023 di oriGIn, il Direttore di ISIT, Gianluigi Ligasacchi, \u00e8 stato riconfermato membro del Comitato Esecutivo di oriGIn International.<br \/>\n&#8220;Sono onorato &#8211; dichiara il Direttore &#8211; di questa riconferma. E&#8217; per me il terzo mandato nel comitato esecutivo di oriGIn International, associazione cresciuta molto in questi anni, tanto da arrivare ad associare oggi oltre 500 associazioni di prodotti ad Indicazione Geografica di tutto il mondo.<br \/>\nCredo sia di grande importanza &#8211; continua Ligasacchi &#8211; che i salumi italiani DOP e IGP abbiano una rappresentanza diretta in questa associazione internazionale. Il nostro settore, oltre ad avere una tradizione e una reputazione riconosciuta in tutto il mondo, ha senza dubbio peculiarit\u00e0 uniche. In un mondo sempre pi\u00f9 globale, la condivisione di esperienze e la comunanza di obiettivi diventano sempre pi\u00f9 azioni strategiche per la valorizzazione e lo sviluppo del virtuoso comparto delle Indicazioni Geografiche&#8221;<\/p>\n","protected":false},"excerpt":{"rendered":"<p>In occasione del Biennial Meeting 2023 di oriGIn, il Direttore di ISIT, Gianluigi Ligasacchi, \u00e8 stato riconfermato membro del Comitato Esecutivo di oriGIn International. &#8220;Sono onorato &#8211; dichiara il Direttore [&hellip;]<\/p>\n","protected":false},"author":5,"featured_media":4150,"comment_status":"closed","ping_status":"closed","sticky":false,"template":"","format":"standard","meta":{"_acf_changed":false,"footnotes":""},"categories":[1],"tags":[],"class_list":["post-4149","post","type-post","status-publish","format-standard","has-post-thumbnail","hentry","category-news"],"acf":[],"yoast_head":"<!-- This site is optimized with the Yoast SEO plugin v24.8.1 - https:\/\/yoast.com\/wordpress\/plugins\/seo\/ -->\n<title>Salumi Italia - ISIT RIELETTO NEL COMITATO ESECUTIVO DI ORIGIN INTERNATIONAL<\/title>\n<meta name=\"robots\" content=\"index, follow, max-snippet:-1, max-image-preview:large, max-video-preview:-1\" \/>\n<link rel=\"canonical\" href=\"https:\/\/salumitalia.it\/news\/il-direttore-isit-rieletto-nel-comitato-esecutivo-o-di-origin\/\" \/>\n<meta property=\"og:locale\" content=\"de_DE\" \/>\n<meta property=\"og:type\" content=\"article\" \/>\n<meta property=\"og:title\" content=\"Salumi Italia - ISIT RIELETTO NEL COMITATO ESECUTIVO DI ORIGIN INTERNATIONAL\" \/>\n<meta property=\"og:description\" content=\"In occasione del Biennial Meeting 2023 di oriGIn, il Direttore di ISIT, Gianluigi Ligasacchi, \u00e8 stato riconfermato membro del Comitato Esecutivo di oriGIn International. &#8220;Sono onorato &#8211; dichiara il Direttore [&hellip;]\" \/>\n<meta property=\"og:url\" content=\"https:\/\/salumitalia.it\/news\/il-direttore-isit-rieletto-nel-comitato-esecutivo-o-di-origin\/\" \/>\n<meta property=\"og:site_name\" content=\"Salumi Italia\" \/>\n<meta property=\"article:published_time\" content=\"2023-10-05T12:17:17+00:00\" \/>\n<meta property=\"article:modified_time\" content=\"2023-10-26T14:20:28+00:00\" \/>\n<meta property=\"og:image\" content=\"https:\/\/salumitalia.it\/wp-content\/uploads\/2023\/10\/biennal-meeting.jpg\" \/>\n\t<meta property=\"og:image:width\" content=\"1181\" \/>\n\t<meta property=\"og:image:height\" content=\"1181\" \/>\n\t<meta property=\"og:image:type\" content=\"image\/jpeg\" \/>\n<meta name=\"author\" content=\"Stefano Parisi\" \/>\n<meta name=\"twitter:card\" content=\"summary_large_image\" \/>\n<meta name=\"twitter:label1\" content=\"Written by\" \/>\n\t<meta name=\"twitter:data1\" content=\"Stefano Parisi\" \/>\n\t<meta name=\"twitter:label2\" content=\"Est. reading time\" \/>\n\t<meta name=\"twitter:data2\" content=\"1 minute\" \/>\n<script type=\"application\/ld+json\" class=\"yoast-schema-graph\">{\"@context\":\"https:\/\/schema.org\",\"@graph\":[{\"@type\":\"WebPage\",\"@id\":\"https:\/\/salumitalia.it\/news\/il-direttore-isit-rieletto-nel-comitato-esecutivo-o-di-origin\/\",\"url\":\"https:\/\/salumitalia.it\/news\/il-direttore-isit-rieletto-nel-comitato-esecutivo-o-di-origin\/\",\"name\":\"Salumi Italia - ISIT RIELETTO NEL COMITATO ESECUTIVO DI ORIGIN INTERNATIONAL\",\"isPartOf\":{\"@id\":\"https:\/\/salumitalia.it\/#website\"},\"primaryImageOfPage\":{\"@id\":\"https:\/\/salumitalia.it\/news\/il-direttore-isit-rieletto-nel-comitato-esecutivo-o-di-origin\/#primaryimage\"},\"image\":{\"@id\":\"https:\/\/salumitalia.it\/news\/il-direttore-isit-rieletto-nel-comitato-esecutivo-o-di-origin\/#primaryimage\"},\"thumbnailUrl\":\"https:\/\/salumitalia.it\/wp-content\/uploads\/2023\/10\/biennal-meeting.jpg\",\"datePublished\":\"2023-10-05T12:17:17+00:00\",\"dateModified\":\"2023-10-26T14:20:28+00:00\",\"author\":{\"@id\":\"https:\/\/salumitalia.it\/#\/schema\/person\/97fc7518eb94af827f7984af0598ae06\"},\"breadcrumb\":{\"@id\":\"https:\/\/salumitalia.it\/news\/il-direttore-isit-rieletto-nel-comitato-esecutivo-o-di-origin\/#breadcrumb\"},\"inLanguage\":\"de-DE\",\"potentialAction\":[{\"@type\":\"ReadAction\",\"target\":[\"https:\/\/salumitalia.it\/news\/il-direttore-isit-rieletto-nel-comitato-esecutivo-o-di-origin\/\"]}]},{\"@type\":\"ImageObject\",\"inLanguage\":\"de-DE\",\"@id\":\"https:\/\/salumitalia.it\/news\/il-direttore-isit-rieletto-nel-comitato-esecutivo-o-di-origin\/#primaryimage\",\"url\":\"https:\/\/salumitalia.it\/wp-content\/uploads\/2023\/10\/biennal-meeting.jpg\",\"contentUrl\":\"https:\/\/salumitalia.it\/wp-content\/uploads\/2023\/10\/biennal-meeting.jpg\",\"width\":1181,\"height\":1181},{\"@type\":\"BreadcrumbList\",\"@id\":\"https:\/\/salumitalia.it\/news\/il-direttore-isit-rieletto-nel-comitato-esecutivo-o-di-origin\/#breadcrumb\",\"itemListElement\":[{\"@type\":\"ListItem\",\"position\":1,\"name\":\"Home\",\"item\":\"https:\/\/salumitalia.it\/de\/\"},{\"@type\":\"ListItem\",\"position\":2,\"name\":\"ISIT RIELETTO NEL COMITATO ESECUTIVO DI ORIGIN INTERNATIONAL\"}]},{\"@type\":\"WebSite\",\"@id\":\"https:\/\/salumitalia.it\/#website\",\"url\":\"https:\/\/salumitalia.it\/\",\"name\":\"Salumi Italia\",\"description\":\"\",\"potentialAction\":[{\"@type\":\"SearchAction\",\"target\":{\"@type\":\"EntryPoint\",\"urlTemplate\":\"https:\/\/salumitalia.it\/?s={search_term_string}\"},\"query-input\":{\"@type\":\"PropertyValueSpecification\",\"valueRequired\":true,\"valueName\":\"search_term_string\"}}],\"inLanguage\":\"de-DE\"},{\"@type\":\"Person\",\"@id\":\"https:\/\/salumitalia.it\/#\/schema\/person\/97fc7518eb94af827f7984af0598ae06\",\"name\":\"Stefano Parisi\",\"image\":{\"@type\":\"ImageObject\",\"inLanguage\":\"de-DE\",\"@id\":\"https:\/\/salumitalia.it\/#\/schema\/person\/image\/\",\"url\":\"https:\/\/secure.gravatar.com\/avatar\/8d04f5816680fb9894ef6d8bd1dda235bb15aaa30080ccd649226c646a556a0a?s=96&d=mm&r=g\",\"contentUrl\":\"https:\/\/secure.gravatar.com\/avatar\/8d04f5816680fb9894ef6d8bd1dda235bb15aaa30080ccd649226c646a556a0a?s=96&d=mm&r=g\",\"caption\":\"Stefano Parisi\"},\"url\":\"https:\/\/salumitalia.it\/de\/author\/parisiassica-it\/\"}]}<\/script>\n<!-- \/ Yoast SEO plugin. -->","yoast_head_json":{"title":"Salumi Italia - ISIT RIELETTO NEL COMITATO ESECUTIVO DI ORIGIN INTERNATIONAL","robots":{"index":"index","follow":"follow","max-snippet":"max-snippet:-1","max-image-preview":"max-image-preview:large","max-video-preview":"max-video-preview:-1"},"canonical":"https:\/\/salumitalia.it\/news\/il-direttore-isit-rieletto-nel-comitato-esecutivo-o-di-origin\/","og_locale":"de_DE","og_type":"article","og_title":"Salumi Italia - ISIT RIELETTO NEL COMITATO ESECUTIVO DI ORIGIN INTERNATIONAL","og_description":"In occasione del Biennial Meeting 2023 di oriGIn, il Direttore di ISIT, Gianluigi Ligasacchi, \u00e8 stato riconfermato membro del Comitato Esecutivo di oriGIn International. &#8220;Sono onorato &#8211; dichiara il Direttore [&hellip;]","og_url":"https:\/\/salumitalia.it\/news\/il-direttore-isit-rieletto-nel-comitato-esecutivo-o-di-origin\/","og_site_name":"Salumi Italia","article_published_time":"2023-10-05T12:17:17+00:00","article_modified_time":"2023-10-26T14:20:28+00:00","og_image":[{"width":1181,"height":1181,"url":"https:\/\/salumitalia.it\/wp-content\/uploads\/2023\/10\/biennal-meeting.jpg","type":"image\/jpeg"}],"author":"Stefano Parisi","twitter_card":"summary_large_image","twitter_misc":{"Written by":"Stefano Parisi","Est. reading time":"1 minute"},"schema":{"@context":"https:\/\/schema.org","@graph":[{"@type":"WebPage","@id":"https:\/\/salumitalia.it\/news\/il-direttore-isit-rieletto-nel-comitato-esecutivo-o-di-origin\/","url":"https:\/\/salumitalia.it\/news\/il-direttore-isit-rieletto-nel-comitato-esecutivo-o-di-origin\/","name":"Salumi Italia - ISIT RIELETTO NEL COMITATO ESECUTIVO DI ORIGIN INTERNATIONAL","isPartOf":{"@id":"https:\/\/salumitalia.it\/#website"},"primaryImageOfPage":{"@id":"https:\/\/salumitalia.it\/news\/il-direttore-isit-rieletto-nel-comitato-esecutivo-o-di-origin\/#primaryimage"},"image":{"@id":"https:\/\/salumitalia.it\/news\/il-direttore-isit-rieletto-nel-comitato-esecutivo-o-di-origin\/#primaryimage"},"thumbnailUrl":"https:\/\/salumitalia.it\/wp-content\/uploads\/2023\/10\/biennal-meeting.jpg","datePublished":"2023-10-05T12:17:17+00:00","dateModified":"2023-10-26T14:20:28+00:00","author":{"@id":"https:\/\/salumitalia.it\/#\/schema\/person\/97fc7518eb94af827f7984af0598ae06"},"breadcrumb":{"@id":"https:\/\/salumitalia.it\/news\/il-direttore-isit-rieletto-nel-comitato-esecutivo-o-di-origin\/#breadcrumb"},"inLanguage":"de-DE","potentialAction":[{"@type":"ReadAction","target":["https:\/\/salumitalia.it\/news\/il-direttore-isit-rieletto-nel-comitato-esecutivo-o-di-origin\/"]}]},{"@type":"ImageObject","inLanguage":"de-DE","@id":"https:\/\/salumitalia.it\/news\/il-direttore-isit-rieletto-nel-comitato-esecutivo-o-di-origin\/#primaryimage","url":"https:\/\/salumitalia.it\/wp-content\/uploads\/2023\/10\/biennal-meeting.jpg","contentUrl":"https:\/\/salumitalia.it\/wp-content\/uploads\/2023\/10\/biennal-meeting.jpg","width":1181,"height":1181},{"@type":"BreadcrumbList","@id":"https:\/\/salumitalia.it\/news\/il-direttore-isit-rieletto-nel-comitato-esecutivo-o-di-origin\/#breadcrumb","itemListElement":[{"@type":"ListItem","position":1,"name":"Home","item":"https:\/\/salumitalia.it\/de\/"},{"@type":"ListItem","position":2,"name":"ISIT RIELETTO NEL COMITATO ESECUTIVO DI ORIGIN INTERNATIONAL"}]},{"@type":"WebSite","@id":"https:\/\/salumitalia.it\/#website","url":"https:\/\/salumitalia.it\/","name":"Salumi Italia","description":"","potentialAction":[{"@type":"SearchAction","target":{"@type":"EntryPoint","urlTemplate":"https:\/\/salumitalia.it\/?s={search_term_string}"},"query-input":{"@type":"PropertyValueSpecification","valueRequired":true,"valueName":"search_term_string"}}],"inLanguage":"de-DE"},{"@type":"Person","@id":"https:\/\/salumitalia.it\/#\/schema\/person\/97fc7518eb94af827f7984af0598ae06","name":"Stefano Parisi","image":{"@type":"ImageObject","inLanguage":"de-DE","@id":"https:\/\/salumitalia.it\/#\/schema\/person\/image\/","url":"https:\/\/secure.gravatar.com\/avatar\/8d04f5816680fb9894ef6d8bd1dda235bb15aaa30080ccd649226c646a556a0a?s=96&d=mm&r=g","contentUrl":"https:\/\/secure.gravatar.com\/avatar\/8d04f5816680fb9894ef6d8bd1dda235bb15aaa30080ccd649226c646a556a0a?s=96&d=mm&r=g","caption":"Stefano Parisi"},"url":"https:\/\/salumitalia.it\/de\/author\/parisiassica-it\/"}]}},"_links":{"self":[{"href":"https:\/\/salumitalia.it\/de\/wp-json\/wp\/v2\/posts\/4149","targetHints":{"allow":["GET"]}}],"collection":[{"href":"https:\/\/salumitalia.it\/de\/wp-json\/wp\/v2\/posts"}],"about":[{"href":"https:\/\/salumitalia.it\/de\/wp-json\/wp\/v2\/types\/post"}],"author":[{"embeddable":true,"href":"https:\/\/salumitalia.it\/de\/wp-json\/wp\/v2\/users\/5"}],"replies":[{"embeddable":true,"href":"https:\/\/salumitalia.it\/de\/wp-json\/wp\/v2\/comments?post=4149"}],"version-history":[{"count":4,"href":"https:\/\/salumitalia.it\/de\/wp-json\/wp\/v2\/posts\/4149\/revisions"}],"predecessor-version":[{"id":4189,"href":"https:\/\/salumitalia.it\/de\/wp-json\/wp\/v2\/posts\/4149\/revisions\/4189"}],"wp:featuredmedia":[{"embeddable":true,"href":"https:\/\/salumitalia.it\/de\/wp-json\/wp\/v2\/media\/4150"}],"wp:attachment":[{"href":"https:\/\/salumitalia.it\/de\/wp-json\/wp\/v2\/media?parent=4149"}],"wp:term":[{"taxonomy":"category","embeddable":true,"href":"https:\/\/salumitalia.it\/de\/wp-json\/wp\/v2\/categories?post=4149"},{"taxonomy":"post_tag","embeddable":true,"href":"https:\/\/salumitalia.it\/de\/wp-json\/wp\/v2\/tags?post=4149"}],"curies":[{"name":"wp","href":"https:\/\/api.w.org\/{rel}","templated":true}]}}